{"id":12739,"date":"2025-04-29T07:59:18","date_gmt":"2025-04-29T07:59:18","guid":{"rendered":"https:\/\/cac-cl.pt\/?p=12739"},"modified":"2025-07-17T12:34:55","modified_gmt":"2025-07-17T12:34:55","slug":"catolica-santa-casa-collaboration-protocol","status":"publish","type":"post","link":"https:\/\/cac-cl.pt\/pt\/catolica-santa-casa-collaboration-protocol\/","title":{"rendered":"Universidade Cat\u00f3lica Portuguesa and Santa Casa da Miseric\u00f3rdia de Lisboa sign cooperation protocol for interships and clinical training in the health area"},"content":{"rendered":"<p>On April 22nd, the Universidade Cat\u00f3lica Portuguesa and Santa Casa da Miseric\u00f3rdia de Lisboa signed a collaboration protocol to carry out practical teaching activities, tutorials, and curricular rotations\/internships\/clinical training for students and respective interns from the Health Academic Units.<\/p>\n\n\n\n<p>This protocol also provides for the collaboration between the two institutions in the supervision of academic studies or projects, as well as in research initiatives developed by Cat\u00f3lica taking place at the facilities of Santa Casa da Miseric\u00f3rdia de Lisboa.<\/p>\n\n\n\n<p>Santa Casa may host students and\/or interns from the Health Academic Units of Universidade Cat\u00f3lica and also participate in research projects.<\/p>\n\n\n\n<p>Present at the signing of the protocol were <strong>Isabel Capeloa Gil<\/strong>, Rector of Universidade Cat\u00f3lica Portuguesa,<strong> Ant\u00f3nio Almeida<\/strong>, Dean of the Cat\u00f3lica Medical School, <strong>Paulo Sousa<\/strong>, Provider of Santa Casa da Miseric\u00f3rdia, and <strong>Andr\u00e9 Brand\u00e3o de Almeida<\/strong>, Administrator of Santa Casa da Miseric\u00f3rdia de Lisboa responsible for the Health Directorate.<\/p>\n\n\n\n<p><strong>Know more about Santa Casa da Miseric\u00f3rdia de Lisboa:<\/strong><a href=\" https:\/\/www.scml.pt\"> https:\/\/www.scml.pt<\/a><\/p>","protected":false},"excerpt":{"rendered":"<p>On April 22nd, the Universidade Cat\u00f3lica Portuguesa and Santa Casa da Miseric\u00f3rdia de Lisboa signed a collaboration protocol to carry out practical teaching activities, tutorials, and curricular rotations\/internships\/clinical training for students and respective interns from the Health Academic Units. This protocol also provides for the collaboration between the two institutions in the supervision of academic [&hellip;]<\/p>\n","protected":false},"author":1,"featured_media":12740,"comment_status":"open","ping_status":"open","sticky":false,"template":"","format":"standard","meta":{"_acf_changed":false,"inline_featured_image":false,"footnotes":""},"categories":[134],"tags":[],"class_list":["post-12739","post","type-post","status-publish","format-standard","has-post-thumbnail","hentry","category-news"],"acf":[],"yoast_head":"<!-- This site is optimized with the Yoast SEO plugin v27.5 - https:\/\/yoast.com\/product\/yoast-seo-wordpress\/ -->\n<title>Cat\u00f3lica and Santa Casa Sign Collaboration Protocol | CAC-CL<\/title>\n<meta name=\"description\" content=\"Cat\u00f3lica and Santa Casa signed a collaboration protocol for training, internships, research, and academic supervision in the health sector.\" \/>\n<meta name=\"robots\" content=\"index, follow, max-snippet:-1, max-image-preview:large, max-video-preview:-1\" \/>\n<link rel=\"canonical\" href=\"https:\/\/cac-cl.pt\/pt\/catolica-santa-casa-collaboration-protocol\/\" \/>\n<meta property=\"og:locale\" content=\"pt_PT\" \/>\n<meta property=\"og:type\" content=\"article\" \/>\n<meta property=\"og:title\" content=\"Cat\u00f3lica and Santa Casa Sign Collaboration Protocol | CAC-CL\" \/>\n<meta property=\"og:description\" content=\"Cat\u00f3lica and Santa Casa signed a collaboration protocol for training, internships, research, and academic supervision in the health sector.\" \/>\n<meta property=\"og:url\" content=\"https:\/\/cac-cl.pt\/pt\/catolica-santa-casa-collaboration-protocol\/\" \/>\n<meta property=\"og:site_name\" content=\"Centro Acad\u00e9mico Cl\u00ednico Cat\u00f3lica Luz (CAC-CL)\" \/>\n<meta property=\"article:published_time\" content=\"2025-04-29T07:59:18+00:00\" \/>\n<meta property=\"article:modified_time\" content=\"2025-07-17T12:34:55+00:00\" \/>\n<meta property=\"og:image\" content=\"https:\/\/cac-cl.pt\/wp-content\/uploads\/2025\/04\/protocolo-catolica-2.jpg\" \/>\n\t<meta property=\"og:image:width\" content=\"1920\" \/>\n\t<meta property=\"og:image:height\" content=\"1080\" \/>\n\t<meta property=\"og:image:type\" content=\"image\/jpeg\" \/>\n<meta name=\"author\" content=\"cacclpt\" \/>\n<meta name=\"twitter:card\" content=\"summary_large_image\" \/>\n<meta name=\"twitter:label1\" content=\"Escrito por\" \/>\n\t<meta name=\"twitter:data1\" content=\"cacclpt\" \/>\n\t<meta name=\"twitter:label2\" content=\"Tempo estimado de leitura\" \/>\n\t<meta name=\"twitter:data2\" content=\"2 minutos\" \/>\n<script type=\"application\/ld+json\" class=\"yoast-schema-graph\">{\"@context\":\"https:\\\/\\\/schema.org\",\"@graph\":[{\"@type\":\"Article\",\"@id\":\"https:\\\/\\\/cac-cl.pt\\\/catolica-santa-casa-collaboration-protocol\\\/#article\",\"isPartOf\":{\"@id\":\"https:\\\/\\\/cac-cl.pt\\\/catolica-santa-casa-collaboration-protocol\\\/\"},\"author\":{\"name\":\"cacclpt\",\"@id\":\"https:\\\/\\\/cac-cl.pt\\\/#\\\/schema\\\/person\\\/c09c41364ed1103a75086a2c00052975\"},\"headline\":\"Universidade Cat\u00f3lica Portuguesa and Santa Casa da Miseric\u00f3rdia de Lisboa sign cooperation protocol for interships and clinical training in the health area\",\"datePublished\":\"2025-04-29T07:59:18+00:00\",\"dateModified\":\"2025-07-17T12:34:55+00:00\",\"mainEntityOfPage\":{\"@id\":\"https:\\\/\\\/cac-cl.pt\\\/catolica-santa-casa-collaboration-protocol\\\/\"},\"wordCount\":202,\"commentCount\":0,\"publisher\":{\"@id\":\"https:\\\/\\\/cac-cl.pt\\\/#organization\"},\"image\":{\"@id\":\"https:\\\/\\\/cac-cl.pt\\\/catolica-santa-casa-collaboration-protocol\\\/#primaryimage\"},\"thumbnailUrl\":\"https:\\\/\\\/cac-cl.pt\\\/wp-content\\\/uploads\\\/2025\\\/04\\\/protocolo-catolica-2.jpg\",\"articleSection\":[\"News\"],\"inLanguage\":\"pt-PT\",\"potentialAction\":[{\"@type\":\"CommentAction\",\"name\":\"Comment\",\"target\":[\"https:\\\/\\\/cac-cl.pt\\\/catolica-santa-casa-collaboration-protocol\\\/#respond\"]}]},{\"@type\":\"WebPage\",\"@id\":\"https:\\\/\\\/cac-cl.pt\\\/catolica-santa-casa-collaboration-protocol\\\/\",\"url\":\"https:\\\/\\\/cac-cl.pt\\\/catolica-santa-casa-collaboration-protocol\\\/\",\"name\":\"Cat\u00f3lica and Santa Casa Sign Collaboration Protocol | CAC-CL\",\"isPartOf\":{\"@id\":\"https:\\\/\\\/cac-cl.pt\\\/#website\"},\"primaryImageOfPage\":{\"@id\":\"https:\\\/\\\/cac-cl.pt\\\/catolica-santa-casa-collaboration-protocol\\\/#primaryimage\"},\"image\":{\"@id\":\"https:\\\/\\\/cac-cl.pt\\\/catolica-santa-casa-collaboration-protocol\\\/#primaryimage\"},\"thumbnailUrl\":\"https:\\\/\\\/cac-cl.pt\\\/wp-content\\\/uploads\\\/2025\\\/04\\\/protocolo-catolica-2.jpg\",\"datePublished\":\"2025-04-29T07:59:18+00:00\",\"dateModified\":\"2025-07-17T12:34:55+00:00\",\"description\":\"Cat\u00f3lica and Santa Casa signed a collaboration protocol for training, internships, research, and academic supervision in the health sector.\",\"breadcrumb\":{\"@id\":\"https:\\\/\\\/cac-cl.pt\\\/catolica-santa-casa-collaboration-protocol\\\/#breadcrumb\"},\"inLanguage\":\"pt-PT\",\"potentialAction\":[{\"@type\":\"ReadAction\",\"target\":[\"https:\\\/\\\/cac-cl.pt\\\/catolica-santa-casa-collaboration-protocol\\\/\"]}]},{\"@type\":\"ImageObject\",\"inLanguage\":\"pt-PT\",\"@id\":\"https:\\\/\\\/cac-cl.pt\\\/catolica-santa-casa-collaboration-protocol\\\/#primaryimage\",\"url\":\"https:\\\/\\\/cac-cl.pt\\\/wp-content\\\/uploads\\\/2025\\\/04\\\/protocolo-catolica-2.jpg\",\"contentUrl\":\"https:\\\/\\\/cac-cl.pt\\\/wp-content\\\/uploads\\\/2025\\\/04\\\/protocolo-catolica-2.jpg\",\"width\":1920,\"height\":1080},{\"@type\":\"BreadcrumbList\",\"@id\":\"https:\\\/\\\/cac-cl.pt\\\/catolica-santa-casa-collaboration-protocol\\\/#breadcrumb\",\"itemListElement\":[{\"@type\":\"ListItem\",\"position\":1,\"name\":\"In\u00edcio\",\"item\":\"https:\\\/\\\/cac-cl.pt\\\/\"},{\"@type\":\"ListItem\",\"position\":2,\"name\":\"Universidade Cat\u00f3lica Portuguesa and Santa Casa da Miseric\u00f3rdia de Lisboa sign cooperation protocol for interships and clinical training in the health area\"}]},{\"@type\":\"WebSite\",\"@id\":\"https:\\\/\\\/cac-cl.pt\\\/#website\",\"url\":\"https:\\\/\\\/cac-cl.pt\\\/\",\"name\":\"Centro Acad\u00e9mico Cl\u00ednico Cat\u00f3lica Luz (CAC-CL)\",\"description\":\"Centro Acad\u00e9mico Cl\u00ednico Cat\u00f3lica Luz\",\"publisher\":{\"@id\":\"https:\\\/\\\/cac-cl.pt\\\/#organization\"},\"alternateName\":\"CAC-CL\",\"potentialAction\":[{\"@type\":\"SearchAction\",\"target\":{\"@type\":\"EntryPoint\",\"urlTemplate\":\"https:\\\/\\\/cac-cl.pt\\\/?s={search_term_string}\"},\"query-input\":{\"@type\":\"PropertyValueSpecification\",\"valueRequired\":true,\"valueName\":\"search_term_string\"}}],\"inLanguage\":\"pt-PT\"},{\"@type\":\"Organization\",\"@id\":\"https:\\\/\\\/cac-cl.pt\\\/#organization\",\"name\":\"Centro Acad\u00e9mico Cl\u00ednico Cat\u00f3lica Luz (CAC-CL)\",\"alternateName\":\"CAC-CL\",\"url\":\"https:\\\/\\\/cac-cl.pt\\\/\",\"logo\":{\"@type\":\"ImageObject\",\"inLanguage\":\"pt-PT\",\"@id\":\"https:\\\/\\\/cac-cl.pt\\\/#\\\/schema\\\/logo\\\/image\\\/\",\"url\":\"https:\\\/\\\/cac-cl.pt\\\/wp-content\\\/uploads\\\/2024\\\/04\\\/cropped-CAC_Logotipo_Principal_Positivo-e1712844263631.png\",\"contentUrl\":\"https:\\\/\\\/cac-cl.pt\\\/wp-content\\\/uploads\\\/2024\\\/04\\\/cropped-CAC_Logotipo_Principal_Positivo-e1712844263631.png\",\"width\":2249,\"height\":1409,\"caption\":\"Centro Acad\u00e9mico Cl\u00ednico Cat\u00f3lica Luz (CAC-CL)\"},\"image\":{\"@id\":\"https:\\\/\\\/cac-cl.pt\\\/#\\\/schema\\\/logo\\\/image\\\/\"},\"sameAs\":[\"https:\\\/\\\/www.linkedin.com\\\/company\\\/caolica-luz-cac\\\/\",\"https:\\\/\\\/www.instagram.com\\\/caccl.pt\\\/\",\"https:\\\/\\\/pt.pinterest.com\\\/catolicaluz\\\/\"]},{\"@type\":\"Person\",\"@id\":\"https:\\\/\\\/cac-cl.pt\\\/#\\\/schema\\\/person\\\/c09c41364ed1103a75086a2c00052975\",\"name\":\"cacclpt\",\"image\":{\"@type\":\"ImageObject\",\"inLanguage\":\"pt-PT\",\"@id\":\"https:\\\/\\\/secure.gravatar.com\\\/avatar\\\/e62818874125131105711e60ec6e0aabbb8b357c5c5100eca07aa1e9a256d55d?s=96&d=mm&r=g\",\"url\":\"https:\\\/\\\/secure.gravatar.com\\\/avatar\\\/e62818874125131105711e60ec6e0aabbb8b357c5c5100eca07aa1e9a256d55d?s=96&d=mm&r=g\",\"contentUrl\":\"https:\\\/\\\/secure.gravatar.com\\\/avatar\\\/e62818874125131105711e60ec6e0aabbb8b357c5c5100eca07aa1e9a256d55d?s=96&d=mm&r=g\",\"caption\":\"cacclpt\"},\"sameAs\":[\"https:\\\/\\\/cac-cl.pt\"],\"url\":\"https:\\\/\\\/cac-cl.pt\\\/pt\\\/author\\\/cacclpt1\\\/\"}]}<\/script>\n<!-- \/ Yoast SEO plugin. -->","yoast_head_json":{"title":"Cat\u00f3lica and Santa Casa Sign Collaboration Protocol | CAC-CL","description":"Cat\u00f3lica and Santa Casa signed a collaboration protocol for training, internships, research, and academic supervision in the health sector.","robots":{"index":"index","follow":"follow","max-snippet":"max-snippet:-1","max-image-preview":"max-image-preview:large","max-video-preview":"max-video-preview:-1"},"canonical":"https:\/\/cac-cl.pt\/pt\/catolica-santa-casa-collaboration-protocol\/","og_locale":"pt_PT","og_type":"article","og_title":"Cat\u00f3lica and Santa Casa Sign Collaboration Protocol | CAC-CL","og_description":"Cat\u00f3lica and Santa Casa signed a collaboration protocol for training, internships, research, and academic supervision in the health sector.","og_url":"https:\/\/cac-cl.pt\/pt\/catolica-santa-casa-collaboration-protocol\/","og_site_name":"Centro Acad\u00e9mico Cl\u00ednico Cat\u00f3lica Luz (CAC-CL)","article_published_time":"2025-04-29T07:59:18+00:00","article_modified_time":"2025-07-17T12:34:55+00:00","og_image":[{"width":1920,"height":1080,"url":"https:\/\/cac-cl.pt\/wp-content\/uploads\/2025\/04\/protocolo-catolica-2.jpg","type":"image\/jpeg"}],"author":"cacclpt","twitter_card":"summary_large_image","twitter_misc":{"Escrito por":"cacclpt","Tempo estimado de leitura":"2 minutos"},"schema":{"@context":"https:\/\/schema.org","@graph":[{"@type":"Article","@id":"https:\/\/cac-cl.pt\/catolica-santa-casa-collaboration-protocol\/#article","isPartOf":{"@id":"https:\/\/cac-cl.pt\/catolica-santa-casa-collaboration-protocol\/"},"author":{"name":"cacclpt","@id":"https:\/\/cac-cl.pt\/#\/schema\/person\/c09c41364ed1103a75086a2c00052975"},"headline":"Universidade Cat\u00f3lica Portuguesa and Santa Casa da Miseric\u00f3rdia de Lisboa sign cooperation protocol for interships and clinical training in the health area","datePublished":"2025-04-29T07:59:18+00:00","dateModified":"2025-07-17T12:34:55+00:00","mainEntityOfPage":{"@id":"https:\/\/cac-cl.pt\/catolica-santa-casa-collaboration-protocol\/"},"wordCount":202,"commentCount":0,"publisher":{"@id":"https:\/\/cac-cl.pt\/#organization"},"image":{"@id":"https:\/\/cac-cl.pt\/catolica-santa-casa-collaboration-protocol\/#primaryimage"},"thumbnailUrl":"https:\/\/cac-cl.pt\/wp-content\/uploads\/2025\/04\/protocolo-catolica-2.jpg","articleSection":["News"],"inLanguage":"pt-PT","potentialAction":[{"@type":"CommentAction","name":"Comment","target":["https:\/\/cac-cl.pt\/catolica-santa-casa-collaboration-protocol\/#respond"]}]},{"@type":"WebPage","@id":"https:\/\/cac-cl.pt\/catolica-santa-casa-collaboration-protocol\/","url":"https:\/\/cac-cl.pt\/catolica-santa-casa-collaboration-protocol\/","name":"Cat\u00f3lica and Santa Casa Sign Collaboration Protocol | CAC-CL","isPartOf":{"@id":"https:\/\/cac-cl.pt\/#website"},"primaryImageOfPage":{"@id":"https:\/\/cac-cl.pt\/catolica-santa-casa-collaboration-protocol\/#primaryimage"},"image":{"@id":"https:\/\/cac-cl.pt\/catolica-santa-casa-collaboration-protocol\/#primaryimage"},"thumbnailUrl":"https:\/\/cac-cl.pt\/wp-content\/uploads\/2025\/04\/protocolo-catolica-2.jpg","datePublished":"2025-04-29T07:59:18+00:00","dateModified":"2025-07-17T12:34:55+00:00","description":"Cat\u00f3lica and Santa Casa signed a collaboration protocol for training, internships, research, and academic supervision in the health sector.","breadcrumb":{"@id":"https:\/\/cac-cl.pt\/catolica-santa-casa-collaboration-protocol\/#breadcrumb"},"inLanguage":"pt-PT","potentialAction":[{"@type":"ReadAction","target":["https:\/\/cac-cl.pt\/catolica-santa-casa-collaboration-protocol\/"]}]},{"@type":"ImageObject","inLanguage":"pt-PT","@id":"https:\/\/cac-cl.pt\/catolica-santa-casa-collaboration-protocol\/#primaryimage","url":"https:\/\/cac-cl.pt\/wp-content\/uploads\/2025\/04\/protocolo-catolica-2.jpg","contentUrl":"https:\/\/cac-cl.pt\/wp-content\/uploads\/2025\/04\/protocolo-catolica-2.jpg","width":1920,"height":1080},{"@type":"BreadcrumbList","@id":"https:\/\/cac-cl.pt\/catolica-santa-casa-collaboration-protocol\/#breadcrumb","itemListElement":[{"@type":"ListItem","position":1,"name":"In\u00edcio","item":"https:\/\/cac-cl.pt\/"},{"@type":"ListItem","position":2,"name":"Universidade Cat\u00f3lica Portuguesa and Santa Casa da Miseric\u00f3rdia de Lisboa sign cooperation protocol for interships and clinical training in the health area"}]},{"@type":"WebSite","@id":"https:\/\/cac-cl.pt\/#website","url":"https:\/\/cac-cl.pt\/","name":"Centro Acad\u00e9mico Cl\u00ednico Cat\u00f3lica Luz (CAC-CL)","description":"Centro Acad\u00e9mico Cl\u00ednico Cat\u00f3lica Luz","publisher":{"@id":"https:\/\/cac-cl.pt\/#organization"},"alternateName":"CAC-CL","potentialAction":[{"@type":"SearchAction","target":{"@type":"EntryPoint","urlTemplate":"https:\/\/cac-cl.pt\/?s={search_term_string}"},"query-input":{"@type":"PropertyValueSpecification","valueRequired":true,"valueName":"search_term_string"}}],"inLanguage":"pt-PT"},{"@type":"Organization","@id":"https:\/\/cac-cl.pt\/#organization","name":"Centro Acad\u00e9mico Cl\u00ednico Cat\u00f3lica Luz (CAC-CL)","alternateName":"CAC-CL","url":"https:\/\/cac-cl.pt\/","logo":{"@type":"ImageObject","inLanguage":"pt-PT","@id":"https:\/\/cac-cl.pt\/#\/schema\/logo\/image\/","url":"https:\/\/cac-cl.pt\/wp-content\/uploads\/2024\/04\/cropped-CAC_Logotipo_Principal_Positivo-e1712844263631.png","contentUrl":"https:\/\/cac-cl.pt\/wp-content\/uploads\/2024\/04\/cropped-CAC_Logotipo_Principal_Positivo-e1712844263631.png","width":2249,"height":1409,"caption":"Centro Acad\u00e9mico Cl\u00ednico Cat\u00f3lica Luz (CAC-CL)"},"image":{"@id":"https:\/\/cac-cl.pt\/#\/schema\/logo\/image\/"},"sameAs":["https:\/\/www.linkedin.com\/company\/caolica-luz-cac\/","https:\/\/www.instagram.com\/caccl.pt\/","https:\/\/pt.pinterest.com\/catolicaluz\/"]},{"@type":"Person","@id":"https:\/\/cac-cl.pt\/#\/schema\/person\/c09c41364ed1103a75086a2c00052975","name":"cacclpt","image":{"@type":"ImageObject","inLanguage":"pt-PT","@id":"https:\/\/secure.gravatar.com\/avatar\/e62818874125131105711e60ec6e0aabbb8b357c5c5100eca07aa1e9a256d55d?s=96&d=mm&r=g","url":"https:\/\/secure.gravatar.com\/avatar\/e62818874125131105711e60ec6e0aabbb8b357c5c5100eca07aa1e9a256d55d?s=96&d=mm&r=g","contentUrl":"https:\/\/secure.gravatar.com\/avatar\/e62818874125131105711e60ec6e0aabbb8b357c5c5100eca07aa1e9a256d55d?s=96&d=mm&r=g","caption":"cacclpt"},"sameAs":["https:\/\/cac-cl.pt"],"url":"https:\/\/cac-cl.pt\/pt\/author\/cacclpt1\/"}]}},"_links":{"self":[{"href":"https:\/\/cac-cl.pt\/pt\/wp-json\/wp\/v2\/posts\/12739","targetHints":{"allow":["GET"]}}],"collection":[{"href":"https:\/\/cac-cl.pt\/pt\/wp-json\/wp\/v2\/posts"}],"about":[{"href":"https:\/\/cac-cl.pt\/pt\/wp-json\/wp\/v2\/types\/post"}],"author":[{"embeddable":true,"href":"https:\/\/cac-cl.pt\/pt\/wp-json\/wp\/v2\/users\/1"}],"replies":[{"embeddable":true,"href":"https:\/\/cac-cl.pt\/pt\/wp-json\/wp\/v2\/comments?post=12739"}],"version-history":[{"count":2,"href":"https:\/\/cac-cl.pt\/pt\/wp-json\/wp\/v2\/posts\/12739\/revisions"}],"predecessor-version":[{"id":13200,"href":"https:\/\/cac-cl.pt\/pt\/wp-json\/wp\/v2\/posts\/12739\/revisions\/13200"}],"wp:featuredmedia":[{"embeddable":true,"href":"https:\/\/cac-cl.pt\/pt\/wp-json\/wp\/v2\/media\/12740"}],"wp:attachment":[{"href":"https:\/\/cac-cl.pt\/pt\/wp-json\/wp\/v2\/media?parent=12739"}],"wp:term":[{"taxonomy":"category","embeddable":true,"href":"https:\/\/cac-cl.pt\/pt\/wp-json\/wp\/v2\/categories?post=12739"},{"taxonomy":"post_tag","embeddable":true,"href":"https:\/\/cac-cl.pt\/pt\/wp-json\/wp\/v2\/tags?post=12739"}],"curies":[{"name":"wp","href":"https:\/\/api.w.org\/{rel}","templated":true}]}}