{"id":12747,"date":"2025-04-30T10:16:22","date_gmt":"2025-04-30T10:16:22","guid":{"rendered":"https:\/\/cac-cl.pt\/?p=12747"},"modified":"2025-07-17T10:41:10","modified_gmt":"2025-07-17T10:41:10","slug":"medical-education-day-catolica-medical-school","status":"publish","type":"post","link":"https:\/\/cac-cl.pt\/pt\/medical-education-day-catolica-medical-school\/","title":{"rendered":"Cat\u00f3lica Medical School and Cat\u00f3lica Luz Academic Clinical Center are promoting a meeting dedicated to Medical Education"},"content":{"rendered":"<p>For the first time, the <strong>Faculdade de Medicina da Universidade Cat\u00f3lica<\/strong> and the<a href=\"https:\/\/cac-cl.pt\/pt\/\">&nbsp;<\/a>Cat\u00f3lica Luz Clinical Academic Centre are pleased to announce the <strong>Medical Education Day<\/strong>, which will take place on <strong>May 13th, 2025<\/strong>, from 9:30 AM to 5:00 PM at the Cat\u00f3lica Medical School.<\/p>\n\n\n\n<p>We invite colleagues, professors, students, and the community involved in Medical Education, as well as members from across the Universidade Cat\u00f3lica Portuguesa, to join us on this special day.<\/p>\n\n\n\n<p>In addition to promoting reflection and discussion about the current landscape of Medical Education, the event will feature the participation of highly relevant national and international speakers in the field, who will share insights into the challenges and opportunities in Medical Education.<\/p>\n\n\n\n<p><strong><em>Yoon Soo Park, <\/em><\/strong>Director of the Department of Medical Education at the University of Illinois College of Medicine (Chicago), <strong><em>Ara Tekian<\/em><\/strong>, Director of International Programs and Associate Dean for International Education at the University of Illinois (Chicago), <strong><em>Maria Am\u00e9lia Ferreira<\/em><\/strong>, Retired Full Professor at the Faculty of Medicine of the University of Porto and <strong><em>Maria Jos\u00e9 Di\u00f3genes<\/em><\/strong>, President of the Pedagogical Council at the Faculty of Medicine of the University of Lisbon, are among the invited speakers for this event.<\/p>\n\n\n\n<p>The event is free of charge, however, advance registration is required.<\/p>\n\n\n\n<h4 class=\"wp-block-heading has-text-align-left\"><a href=\"https:\/\/fm.ucp.pt\/pt-pt\/medical-education-day-may-13\" target=\"_blank\" rel=\"noreferrer noopener\">REGISTER HERE<\/a><\/h4>\n\n\n\n<p><em><strong>It will be a remarkable day of exchanging insights on Medical Education in Portugal and around the world<\/strong>!<br><\/em><\/p>\n\n\n\n<p><\/p>","protected":false},"excerpt":{"rendered":"<p>For the first time, the Cat\u00f3lica Medical School and the&nbsp;Cat\u00f3lica Luz Clinical Academic Centre are pleased to announce the Medical Education Day, which will take place on May 13th, 2025, from 9:30 AM to 5:00 PM at the Cat\u00f3lica Medical School. We invite colleagues, professors, students, and the community involved in Medical Education, as well [&hellip;]<\/p>\n","protected":false},"author":1,"featured_media":12749,"comment_status":"open","ping_status":"open","sticky":false,"template":"","format":"standard","meta":{"_acf_changed":false,"inline_featured_image":false,"footnotes":""},"categories":[62],"tags":[],"class_list":["post-12747","post","type-post","status-publish","format-standard","has-post-thumbnail","hentry","category-events"],"acf":[],"yoast_head":"<!-- This site is optimized with the Yoast SEO plugin v27.5 - https:\/\/yoast.com\/product\/yoast-seo-wordpress\/ -->\n<title>Medical Education Day 2025 | Cat\u00f3lica Medical School &amp; CAC-CL<\/title>\n<meta name=\"description\" content=\"Join the Medical Education Day 2025 at Cat\u00f3lica Medical School &amp; CAC-CL with leading experts. Free event on May 13. Register now!\" \/>\n<meta name=\"robots\" content=\"index, follow, max-snippet:-1, max-image-preview:large, max-video-preview:-1\" \/>\n<link rel=\"canonical\" href=\"https:\/\/cac-cl.pt\/pt\/medical-education-day-catolica-medical-school\/\" \/>\n<meta property=\"og:locale\" content=\"pt_PT\" \/>\n<meta property=\"og:type\" content=\"article\" \/>\n<meta property=\"og:title\" content=\"Medical Education Day 2025 | Cat\u00f3lica Medical School &amp; CAC-CL\" \/>\n<meta property=\"og:description\" content=\"Join the Medical Education Day 2025 at Cat\u00f3lica Medical School &amp; CAC-CL with leading experts. Free event on May 13. Register now!\" \/>\n<meta property=\"og:url\" content=\"https:\/\/cac-cl.pt\/pt\/medical-education-day-catolica-medical-school\/\" \/>\n<meta property=\"og:site_name\" content=\"Centro Acad\u00e9mico Cl\u00ednico Cat\u00f3lica Luz (CAC-CL)\" \/>\n<meta property=\"article:published_time\" content=\"2025-04-30T10:16:22+00:00\" \/>\n<meta property=\"article:modified_time\" content=\"2025-07-17T10:41:10+00:00\" \/>\n<meta property=\"og:image\" content=\"https:\/\/cac-cl.pt\/wp-content\/uploads\/2025\/04\/Design-sem-nome-1.jpg\" \/>\n\t<meta property=\"og:image:width\" content=\"1920\" \/>\n\t<meta property=\"og:image:height\" content=\"1080\" \/>\n\t<meta property=\"og:image:type\" content=\"image\/jpeg\" \/>\n<meta name=\"author\" content=\"cacclpt\" \/>\n<meta name=\"twitter:card\" content=\"summary_large_image\" \/>\n<meta name=\"twitter:label1\" content=\"Escrito por\" \/>\n\t<meta name=\"twitter:data1\" content=\"cacclpt\" \/>\n\t<meta name=\"twitter:label2\" content=\"Tempo estimado de leitura\" \/>\n\t<meta name=\"twitter:data2\" content=\"2 minutos\" \/>\n<script type=\"application\/ld+json\" class=\"yoast-schema-graph\">{\"@context\":\"https:\\\/\\\/schema.org\",\"@graph\":[{\"@type\":\"Article\",\"@id\":\"https:\\\/\\\/cac-cl.pt\\\/medical-education-day-catolica-medical-school\\\/#article\",\"isPartOf\":{\"@id\":\"https:\\\/\\\/cac-cl.pt\\\/medical-education-day-catolica-medical-school\\\/\"},\"author\":{\"name\":\"cacclpt\",\"@id\":\"https:\\\/\\\/cac-cl.pt\\\/#\\\/schema\\\/person\\\/c09c41364ed1103a75086a2c00052975\"},\"headline\":\"Cat\u00f3lica Medical School and Cat\u00f3lica Luz Academic Clinical Center are promoting a meeting dedicated to Medical Education\",\"datePublished\":\"2025-04-30T10:16:22+00:00\",\"dateModified\":\"2025-07-17T10:41:10+00:00\",\"mainEntityOfPage\":{\"@id\":\"https:\\\/\\\/cac-cl.pt\\\/medical-education-day-catolica-medical-school\\\/\"},\"wordCount\":247,\"commentCount\":0,\"publisher\":{\"@id\":\"https:\\\/\\\/cac-cl.pt\\\/#organization\"},\"image\":{\"@id\":\"https:\\\/\\\/cac-cl.pt\\\/medical-education-day-catolica-medical-school\\\/#primaryimage\"},\"thumbnailUrl\":\"https:\\\/\\\/cac-cl.pt\\\/wp-content\\\/uploads\\\/2025\\\/04\\\/Design-sem-nome-1.jpg\",\"articleSection\":[\"Events\"],\"inLanguage\":\"pt-PT\",\"potentialAction\":[{\"@type\":\"CommentAction\",\"name\":\"Comment\",\"target\":[\"https:\\\/\\\/cac-cl.pt\\\/medical-education-day-catolica-medical-school\\\/#respond\"]}]},{\"@type\":\"WebPage\",\"@id\":\"https:\\\/\\\/cac-cl.pt\\\/medical-education-day-catolica-medical-school\\\/\",\"url\":\"https:\\\/\\\/cac-cl.pt\\\/medical-education-day-catolica-medical-school\\\/\",\"name\":\"Medical Education Day 2025 | Cat\u00f3lica Medical School & CAC-CL\",\"isPartOf\":{\"@id\":\"https:\\\/\\\/cac-cl.pt\\\/#website\"},\"primaryImageOfPage\":{\"@id\":\"https:\\\/\\\/cac-cl.pt\\\/medical-education-day-catolica-medical-school\\\/#primaryimage\"},\"image\":{\"@id\":\"https:\\\/\\\/cac-cl.pt\\\/medical-education-day-catolica-medical-school\\\/#primaryimage\"},\"thumbnailUrl\":\"https:\\\/\\\/cac-cl.pt\\\/wp-content\\\/uploads\\\/2025\\\/04\\\/Design-sem-nome-1.jpg\",\"datePublished\":\"2025-04-30T10:16:22+00:00\",\"dateModified\":\"2025-07-17T10:41:10+00:00\",\"description\":\"Join the Medical Education Day 2025 at Cat\u00f3lica Medical School & CAC-CL with leading experts. Free event on May 13. Register now!\",\"breadcrumb\":{\"@id\":\"https:\\\/\\\/cac-cl.pt\\\/medical-education-day-catolica-medical-school\\\/#breadcrumb\"},\"inLanguage\":\"pt-PT\",\"potentialAction\":[{\"@type\":\"ReadAction\",\"target\":[\"https:\\\/\\\/cac-cl.pt\\\/medical-education-day-catolica-medical-school\\\/\"]}]},{\"@type\":\"ImageObject\",\"inLanguage\":\"pt-PT\",\"@id\":\"https:\\\/\\\/cac-cl.pt\\\/medical-education-day-catolica-medical-school\\\/#primaryimage\",\"url\":\"https:\\\/\\\/cac-cl.pt\\\/wp-content\\\/uploads\\\/2025\\\/04\\\/Design-sem-nome-1.jpg\",\"contentUrl\":\"https:\\\/\\\/cac-cl.pt\\\/wp-content\\\/uploads\\\/2025\\\/04\\\/Design-sem-nome-1.jpg\",\"width\":1920,\"height\":1080},{\"@type\":\"BreadcrumbList\",\"@id\":\"https:\\\/\\\/cac-cl.pt\\\/medical-education-day-catolica-medical-school\\\/#breadcrumb\",\"itemListElement\":[{\"@type\":\"ListItem\",\"position\":1,\"name\":\"In\u00edcio\",\"item\":\"https:\\\/\\\/cac-cl.pt\\\/\"},{\"@type\":\"ListItem\",\"position\":2,\"name\":\"Cat\u00f3lica Medical School and Cat\u00f3lica Luz Academic Clinical Center are promoting a meeting dedicated to Medical Education\"}]},{\"@type\":\"WebSite\",\"@id\":\"https:\\\/\\\/cac-cl.pt\\\/#website\",\"url\":\"https:\\\/\\\/cac-cl.pt\\\/\",\"name\":\"Centro Acad\u00e9mico Cl\u00ednico Cat\u00f3lica Luz (CAC-CL)\",\"description\":\"Centro Acad\u00e9mico Cl\u00ednico Cat\u00f3lica Luz\",\"publisher\":{\"@id\":\"https:\\\/\\\/cac-cl.pt\\\/#organization\"},\"alternateName\":\"CAC-CL\",\"potentialAction\":[{\"@type\":\"SearchAction\",\"target\":{\"@type\":\"EntryPoint\",\"urlTemplate\":\"https:\\\/\\\/cac-cl.pt\\\/?s={search_term_string}\"},\"query-input\":{\"@type\":\"PropertyValueSpecification\",\"valueRequired\":true,\"valueName\":\"search_term_string\"}}],\"inLanguage\":\"pt-PT\"},{\"@type\":\"Organization\",\"@id\":\"https:\\\/\\\/cac-cl.pt\\\/#organization\",\"name\":\"Centro Acad\u00e9mico Cl\u00ednico Cat\u00f3lica Luz (CAC-CL)\",\"alternateName\":\"CAC-CL\",\"url\":\"https:\\\/\\\/cac-cl.pt\\\/\",\"logo\":{\"@type\":\"ImageObject\",\"inLanguage\":\"pt-PT\",\"@id\":\"https:\\\/\\\/cac-cl.pt\\\/#\\\/schema\\\/logo\\\/image\\\/\",\"url\":\"https:\\\/\\\/cac-cl.pt\\\/wp-content\\\/uploads\\\/2024\\\/04\\\/cropped-CAC_Logotipo_Principal_Positivo-e1712844263631.png\",\"contentUrl\":\"https:\\\/\\\/cac-cl.pt\\\/wp-content\\\/uploads\\\/2024\\\/04\\\/cropped-CAC_Logotipo_Principal_Positivo-e1712844263631.png\",\"width\":2249,\"height\":1409,\"caption\":\"Centro Acad\u00e9mico Cl\u00ednico Cat\u00f3lica Luz (CAC-CL)\"},\"image\":{\"@id\":\"https:\\\/\\\/cac-cl.pt\\\/#\\\/schema\\\/logo\\\/image\\\/\"},\"sameAs\":[\"https:\\\/\\\/www.linkedin.com\\\/company\\\/caolica-luz-cac\\\/\",\"https:\\\/\\\/www.instagram.com\\\/caccl.pt\\\/\",\"https:\\\/\\\/pt.pinterest.com\\\/catolicaluz\\\/\"]},{\"@type\":\"Person\",\"@id\":\"https:\\\/\\\/cac-cl.pt\\\/#\\\/schema\\\/person\\\/c09c41364ed1103a75086a2c00052975\",\"name\":\"cacclpt\",\"image\":{\"@type\":\"ImageObject\",\"inLanguage\":\"pt-PT\",\"@id\":\"https:\\\/\\\/secure.gravatar.com\\\/avatar\\\/e62818874125131105711e60ec6e0aabbb8b357c5c5100eca07aa1e9a256d55d?s=96&d=mm&r=g\",\"url\":\"https:\\\/\\\/secure.gravatar.com\\\/avatar\\\/e62818874125131105711e60ec6e0aabbb8b357c5c5100eca07aa1e9a256d55d?s=96&d=mm&r=g\",\"contentUrl\":\"https:\\\/\\\/secure.gravatar.com\\\/avatar\\\/e62818874125131105711e60ec6e0aabbb8b357c5c5100eca07aa1e9a256d55d?s=96&d=mm&r=g\",\"caption\":\"cacclpt\"},\"sameAs\":[\"https:\\\/\\\/cac-cl.pt\"],\"url\":\"https:\\\/\\\/cac-cl.pt\\\/pt\\\/author\\\/cacclpt1\\\/\"}]}<\/script>\n<!-- \/ Yoast SEO plugin. -->","yoast_head_json":{"title":"Medical Education Day 2025 | Cat\u00f3lica Medical School & CAC-CL","description":"Join the Medical Education Day 2025 at Cat\u00f3lica Medical School & CAC-CL with leading experts. Free event on May 13. Register now!","robots":{"index":"index","follow":"follow","max-snippet":"max-snippet:-1","max-image-preview":"max-image-preview:large","max-video-preview":"max-video-preview:-1"},"canonical":"https:\/\/cac-cl.pt\/pt\/medical-education-day-catolica-medical-school\/","og_locale":"pt_PT","og_type":"article","og_title":"Medical Education Day 2025 | Cat\u00f3lica Medical School & CAC-CL","og_description":"Join the Medical Education Day 2025 at Cat\u00f3lica Medical School & CAC-CL with leading experts. Free event on May 13. Register now!","og_url":"https:\/\/cac-cl.pt\/pt\/medical-education-day-catolica-medical-school\/","og_site_name":"Centro Acad\u00e9mico Cl\u00ednico Cat\u00f3lica Luz (CAC-CL)","article_published_time":"2025-04-30T10:16:22+00:00","article_modified_time":"2025-07-17T10:41:10+00:00","og_image":[{"width":1920,"height":1080,"url":"https:\/\/cac-cl.pt\/wp-content\/uploads\/2025\/04\/Design-sem-nome-1.jpg","type":"image\/jpeg"}],"author":"cacclpt","twitter_card":"summary_large_image","twitter_misc":{"Escrito por":"cacclpt","Tempo estimado de leitura":"2 minutos"},"schema":{"@context":"https:\/\/schema.org","@graph":[{"@type":"Article","@id":"https:\/\/cac-cl.pt\/medical-education-day-catolica-medical-school\/#article","isPartOf":{"@id":"https:\/\/cac-cl.pt\/medical-education-day-catolica-medical-school\/"},"author":{"name":"cacclpt","@id":"https:\/\/cac-cl.pt\/#\/schema\/person\/c09c41364ed1103a75086a2c00052975"},"headline":"Cat\u00f3lica Medical School and Cat\u00f3lica Luz Academic Clinical Center are promoting a meeting dedicated to Medical Education","datePublished":"2025-04-30T10:16:22+00:00","dateModified":"2025-07-17T10:41:10+00:00","mainEntityOfPage":{"@id":"https:\/\/cac-cl.pt\/medical-education-day-catolica-medical-school\/"},"wordCount":247,"commentCount":0,"publisher":{"@id":"https:\/\/cac-cl.pt\/#organization"},"image":{"@id":"https:\/\/cac-cl.pt\/medical-education-day-catolica-medical-school\/#primaryimage"},"thumbnailUrl":"https:\/\/cac-cl.pt\/wp-content\/uploads\/2025\/04\/Design-sem-nome-1.jpg","articleSection":["Events"],"inLanguage":"pt-PT","potentialAction":[{"@type":"CommentAction","name":"Comment","target":["https:\/\/cac-cl.pt\/medical-education-day-catolica-medical-school\/#respond"]}]},{"@type":"WebPage","@id":"https:\/\/cac-cl.pt\/medical-education-day-catolica-medical-school\/","url":"https:\/\/cac-cl.pt\/medical-education-day-catolica-medical-school\/","name":"Medical Education Day 2025 | Cat\u00f3lica Medical School & CAC-CL","isPartOf":{"@id":"https:\/\/cac-cl.pt\/#website"},"primaryImageOfPage":{"@id":"https:\/\/cac-cl.pt\/medical-education-day-catolica-medical-school\/#primaryimage"},"image":{"@id":"https:\/\/cac-cl.pt\/medical-education-day-catolica-medical-school\/#primaryimage"},"thumbnailUrl":"https:\/\/cac-cl.pt\/wp-content\/uploads\/2025\/04\/Design-sem-nome-1.jpg","datePublished":"2025-04-30T10:16:22+00:00","dateModified":"2025-07-17T10:41:10+00:00","description":"Join the Medical Education Day 2025 at Cat\u00f3lica Medical School & CAC-CL with leading experts. Free event on May 13. Register now!","breadcrumb":{"@id":"https:\/\/cac-cl.pt\/medical-education-day-catolica-medical-school\/#breadcrumb"},"inLanguage":"pt-PT","potentialAction":[{"@type":"ReadAction","target":["https:\/\/cac-cl.pt\/medical-education-day-catolica-medical-school\/"]}]},{"@type":"ImageObject","inLanguage":"pt-PT","@id":"https:\/\/cac-cl.pt\/medical-education-day-catolica-medical-school\/#primaryimage","url":"https:\/\/cac-cl.pt\/wp-content\/uploads\/2025\/04\/Design-sem-nome-1.jpg","contentUrl":"https:\/\/cac-cl.pt\/wp-content\/uploads\/2025\/04\/Design-sem-nome-1.jpg","width":1920,"height":1080},{"@type":"BreadcrumbList","@id":"https:\/\/cac-cl.pt\/medical-education-day-catolica-medical-school\/#breadcrumb","itemListElement":[{"@type":"ListItem","position":1,"name":"In\u00edcio","item":"https:\/\/cac-cl.pt\/"},{"@type":"ListItem","position":2,"name":"Cat\u00f3lica Medical School and Cat\u00f3lica Luz Academic Clinical Center are promoting a meeting dedicated to Medical Education"}]},{"@type":"WebSite","@id":"https:\/\/cac-cl.pt\/#website","url":"https:\/\/cac-cl.pt\/","name":"Centro Acad\u00e9mico Cl\u00ednico Cat\u00f3lica Luz (CAC-CL)","description":"Centro Acad\u00e9mico Cl\u00ednico Cat\u00f3lica Luz","publisher":{"@id":"https:\/\/cac-cl.pt\/#organization"},"alternateName":"CAC-CL","potentialAction":[{"@type":"SearchAction","target":{"@type":"EntryPoint","urlTemplate":"https:\/\/cac-cl.pt\/?s={search_term_string}"},"query-input":{"@type":"PropertyValueSpecification","valueRequired":true,"valueName":"search_term_string"}}],"inLanguage":"pt-PT"},{"@type":"Organization","@id":"https:\/\/cac-cl.pt\/#organization","name":"Centro Acad\u00e9mico Cl\u00ednico Cat\u00f3lica Luz (CAC-CL)","alternateName":"CAC-CL","url":"https:\/\/cac-cl.pt\/","logo":{"@type":"ImageObject","inLanguage":"pt-PT","@id":"https:\/\/cac-cl.pt\/#\/schema\/logo\/image\/","url":"https:\/\/cac-cl.pt\/wp-content\/uploads\/2024\/04\/cropped-CAC_Logotipo_Principal_Positivo-e1712844263631.png","contentUrl":"https:\/\/cac-cl.pt\/wp-content\/uploads\/2024\/04\/cropped-CAC_Logotipo_Principal_Positivo-e1712844263631.png","width":2249,"height":1409,"caption":"Centro Acad\u00e9mico Cl\u00ednico Cat\u00f3lica Luz (CAC-CL)"},"image":{"@id":"https:\/\/cac-cl.pt\/#\/schema\/logo\/image\/"},"sameAs":["https:\/\/www.linkedin.com\/company\/caolica-luz-cac\/","https:\/\/www.instagram.com\/caccl.pt\/","https:\/\/pt.pinterest.com\/catolicaluz\/"]},{"@type":"Person","@id":"https:\/\/cac-cl.pt\/#\/schema\/person\/c09c41364ed1103a75086a2c00052975","name":"cacclpt","image":{"@type":"ImageObject","inLanguage":"pt-PT","@id":"https:\/\/secure.gravatar.com\/avatar\/e62818874125131105711e60ec6e0aabbb8b357c5c5100eca07aa1e9a256d55d?s=96&d=mm&r=g","url":"https:\/\/secure.gravatar.com\/avatar\/e62818874125131105711e60ec6e0aabbb8b357c5c5100eca07aa1e9a256d55d?s=96&d=mm&r=g","contentUrl":"https:\/\/secure.gravatar.com\/avatar\/e62818874125131105711e60ec6e0aabbb8b357c5c5100eca07aa1e9a256d55d?s=96&d=mm&r=g","caption":"cacclpt"},"sameAs":["https:\/\/cac-cl.pt"],"url":"https:\/\/cac-cl.pt\/pt\/author\/cacclpt1\/"}]}},"_links":{"self":[{"href":"https:\/\/cac-cl.pt\/pt\/wp-json\/wp\/v2\/posts\/12747","targetHints":{"allow":["GET"]}}],"collection":[{"href":"https:\/\/cac-cl.pt\/pt\/wp-json\/wp\/v2\/posts"}],"about":[{"href":"https:\/\/cac-cl.pt\/pt\/wp-json\/wp\/v2\/types\/post"}],"author":[{"embeddable":true,"href":"https:\/\/cac-cl.pt\/pt\/wp-json\/wp\/v2\/users\/1"}],"replies":[{"embeddable":true,"href":"https:\/\/cac-cl.pt\/pt\/wp-json\/wp\/v2\/comments?post=12747"}],"version-history":[{"count":5,"href":"https:\/\/cac-cl.pt\/pt\/wp-json\/wp\/v2\/posts\/12747\/revisions"}],"predecessor-version":[{"id":12758,"href":"https:\/\/cac-cl.pt\/pt\/wp-json\/wp\/v2\/posts\/12747\/revisions\/12758"}],"wp:featuredmedia":[{"embeddable":true,"href":"https:\/\/cac-cl.pt\/pt\/wp-json\/wp\/v2\/media\/12749"}],"wp:attachment":[{"href":"https:\/\/cac-cl.pt\/pt\/wp-json\/wp\/v2\/media?parent=12747"}],"wp:term":[{"taxonomy":"category","embeddable":true,"href":"https:\/\/cac-cl.pt\/pt\/wp-json\/wp\/v2\/categories?post=12747"},{"taxonomy":"post_tag","embeddable":true,"href":"https:\/\/cac-cl.pt\/pt\/wp-json\/wp\/v2\/tags?post=12747"}],"curies":[{"name":"wp","href":"https:\/\/api.w.org\/{rel}","templated":true}]}}