{"id":12760,"date":"2025-05-07T09:01:23","date_gmt":"2025-05-07T09:01:23","guid":{"rendered":"https:\/\/cac-cl.pt\/?p=12760"},"modified":"2025-07-17T13:03:32","modified_gmt":"2025-07-17T13:03:32","slug":"medical-education-day-catolica-medical-school-2","status":"publish","type":"post","link":"https:\/\/cac-cl.pt\/pt\/medical-education-day-catolica-medical-school-2\/","title":{"rendered":"A reflection about Medical Education in Cat\u00f3lica Medical School"},"content":{"rendered":"<p>\ud83e\ude7a \ud835\udde0\ud835\uddf2\ud835\uddf1\ud835\uddf6\ud835\uddf0\ud835\uddee\ud835\uddf9 \ud835\uddd8\ud835\uddf1\ud835\ude02\ud835\uddf0\ud835\uddee\ud835\ude01\ud835\uddf6\ud835\uddfc\ud835\uddfb \ud835\uddd7\ud835\uddee\ud835\ude06 \ud835\uddf6\ud835\uddfb \ud835\ude01\ud835\uddf5\ud835\uddf2 \ud835\udde6\ud835\uddfd\ud835\uddfc\ud835\ude01\ud835\uddf9\ud835\uddf6\ud835\uddf4\ud835\uddf5\ud835\ude01!<\/p>\n\n\n\n<p><strong><em>The Medical Education Day at Cat\u00f3lica Medical School brought together experts to explore innovation in healthcare education and pedagogy<\/em><\/strong><\/p>\n\n\n\n<p><em>National and international experts will be at the Faculty of Medicine of the Catholic University of Portugal to discuss pedagogical innovation and medical training at the \u201cMedical Education Day\u201d event. The importance of research and scientific data in the implementation of medical education and the need for pedagogical training for higher education professors will be two of the key topics. The Medical Education Day will take place on May 13th, from 9:30 AM to 5:00 PM, in Sintra.<\/em><\/p>\n\n\n\n<p>(&#8230;.)<\/p>\n\n\n\n<p><strong>Medical Education Day at Cat\u00f3lica Medical School represents a milestone in fostering dialogue, innovation, and global best practices in medical pedagogy<\/strong>!<\/p>\n\n\n\n<p>\ud83d\udcf0 <strong>Read the full article on Medjournal<\/strong>:<a href=\"https:\/\/medjournal.pt\/2025\/05\/05\/futuro-da-educacao-medica-em-debate-na-faculdade-de-medicina-da-universidade-catolica\/\"> https:\/\/medjournal.pt\/2025\/05\/05\/futuro-da-educacao-medica-em-debate-na-faculdade-de-medicina-da-universidade-catolica\/<\/a><\/p>\n\n\n\n<p>\ud83d\udd17<strong> Know more about the event Medical Education Day:<\/strong> <a href=\"https:\/\/cac-cl.pt\/medical-education-day-2025-catolica\/\">https:\/\/cac-cl.pt\/medical-education-day-2025-catolica\/<\/a><\/p>\n\n\n\n<p><\/p>","protected":false},"excerpt":{"rendered":"<p>\ud83e\ude7a \ud835\udde0\ud835\uddf2\ud835\uddf1\ud835\uddf6\ud835\uddf0\ud835\uddee\ud835\uddf9 \ud835\uddd8\ud835\uddf1\ud835\ude02\ud835\uddf0\ud835\uddee\ud835\ude01\ud835\uddf6\ud835\uddfc\ud835\uddfb \ud835\uddd7\ud835\uddee\ud835\ude06 \ud835\uddf6\ud835\uddfb \ud835\ude01\ud835\uddf5\ud835\uddf2 \ud835\udde6\ud835\uddfd\ud835\uddfc\ud835\ude01\ud835\uddf9\ud835\uddf6\ud835\uddf4\ud835\uddf5\ud835\ude01! The Medical Education Day at Cat\u00f3lica Medical School brought together experts to explore innovation in healthcare education and pedagogy National and international experts will be at the Faculty of Medicine of the Catholic University of Portugal to discuss pedagogical innovation and medical training at the \u201cMedical Education Day\u201d [&hellip;]<\/p>\n","protected":false},"author":1,"featured_media":12761,"comment_status":"open","ping_status":"open","sticky":false,"template":"","format":"standard","meta":{"_acf_changed":false,"inline_featured_image":false,"footnotes":""},"categories":[134],"tags":[],"class_list":["post-12760","post","type-post","status-publish","format-standard","has-post-thumbnail","hentry","category-news"],"acf":[],"yoast_head":"<!-- This site is optimized with the Yoast SEO plugin v27.5 - https:\/\/yoast.com\/product\/yoast-seo-wordpress\/ -->\n<title>Medical Education Day at Cat\u00f3lica Medical School<\/title>\n<meta name=\"description\" content=\"Medical Education Day at Cat\u00f3lica Medical School united experts to explore pedagogical innovation and the role of research in shaping healthcare education.\" \/>\n<meta name=\"robots\" content=\"index, follow, max-snippet:-1, max-image-preview:large, max-video-preview:-1\" \/>\n<link rel=\"canonical\" href=\"https:\/\/cac-cl.pt\/pt\/medical-education-day-catolica-medical-school-2\/\" \/>\n<meta property=\"og:locale\" content=\"pt_PT\" \/>\n<meta property=\"og:type\" content=\"article\" \/>\n<meta property=\"og:title\" content=\"Medical Education Day at Cat\u00f3lica Medical School\" \/>\n<meta property=\"og:description\" content=\"Medical Education Day at Cat\u00f3lica Medical School united experts to explore pedagogical innovation and the role of research in shaping healthcare education.\" \/>\n<meta property=\"og:url\" content=\"https:\/\/cac-cl.pt\/pt\/medical-education-day-catolica-medical-school-2\/\" \/>\n<meta property=\"og:site_name\" content=\"Centro Acad\u00e9mico Cl\u00ednico Cat\u00f3lica Luz (CAC-CL)\" \/>\n<meta property=\"article:published_time\" content=\"2025-05-07T09:01:23+00:00\" \/>\n<meta property=\"article:modified_time\" content=\"2025-07-17T13:03:32+00:00\" \/>\n<meta property=\"og:image\" content=\"https:\/\/cac-cl.pt\/wp-content\/uploads\/2025\/05\/Design-sem-nome-2.jpg\" \/>\n\t<meta property=\"og:image:width\" content=\"1920\" \/>\n\t<meta property=\"og:image:height\" content=\"1080\" \/>\n\t<meta property=\"og:image:type\" content=\"image\/jpeg\" \/>\n<meta name=\"author\" content=\"cacclpt\" \/>\n<meta name=\"twitter:card\" content=\"summary_large_image\" \/>\n<meta name=\"twitter:label1\" content=\"Escrito por\" \/>\n\t<meta name=\"twitter:data1\" content=\"cacclpt\" \/>\n\t<meta name=\"twitter:label2\" content=\"Tempo estimado de leitura\" \/>\n\t<meta name=\"twitter:data2\" content=\"1 minuto\" \/>\n<script type=\"application\/ld+json\" class=\"yoast-schema-graph\">{\"@context\":\"https:\\\/\\\/schema.org\",\"@graph\":[{\"@type\":\"Article\",\"@id\":\"https:\\\/\\\/cac-cl.pt\\\/medical-education-day-catolica-medical-school-2\\\/#article\",\"isPartOf\":{\"@id\":\"https:\\\/\\\/cac-cl.pt\\\/medical-education-day-catolica-medical-school-2\\\/\"},\"author\":{\"name\":\"cacclpt\",\"@id\":\"https:\\\/\\\/cac-cl.pt\\\/#\\\/schema\\\/person\\\/c09c41364ed1103a75086a2c00052975\"},\"headline\":\"A reflection about Medical Education in Cat\u00f3lica Medical School\",\"datePublished\":\"2025-05-07T09:01:23+00:00\",\"dateModified\":\"2025-07-17T13:03:32+00:00\",\"mainEntityOfPage\":{\"@id\":\"https:\\\/\\\/cac-cl.pt\\\/medical-education-day-catolica-medical-school-2\\\/\"},\"wordCount\":151,\"commentCount\":0,\"publisher\":{\"@id\":\"https:\\\/\\\/cac-cl.pt\\\/#organization\"},\"image\":{\"@id\":\"https:\\\/\\\/cac-cl.pt\\\/medical-education-day-catolica-medical-school-2\\\/#primaryimage\"},\"thumbnailUrl\":\"https:\\\/\\\/cac-cl.pt\\\/wp-content\\\/uploads\\\/2025\\\/05\\\/Design-sem-nome-2.jpg\",\"articleSection\":[\"News\"],\"inLanguage\":\"pt-PT\",\"potentialAction\":[{\"@type\":\"CommentAction\",\"name\":\"Comment\",\"target\":[\"https:\\\/\\\/cac-cl.pt\\\/medical-education-day-catolica-medical-school-2\\\/#respond\"]}]},{\"@type\":\"WebPage\",\"@id\":\"https:\\\/\\\/cac-cl.pt\\\/medical-education-day-catolica-medical-school-2\\\/\",\"url\":\"https:\\\/\\\/cac-cl.pt\\\/medical-education-day-catolica-medical-school-2\\\/\",\"name\":\"Medical Education Day at Cat\u00f3lica Medical School\",\"isPartOf\":{\"@id\":\"https:\\\/\\\/cac-cl.pt\\\/#website\"},\"primaryImageOfPage\":{\"@id\":\"https:\\\/\\\/cac-cl.pt\\\/medical-education-day-catolica-medical-school-2\\\/#primaryimage\"},\"image\":{\"@id\":\"https:\\\/\\\/cac-cl.pt\\\/medical-education-day-catolica-medical-school-2\\\/#primaryimage\"},\"thumbnailUrl\":\"https:\\\/\\\/cac-cl.pt\\\/wp-content\\\/uploads\\\/2025\\\/05\\\/Design-sem-nome-2.jpg\",\"datePublished\":\"2025-05-07T09:01:23+00:00\",\"dateModified\":\"2025-07-17T13:03:32+00:00\",\"description\":\"Medical Education Day at Cat\u00f3lica Medical School united experts to explore pedagogical innovation and the role of research in shaping healthcare education.\",\"breadcrumb\":{\"@id\":\"https:\\\/\\\/cac-cl.pt\\\/medical-education-day-catolica-medical-school-2\\\/#breadcrumb\"},\"inLanguage\":\"pt-PT\",\"potentialAction\":[{\"@type\":\"ReadAction\",\"target\":[\"https:\\\/\\\/cac-cl.pt\\\/medical-education-day-catolica-medical-school-2\\\/\"]}]},{\"@type\":\"ImageObject\",\"inLanguage\":\"pt-PT\",\"@id\":\"https:\\\/\\\/cac-cl.pt\\\/medical-education-day-catolica-medical-school-2\\\/#primaryimage\",\"url\":\"https:\\\/\\\/cac-cl.pt\\\/wp-content\\\/uploads\\\/2025\\\/05\\\/Design-sem-nome-2.jpg\",\"contentUrl\":\"https:\\\/\\\/cac-cl.pt\\\/wp-content\\\/uploads\\\/2025\\\/05\\\/Design-sem-nome-2.jpg\",\"width\":1920,\"height\":1080,\"caption\":\"Medical Education Day at Cat\u00f3lica Medical School with speakers and participants\"},{\"@type\":\"BreadcrumbList\",\"@id\":\"https:\\\/\\\/cac-cl.pt\\\/medical-education-day-catolica-medical-school-2\\\/#breadcrumb\",\"itemListElement\":[{\"@type\":\"ListItem\",\"position\":1,\"name\":\"In\u00edcio\",\"item\":\"https:\\\/\\\/cac-cl.pt\\\/\"},{\"@type\":\"ListItem\",\"position\":2,\"name\":\"A reflection about Medical Education in Cat\u00f3lica Medical School\"}]},{\"@type\":\"WebSite\",\"@id\":\"https:\\\/\\\/cac-cl.pt\\\/#website\",\"url\":\"https:\\\/\\\/cac-cl.pt\\\/\",\"name\":\"Centro Acad\u00e9mico Cl\u00ednico Cat\u00f3lica Luz (CAC-CL)\",\"description\":\"Centro Acad\u00e9mico Cl\u00ednico Cat\u00f3lica Luz\",\"publisher\":{\"@id\":\"https:\\\/\\\/cac-cl.pt\\\/#organization\"},\"alternateName\":\"CAC-CL\",\"potentialAction\":[{\"@type\":\"SearchAction\",\"target\":{\"@type\":\"EntryPoint\",\"urlTemplate\":\"https:\\\/\\\/cac-cl.pt\\\/?s={search_term_string}\"},\"query-input\":{\"@type\":\"PropertyValueSpecification\",\"valueRequired\":true,\"valueName\":\"search_term_string\"}}],\"inLanguage\":\"pt-PT\"},{\"@type\":\"Organization\",\"@id\":\"https:\\\/\\\/cac-cl.pt\\\/#organization\",\"name\":\"Centro Acad\u00e9mico Cl\u00ednico Cat\u00f3lica Luz (CAC-CL)\",\"alternateName\":\"CAC-CL\",\"url\":\"https:\\\/\\\/cac-cl.pt\\\/\",\"logo\":{\"@type\":\"ImageObject\",\"inLanguage\":\"pt-PT\",\"@id\":\"https:\\\/\\\/cac-cl.pt\\\/#\\\/schema\\\/logo\\\/image\\\/\",\"url\":\"https:\\\/\\\/cac-cl.pt\\\/wp-content\\\/uploads\\\/2024\\\/04\\\/cropped-CAC_Logotipo_Principal_Positivo-e1712844263631.png\",\"contentUrl\":\"https:\\\/\\\/cac-cl.pt\\\/wp-content\\\/uploads\\\/2024\\\/04\\\/cropped-CAC_Logotipo_Principal_Positivo-e1712844263631.png\",\"width\":2249,\"height\":1409,\"caption\":\"Centro Acad\u00e9mico Cl\u00ednico Cat\u00f3lica Luz (CAC-CL)\"},\"image\":{\"@id\":\"https:\\\/\\\/cac-cl.pt\\\/#\\\/schema\\\/logo\\\/image\\\/\"},\"sameAs\":[\"https:\\\/\\\/www.linkedin.com\\\/company\\\/caolica-luz-cac\\\/\",\"https:\\\/\\\/www.instagram.com\\\/caccl.pt\\\/\",\"https:\\\/\\\/pt.pinterest.com\\\/catolicaluz\\\/\"]},{\"@type\":\"Person\",\"@id\":\"https:\\\/\\\/cac-cl.pt\\\/#\\\/schema\\\/person\\\/c09c41364ed1103a75086a2c00052975\",\"name\":\"cacclpt\",\"image\":{\"@type\":\"ImageObject\",\"inLanguage\":\"pt-PT\",\"@id\":\"https:\\\/\\\/secure.gravatar.com\\\/avatar\\\/e62818874125131105711e60ec6e0aabbb8b357c5c5100eca07aa1e9a256d55d?s=96&d=mm&r=g\",\"url\":\"https:\\\/\\\/secure.gravatar.com\\\/avatar\\\/e62818874125131105711e60ec6e0aabbb8b357c5c5100eca07aa1e9a256d55d?s=96&d=mm&r=g\",\"contentUrl\":\"https:\\\/\\\/secure.gravatar.com\\\/avatar\\\/e62818874125131105711e60ec6e0aabbb8b357c5c5100eca07aa1e9a256d55d?s=96&d=mm&r=g\",\"caption\":\"cacclpt\"},\"sameAs\":[\"https:\\\/\\\/cac-cl.pt\"],\"url\":\"https:\\\/\\\/cac-cl.pt\\\/pt\\\/author\\\/cacclpt1\\\/\"}]}<\/script>\n<!-- \/ Yoast SEO plugin. -->","yoast_head_json":{"title":"Medical Education Day at Cat\u00f3lica Medical School","description":"Medical Education Day at Cat\u00f3lica Medical School united experts to explore pedagogical innovation and the role of research in shaping healthcare education.","robots":{"index":"index","follow":"follow","max-snippet":"max-snippet:-1","max-image-preview":"max-image-preview:large","max-video-preview":"max-video-preview:-1"},"canonical":"https:\/\/cac-cl.pt\/pt\/medical-education-day-catolica-medical-school-2\/","og_locale":"pt_PT","og_type":"article","og_title":"Medical Education Day at Cat\u00f3lica Medical School","og_description":"Medical Education Day at Cat\u00f3lica Medical School united experts to explore pedagogical innovation and the role of research in shaping healthcare education.","og_url":"https:\/\/cac-cl.pt\/pt\/medical-education-day-catolica-medical-school-2\/","og_site_name":"Centro Acad\u00e9mico Cl\u00ednico Cat\u00f3lica Luz (CAC-CL)","article_published_time":"2025-05-07T09:01:23+00:00","article_modified_time":"2025-07-17T13:03:32+00:00","og_image":[{"width":1920,"height":1080,"url":"https:\/\/cac-cl.pt\/wp-content\/uploads\/2025\/05\/Design-sem-nome-2.jpg","type":"image\/jpeg"}],"author":"cacclpt","twitter_card":"summary_large_image","twitter_misc":{"Escrito por":"cacclpt","Tempo estimado de leitura":"1 minuto"},"schema":{"@context":"https:\/\/schema.org","@graph":[{"@type":"Article","@id":"https:\/\/cac-cl.pt\/medical-education-day-catolica-medical-school-2\/#article","isPartOf":{"@id":"https:\/\/cac-cl.pt\/medical-education-day-catolica-medical-school-2\/"},"author":{"name":"cacclpt","@id":"https:\/\/cac-cl.pt\/#\/schema\/person\/c09c41364ed1103a75086a2c00052975"},"headline":"A reflection about Medical Education in Cat\u00f3lica Medical School","datePublished":"2025-05-07T09:01:23+00:00","dateModified":"2025-07-17T13:03:32+00:00","mainEntityOfPage":{"@id":"https:\/\/cac-cl.pt\/medical-education-day-catolica-medical-school-2\/"},"wordCount":151,"commentCount":0,"publisher":{"@id":"https:\/\/cac-cl.pt\/#organization"},"image":{"@id":"https:\/\/cac-cl.pt\/medical-education-day-catolica-medical-school-2\/#primaryimage"},"thumbnailUrl":"https:\/\/cac-cl.pt\/wp-content\/uploads\/2025\/05\/Design-sem-nome-2.jpg","articleSection":["News"],"inLanguage":"pt-PT","potentialAction":[{"@type":"CommentAction","name":"Comment","target":["https:\/\/cac-cl.pt\/medical-education-day-catolica-medical-school-2\/#respond"]}]},{"@type":"WebPage","@id":"https:\/\/cac-cl.pt\/medical-education-day-catolica-medical-school-2\/","url":"https:\/\/cac-cl.pt\/medical-education-day-catolica-medical-school-2\/","name":"Medical Education Day at Cat\u00f3lica Medical School","isPartOf":{"@id":"https:\/\/cac-cl.pt\/#website"},"primaryImageOfPage":{"@id":"https:\/\/cac-cl.pt\/medical-education-day-catolica-medical-school-2\/#primaryimage"},"image":{"@id":"https:\/\/cac-cl.pt\/medical-education-day-catolica-medical-school-2\/#primaryimage"},"thumbnailUrl":"https:\/\/cac-cl.pt\/wp-content\/uploads\/2025\/05\/Design-sem-nome-2.jpg","datePublished":"2025-05-07T09:01:23+00:00","dateModified":"2025-07-17T13:03:32+00:00","description":"Medical Education Day at Cat\u00f3lica Medical School united experts to explore pedagogical innovation and the role of research in shaping healthcare education.","breadcrumb":{"@id":"https:\/\/cac-cl.pt\/medical-education-day-catolica-medical-school-2\/#breadcrumb"},"inLanguage":"pt-PT","potentialAction":[{"@type":"ReadAction","target":["https:\/\/cac-cl.pt\/medical-education-day-catolica-medical-school-2\/"]}]},{"@type":"ImageObject","inLanguage":"pt-PT","@id":"https:\/\/cac-cl.pt\/medical-education-day-catolica-medical-school-2\/#primaryimage","url":"https:\/\/cac-cl.pt\/wp-content\/uploads\/2025\/05\/Design-sem-nome-2.jpg","contentUrl":"https:\/\/cac-cl.pt\/wp-content\/uploads\/2025\/05\/Design-sem-nome-2.jpg","width":1920,"height":1080,"caption":"Medical Education Day at Cat\u00f3lica Medical School with speakers and participants"},{"@type":"BreadcrumbList","@id":"https:\/\/cac-cl.pt\/medical-education-day-catolica-medical-school-2\/#breadcrumb","itemListElement":[{"@type":"ListItem","position":1,"name":"In\u00edcio","item":"https:\/\/cac-cl.pt\/"},{"@type":"ListItem","position":2,"name":"A reflection about Medical Education in Cat\u00f3lica Medical School"}]},{"@type":"WebSite","@id":"https:\/\/cac-cl.pt\/#website","url":"https:\/\/cac-cl.pt\/","name":"Centro Acad\u00e9mico Cl\u00ednico Cat\u00f3lica Luz (CAC-CL)","description":"Centro Acad\u00e9mico Cl\u00ednico Cat\u00f3lica Luz","publisher":{"@id":"https:\/\/cac-cl.pt\/#organization"},"alternateName":"CAC-CL","potentialAction":[{"@type":"SearchAction","target":{"@type":"EntryPoint","urlTemplate":"https:\/\/cac-cl.pt\/?s={search_term_string}"},"query-input":{"@type":"PropertyValueSpecification","valueRequired":true,"valueName":"search_term_string"}}],"inLanguage":"pt-PT"},{"@type":"Organization","@id":"https:\/\/cac-cl.pt\/#organization","name":"Centro Acad\u00e9mico Cl\u00ednico Cat\u00f3lica Luz (CAC-CL)","alternateName":"CAC-CL","url":"https:\/\/cac-cl.pt\/","logo":{"@type":"ImageObject","inLanguage":"pt-PT","@id":"https:\/\/cac-cl.pt\/#\/schema\/logo\/image\/","url":"https:\/\/cac-cl.pt\/wp-content\/uploads\/2024\/04\/cropped-CAC_Logotipo_Principal_Positivo-e1712844263631.png","contentUrl":"https:\/\/cac-cl.pt\/wp-content\/uploads\/2024\/04\/cropped-CAC_Logotipo_Principal_Positivo-e1712844263631.png","width":2249,"height":1409,"caption":"Centro Acad\u00e9mico Cl\u00ednico Cat\u00f3lica Luz (CAC-CL)"},"image":{"@id":"https:\/\/cac-cl.pt\/#\/schema\/logo\/image\/"},"sameAs":["https:\/\/www.linkedin.com\/company\/caolica-luz-cac\/","https:\/\/www.instagram.com\/caccl.pt\/","https:\/\/pt.pinterest.com\/catolicaluz\/"]},{"@type":"Person","@id":"https:\/\/cac-cl.pt\/#\/schema\/person\/c09c41364ed1103a75086a2c00052975","name":"cacclpt","image":{"@type":"ImageObject","inLanguage":"pt-PT","@id":"https:\/\/secure.gravatar.com\/avatar\/e62818874125131105711e60ec6e0aabbb8b357c5c5100eca07aa1e9a256d55d?s=96&d=mm&r=g","url":"https:\/\/secure.gravatar.com\/avatar\/e62818874125131105711e60ec6e0aabbb8b357c5c5100eca07aa1e9a256d55d?s=96&d=mm&r=g","contentUrl":"https:\/\/secure.gravatar.com\/avatar\/e62818874125131105711e60ec6e0aabbb8b357c5c5100eca07aa1e9a256d55d?s=96&d=mm&r=g","caption":"cacclpt"},"sameAs":["https:\/\/cac-cl.pt"],"url":"https:\/\/cac-cl.pt\/pt\/author\/cacclpt1\/"}]}},"_links":{"self":[{"href":"https:\/\/cac-cl.pt\/pt\/wp-json\/wp\/v2\/posts\/12760","targetHints":{"allow":["GET"]}}],"collection":[{"href":"https:\/\/cac-cl.pt\/pt\/wp-json\/wp\/v2\/posts"}],"about":[{"href":"https:\/\/cac-cl.pt\/pt\/wp-json\/wp\/v2\/types\/post"}],"author":[{"embeddable":true,"href":"https:\/\/cac-cl.pt\/pt\/wp-json\/wp\/v2\/users\/1"}],"replies":[{"embeddable":true,"href":"https:\/\/cac-cl.pt\/pt\/wp-json\/wp\/v2\/comments?post=12760"}],"version-history":[{"count":6,"href":"https:\/\/cac-cl.pt\/pt\/wp-json\/wp\/v2\/posts\/12760\/revisions"}],"predecessor-version":[{"id":13206,"href":"https:\/\/cac-cl.pt\/pt\/wp-json\/wp\/v2\/posts\/12760\/revisions\/13206"}],"wp:featuredmedia":[{"embeddable":true,"href":"https:\/\/cac-cl.pt\/pt\/wp-json\/wp\/v2\/media\/12761"}],"wp:attachment":[{"href":"https:\/\/cac-cl.pt\/pt\/wp-json\/wp\/v2\/media?parent=12760"}],"wp:term":[{"taxonomy":"category","embeddable":true,"href":"https:\/\/cac-cl.pt\/pt\/wp-json\/wp\/v2\/categories?post=12760"},{"taxonomy":"post_tag","embeddable":true,"href":"https:\/\/cac-cl.pt\/pt\/wp-json\/wp\/v2\/tags?post=12760"}],"curies":[{"name":"wp","href":"https:\/\/api.w.org\/{rel}","templated":true}]}}