{"id":12767,"date":"2025-05-12T15:05:02","date_gmt":"2025-05-12T15:05:02","guid":{"rendered":"https:\/\/cac-cl.pt\/?p=12767"},"modified":"2025-07-17T10:39:22","modified_gmt":"2025-07-17T10:39:22","slug":"open-day-2025-catolica-medical-school","status":"publish","type":"post","link":"https:\/\/cac-cl.pt\/pt\/open-day-2025-catolica-medical-school\/","title":{"rendered":"Open Day 2025 at Cat\u00f3lica Medical School"},"content":{"rendered":"<p>A plataforma <strong>Open Day 2025 at Cat\u00f3lica Medical School<\/strong> took place on May 10th and welcomed over 200 high school students and their families for an immersive medical school experience.<\/p>\n\n\n\n<p>Throughout the day, participants had the chance to explore what it truly means to study medicine at one of Portugal\u2019s leading medical schools.<\/p>\n\n\n\n<p>From hands-on experiences in the <strong>SkillsLab, ResearchLab, and AnatomyLab<\/strong>, to engaging with our <strong>Problem-Based Learning (PBL)<\/strong> methodology, students immersed themselves in a dynamic and interactive academic environment.<\/p>\n\n\n\n<p>The event also fostered meaningful connections between future applicants and our current medical students and faculty, who were available to share insights, answer questions, and discuss life as a medical student at Cat\u00f3lica.<\/p>\n\n\n\n<p>A big thank you to everyone who joined us!<\/p>\n\n\n\n<figure class=\"wp-block-image size-large\"><img fetchpriority=\"high\" decoding=\"async\" width=\"1024\" height=\"683\" src=\"https:\/\/cac-cl.pt\/wp-content\/uploads\/2025\/05\/OpenDay25_porJoanaCesar-16-1024x683.jpg\" alt=\"\" class=\"wp-image-13179\" srcset=\"https:\/\/cac-cl.pt\/wp-content\/uploads\/2025\/05\/OpenDay25_porJoanaCesar-16-1024x683.jpg 1024w, https:\/\/cac-cl.pt\/wp-content\/uploads\/2025\/05\/OpenDay25_porJoanaCesar-16-300x200.jpg 300w, https:\/\/cac-cl.pt\/wp-content\/uploads\/2025\/05\/OpenDay25_porJoanaCesar-16-768x512.jpg 768w, https:\/\/cac-cl.pt\/wp-content\/uploads\/2025\/05\/OpenDay25_porJoanaCesar-16-1536x1024.jpg 1536w, https:\/\/cac-cl.pt\/wp-content\/uploads\/2025\/05\/OpenDay25_porJoanaCesar-16-2048x1365.jpg 2048w, https:\/\/cac-cl.pt\/wp-content\/uploads\/2025\/05\/OpenDay25_porJoanaCesar-16-18x12.jpg 18w\" sizes=\"(max-width: 1024px) 100vw, 1024px\" \/><\/figure>\n\n\n\n<p>\ud83d\udd17 <strong>Know more about:<\/strong> <a href=\"https:\/\/fm.ucp.pt\/news\/open-day-2025-catolica-medical-school-welcomes-200-future-medical-students-10806\">https:\/\/fm.ucp.pt\/news\/open-day-2025-catolica-medical-school-welcomes-200-future-medical-students-10806<\/a><\/p>\n\n\n\n<p><\/p>","protected":false},"excerpt":{"rendered":"<p>The Open Day 2025 at Cat\u00f3lica Medical School took place on May 10th and welcomed over 200 high school students and their families for an immersive medical school experience. Throughout the day, participants had the chance to explore what it truly means to study medicine at one of Portugal\u2019s leading medical schools. From hands-on experiences [&hellip;]<\/p>\n","protected":false},"author":1,"featured_media":12768,"comment_status":"open","ping_status":"open","sticky":false,"template":"","format":"standard","meta":{"_acf_changed":false,"inline_featured_image":false,"footnotes":""},"categories":[62],"tags":[],"class_list":["post-12767","post","type-post","status-publish","format-standard","has-post-thumbnail","hentry","category-events"],"acf":[],"yoast_head":"<!-- This site is optimized with the Yoast SEO plugin v27.5 - https:\/\/yoast.com\/product\/yoast-seo-wordpress\/ -->\n<title>Open Day 2025 | Cat\u00f3lica Medical School<\/title>\n<meta name=\"description\" content=\"Open Day 2025 at Cat\u00f3lica Medical School welcomed students for a hands-on experience with PBL, SkillsLab and more. Join us next year!\" \/>\n<meta name=\"robots\" content=\"index, follow, max-snippet:-1, max-image-preview:large, max-video-preview:-1\" \/>\n<link rel=\"canonical\" href=\"https:\/\/cac-cl.pt\/pt\/open-day-2025-catolica-medical-school\/\" \/>\n<meta property=\"og:locale\" content=\"pt_PT\" \/>\n<meta property=\"og:type\" content=\"article\" \/>\n<meta property=\"og:title\" content=\"Open Day 2025 | Cat\u00f3lica Medical School\" \/>\n<meta property=\"og:description\" content=\"Open Day 2025 at Cat\u00f3lica Medical School welcomed students for a hands-on experience with PBL, SkillsLab and more. Join us next year!\" \/>\n<meta property=\"og:url\" content=\"https:\/\/cac-cl.pt\/pt\/open-day-2025-catolica-medical-school\/\" \/>\n<meta property=\"og:site_name\" content=\"Centro Acad\u00e9mico Cl\u00ednico Cat\u00f3lica Luz (CAC-CL)\" \/>\n<meta property=\"article:published_time\" content=\"2025-05-12T15:05:02+00:00\" \/>\n<meta property=\"article:modified_time\" content=\"2025-07-17T10:39:22+00:00\" \/>\n<meta property=\"og:image\" content=\"https:\/\/cac-cl.pt\/wp-content\/uploads\/2025\/05\/OpenDay25_Resumo_porJoanaCesar-6-scaled.jpg\" \/>\n\t<meta property=\"og:image:width\" content=\"1707\" \/>\n\t<meta property=\"og:image:height\" content=\"2560\" \/>\n\t<meta property=\"og:image:type\" content=\"image\/jpeg\" \/>\n<meta name=\"author\" content=\"cacclpt\" \/>\n<meta name=\"twitter:card\" content=\"summary_large_image\" \/>\n<meta name=\"twitter:label1\" content=\"Escrito por\" \/>\n\t<meta name=\"twitter:data1\" content=\"cacclpt\" \/>\n\t<meta name=\"twitter:label2\" content=\"Tempo estimado de leitura\" \/>\n\t<meta name=\"twitter:data2\" content=\"1 minuto\" \/>\n<script type=\"application\/ld+json\" class=\"yoast-schema-graph\">{\"@context\":\"https:\\\/\\\/schema.org\",\"@graph\":[{\"@type\":\"Article\",\"@id\":\"https:\\\/\\\/cac-cl.pt\\\/open-day-2025-catolica-medical-school\\\/#article\",\"isPartOf\":{\"@id\":\"https:\\\/\\\/cac-cl.pt\\\/open-day-2025-catolica-medical-school\\\/\"},\"author\":{\"name\":\"cacclpt\",\"@id\":\"https:\\\/\\\/cac-cl.pt\\\/#\\\/schema\\\/person\\\/c09c41364ed1103a75086a2c00052975\"},\"headline\":\"Open Day 2025 at Cat\u00f3lica Medical School\",\"datePublished\":\"2025-05-12T15:05:02+00:00\",\"dateModified\":\"2025-07-17T10:39:22+00:00\",\"mainEntityOfPage\":{\"@id\":\"https:\\\/\\\/cac-cl.pt\\\/open-day-2025-catolica-medical-school\\\/\"},\"wordCount\":140,\"commentCount\":0,\"publisher\":{\"@id\":\"https:\\\/\\\/cac-cl.pt\\\/#organization\"},\"image\":{\"@id\":\"https:\\\/\\\/cac-cl.pt\\\/open-day-2025-catolica-medical-school\\\/#primaryimage\"},\"thumbnailUrl\":\"https:\\\/\\\/cac-cl.pt\\\/wp-content\\\/uploads\\\/2025\\\/05\\\/OpenDay25_Resumo_porJoanaCesar-6-scaled.jpg\",\"articleSection\":[\"Events\"],\"inLanguage\":\"pt-PT\",\"potentialAction\":[{\"@type\":\"CommentAction\",\"name\":\"Comment\",\"target\":[\"https:\\\/\\\/cac-cl.pt\\\/open-day-2025-catolica-medical-school\\\/#respond\"]}]},{\"@type\":\"WebPage\",\"@id\":\"https:\\\/\\\/cac-cl.pt\\\/open-day-2025-catolica-medical-school\\\/\",\"url\":\"https:\\\/\\\/cac-cl.pt\\\/open-day-2025-catolica-medical-school\\\/\",\"name\":\"Open Day 2025 | Cat\u00f3lica Medical School\",\"isPartOf\":{\"@id\":\"https:\\\/\\\/cac-cl.pt\\\/#website\"},\"primaryImageOfPage\":{\"@id\":\"https:\\\/\\\/cac-cl.pt\\\/open-day-2025-catolica-medical-school\\\/#primaryimage\"},\"image\":{\"@id\":\"https:\\\/\\\/cac-cl.pt\\\/open-day-2025-catolica-medical-school\\\/#primaryimage\"},\"thumbnailUrl\":\"https:\\\/\\\/cac-cl.pt\\\/wp-content\\\/uploads\\\/2025\\\/05\\\/OpenDay25_Resumo_porJoanaCesar-6-scaled.jpg\",\"datePublished\":\"2025-05-12T15:05:02+00:00\",\"dateModified\":\"2025-07-17T10:39:22+00:00\",\"description\":\"Open Day 2025 at Cat\u00f3lica Medical School welcomed students for a hands-on experience with PBL, SkillsLab and more. Join us next year!\",\"breadcrumb\":{\"@id\":\"https:\\\/\\\/cac-cl.pt\\\/open-day-2025-catolica-medical-school\\\/#breadcrumb\"},\"inLanguage\":\"pt-PT\",\"potentialAction\":[{\"@type\":\"ReadAction\",\"target\":[\"https:\\\/\\\/cac-cl.pt\\\/open-day-2025-catolica-medical-school\\\/\"]}]},{\"@type\":\"ImageObject\",\"inLanguage\":\"pt-PT\",\"@id\":\"https:\\\/\\\/cac-cl.pt\\\/open-day-2025-catolica-medical-school\\\/#primaryimage\",\"url\":\"https:\\\/\\\/cac-cl.pt\\\/wp-content\\\/uploads\\\/2025\\\/05\\\/OpenDay25_Resumo_porJoanaCesar-6-scaled.jpg\",\"contentUrl\":\"https:\\\/\\\/cac-cl.pt\\\/wp-content\\\/uploads\\\/2025\\\/05\\\/OpenDay25_Resumo_porJoanaCesar-6-scaled.jpg\",\"width\":1707,\"height\":2560,\"caption\":\"Open Day 2025 Cat\u00f3lica Medical School \u2013 students in SkillsLab\"},{\"@type\":\"BreadcrumbList\",\"@id\":\"https:\\\/\\\/cac-cl.pt\\\/open-day-2025-catolica-medical-school\\\/#breadcrumb\",\"itemListElement\":[{\"@type\":\"ListItem\",\"position\":1,\"name\":\"In\u00edcio\",\"item\":\"https:\\\/\\\/cac-cl.pt\\\/\"},{\"@type\":\"ListItem\",\"position\":2,\"name\":\"Open Day 2025 at Cat\u00f3lica Medical School\"}]},{\"@type\":\"WebSite\",\"@id\":\"https:\\\/\\\/cac-cl.pt\\\/#website\",\"url\":\"https:\\\/\\\/cac-cl.pt\\\/\",\"name\":\"Centro Acad\u00e9mico Cl\u00ednico Cat\u00f3lica Luz (CAC-CL)\",\"description\":\"Centro Acad\u00e9mico Cl\u00ednico Cat\u00f3lica Luz\",\"publisher\":{\"@id\":\"https:\\\/\\\/cac-cl.pt\\\/#organization\"},\"alternateName\":\"CAC-CL\",\"potentialAction\":[{\"@type\":\"SearchAction\",\"target\":{\"@type\":\"EntryPoint\",\"urlTemplate\":\"https:\\\/\\\/cac-cl.pt\\\/?s={search_term_string}\"},\"query-input\":{\"@type\":\"PropertyValueSpecification\",\"valueRequired\":true,\"valueName\":\"search_term_string\"}}],\"inLanguage\":\"pt-PT\"},{\"@type\":\"Organization\",\"@id\":\"https:\\\/\\\/cac-cl.pt\\\/#organization\",\"name\":\"Centro Acad\u00e9mico Cl\u00ednico Cat\u00f3lica Luz (CAC-CL)\",\"alternateName\":\"CAC-CL\",\"url\":\"https:\\\/\\\/cac-cl.pt\\\/\",\"logo\":{\"@type\":\"ImageObject\",\"inLanguage\":\"pt-PT\",\"@id\":\"https:\\\/\\\/cac-cl.pt\\\/#\\\/schema\\\/logo\\\/image\\\/\",\"url\":\"https:\\\/\\\/cac-cl.pt\\\/wp-content\\\/uploads\\\/2024\\\/04\\\/cropped-CAC_Logotipo_Principal_Positivo-e1712844263631.png\",\"contentUrl\":\"https:\\\/\\\/cac-cl.pt\\\/wp-content\\\/uploads\\\/2024\\\/04\\\/cropped-CAC_Logotipo_Principal_Positivo-e1712844263631.png\",\"width\":2249,\"height\":1409,\"caption\":\"Centro Acad\u00e9mico Cl\u00ednico Cat\u00f3lica Luz (CAC-CL)\"},\"image\":{\"@id\":\"https:\\\/\\\/cac-cl.pt\\\/#\\\/schema\\\/logo\\\/image\\\/\"},\"sameAs\":[\"https:\\\/\\\/www.linkedin.com\\\/company\\\/caolica-luz-cac\\\/\",\"https:\\\/\\\/www.instagram.com\\\/caccl.pt\\\/\",\"https:\\\/\\\/pt.pinterest.com\\\/catolicaluz\\\/\"]},{\"@type\":\"Person\",\"@id\":\"https:\\\/\\\/cac-cl.pt\\\/#\\\/schema\\\/person\\\/c09c41364ed1103a75086a2c00052975\",\"name\":\"cacclpt\",\"image\":{\"@type\":\"ImageObject\",\"inLanguage\":\"pt-PT\",\"@id\":\"https:\\\/\\\/secure.gravatar.com\\\/avatar\\\/e62818874125131105711e60ec6e0aabbb8b357c5c5100eca07aa1e9a256d55d?s=96&d=mm&r=g\",\"url\":\"https:\\\/\\\/secure.gravatar.com\\\/avatar\\\/e62818874125131105711e60ec6e0aabbb8b357c5c5100eca07aa1e9a256d55d?s=96&d=mm&r=g\",\"contentUrl\":\"https:\\\/\\\/secure.gravatar.com\\\/avatar\\\/e62818874125131105711e60ec6e0aabbb8b357c5c5100eca07aa1e9a256d55d?s=96&d=mm&r=g\",\"caption\":\"cacclpt\"},\"sameAs\":[\"https:\\\/\\\/cac-cl.pt\"],\"url\":\"https:\\\/\\\/cac-cl.pt\\\/pt\\\/author\\\/cacclpt1\\\/\"}]}<\/script>\n<!-- \/ Yoast SEO plugin. -->","yoast_head_json":{"title":"Open Day 2025 | Cat\u00f3lica Medical School","description":"Open Day 2025 at Cat\u00f3lica Medical School welcomed students for a hands-on experience with PBL, SkillsLab and more. Join us next year!","robots":{"index":"index","follow":"follow","max-snippet":"max-snippet:-1","max-image-preview":"max-image-preview:large","max-video-preview":"max-video-preview:-1"},"canonical":"https:\/\/cac-cl.pt\/pt\/open-day-2025-catolica-medical-school\/","og_locale":"pt_PT","og_type":"article","og_title":"Open Day 2025 | Cat\u00f3lica Medical School","og_description":"Open Day 2025 at Cat\u00f3lica Medical School welcomed students for a hands-on experience with PBL, SkillsLab and more. Join us next year!","og_url":"https:\/\/cac-cl.pt\/pt\/open-day-2025-catolica-medical-school\/","og_site_name":"Centro Acad\u00e9mico Cl\u00ednico Cat\u00f3lica Luz (CAC-CL)","article_published_time":"2025-05-12T15:05:02+00:00","article_modified_time":"2025-07-17T10:39:22+00:00","og_image":[{"width":1707,"height":2560,"url":"https:\/\/cac-cl.pt\/wp-content\/uploads\/2025\/05\/OpenDay25_Resumo_porJoanaCesar-6-scaled.jpg","type":"image\/jpeg"}],"author":"cacclpt","twitter_card":"summary_large_image","twitter_misc":{"Escrito por":"cacclpt","Tempo estimado de leitura":"1 minuto"},"schema":{"@context":"https:\/\/schema.org","@graph":[{"@type":"Article","@id":"https:\/\/cac-cl.pt\/open-day-2025-catolica-medical-school\/#article","isPartOf":{"@id":"https:\/\/cac-cl.pt\/open-day-2025-catolica-medical-school\/"},"author":{"name":"cacclpt","@id":"https:\/\/cac-cl.pt\/#\/schema\/person\/c09c41364ed1103a75086a2c00052975"},"headline":"Open Day 2025 at Cat\u00f3lica Medical School","datePublished":"2025-05-12T15:05:02+00:00","dateModified":"2025-07-17T10:39:22+00:00","mainEntityOfPage":{"@id":"https:\/\/cac-cl.pt\/open-day-2025-catolica-medical-school\/"},"wordCount":140,"commentCount":0,"publisher":{"@id":"https:\/\/cac-cl.pt\/#organization"},"image":{"@id":"https:\/\/cac-cl.pt\/open-day-2025-catolica-medical-school\/#primaryimage"},"thumbnailUrl":"https:\/\/cac-cl.pt\/wp-content\/uploads\/2025\/05\/OpenDay25_Resumo_porJoanaCesar-6-scaled.jpg","articleSection":["Events"],"inLanguage":"pt-PT","potentialAction":[{"@type":"CommentAction","name":"Comment","target":["https:\/\/cac-cl.pt\/open-day-2025-catolica-medical-school\/#respond"]}]},{"@type":"WebPage","@id":"https:\/\/cac-cl.pt\/open-day-2025-catolica-medical-school\/","url":"https:\/\/cac-cl.pt\/open-day-2025-catolica-medical-school\/","name":"Open Day 2025 | Cat\u00f3lica Medical School","isPartOf":{"@id":"https:\/\/cac-cl.pt\/#website"},"primaryImageOfPage":{"@id":"https:\/\/cac-cl.pt\/open-day-2025-catolica-medical-school\/#primaryimage"},"image":{"@id":"https:\/\/cac-cl.pt\/open-day-2025-catolica-medical-school\/#primaryimage"},"thumbnailUrl":"https:\/\/cac-cl.pt\/wp-content\/uploads\/2025\/05\/OpenDay25_Resumo_porJoanaCesar-6-scaled.jpg","datePublished":"2025-05-12T15:05:02+00:00","dateModified":"2025-07-17T10:39:22+00:00","description":"Open Day 2025 at Cat\u00f3lica Medical School welcomed students for a hands-on experience with PBL, SkillsLab and more. Join us next year!","breadcrumb":{"@id":"https:\/\/cac-cl.pt\/open-day-2025-catolica-medical-school\/#breadcrumb"},"inLanguage":"pt-PT","potentialAction":[{"@type":"ReadAction","target":["https:\/\/cac-cl.pt\/open-day-2025-catolica-medical-school\/"]}]},{"@type":"ImageObject","inLanguage":"pt-PT","@id":"https:\/\/cac-cl.pt\/open-day-2025-catolica-medical-school\/#primaryimage","url":"https:\/\/cac-cl.pt\/wp-content\/uploads\/2025\/05\/OpenDay25_Resumo_porJoanaCesar-6-scaled.jpg","contentUrl":"https:\/\/cac-cl.pt\/wp-content\/uploads\/2025\/05\/OpenDay25_Resumo_porJoanaCesar-6-scaled.jpg","width":1707,"height":2560,"caption":"Open Day 2025 Cat\u00f3lica Medical School \u2013 students in SkillsLab"},{"@type":"BreadcrumbList","@id":"https:\/\/cac-cl.pt\/open-day-2025-catolica-medical-school\/#breadcrumb","itemListElement":[{"@type":"ListItem","position":1,"name":"In\u00edcio","item":"https:\/\/cac-cl.pt\/"},{"@type":"ListItem","position":2,"name":"Open Day 2025 at Cat\u00f3lica Medical School"}]},{"@type":"WebSite","@id":"https:\/\/cac-cl.pt\/#website","url":"https:\/\/cac-cl.pt\/","name":"Centro Acad\u00e9mico Cl\u00ednico Cat\u00f3lica Luz (CAC-CL)","description":"Centro Acad\u00e9mico Cl\u00ednico Cat\u00f3lica Luz","publisher":{"@id":"https:\/\/cac-cl.pt\/#organization"},"alternateName":"CAC-CL","potentialAction":[{"@type":"SearchAction","target":{"@type":"EntryPoint","urlTemplate":"https:\/\/cac-cl.pt\/?s={search_term_string}"},"query-input":{"@type":"PropertyValueSpecification","valueRequired":true,"valueName":"search_term_string"}}],"inLanguage":"pt-PT"},{"@type":"Organization","@id":"https:\/\/cac-cl.pt\/#organization","name":"Centro Acad\u00e9mico Cl\u00ednico Cat\u00f3lica Luz (CAC-CL)","alternateName":"CAC-CL","url":"https:\/\/cac-cl.pt\/","logo":{"@type":"ImageObject","inLanguage":"pt-PT","@id":"https:\/\/cac-cl.pt\/#\/schema\/logo\/image\/","url":"https:\/\/cac-cl.pt\/wp-content\/uploads\/2024\/04\/cropped-CAC_Logotipo_Principal_Positivo-e1712844263631.png","contentUrl":"https:\/\/cac-cl.pt\/wp-content\/uploads\/2024\/04\/cropped-CAC_Logotipo_Principal_Positivo-e1712844263631.png","width":2249,"height":1409,"caption":"Centro Acad\u00e9mico Cl\u00ednico Cat\u00f3lica Luz (CAC-CL)"},"image":{"@id":"https:\/\/cac-cl.pt\/#\/schema\/logo\/image\/"},"sameAs":["https:\/\/www.linkedin.com\/company\/caolica-luz-cac\/","https:\/\/www.instagram.com\/caccl.pt\/","https:\/\/pt.pinterest.com\/catolicaluz\/"]},{"@type":"Person","@id":"https:\/\/cac-cl.pt\/#\/schema\/person\/c09c41364ed1103a75086a2c00052975","name":"cacclpt","image":{"@type":"ImageObject","inLanguage":"pt-PT","@id":"https:\/\/secure.gravatar.com\/avatar\/e62818874125131105711e60ec6e0aabbb8b357c5c5100eca07aa1e9a256d55d?s=96&d=mm&r=g","url":"https:\/\/secure.gravatar.com\/avatar\/e62818874125131105711e60ec6e0aabbb8b357c5c5100eca07aa1e9a256d55d?s=96&d=mm&r=g","contentUrl":"https:\/\/secure.gravatar.com\/avatar\/e62818874125131105711e60ec6e0aabbb8b357c5c5100eca07aa1e9a256d55d?s=96&d=mm&r=g","caption":"cacclpt"},"sameAs":["https:\/\/cac-cl.pt"],"url":"https:\/\/cac-cl.pt\/pt\/author\/cacclpt1\/"}]}},"_links":{"self":[{"href":"https:\/\/cac-cl.pt\/pt\/wp-json\/wp\/v2\/posts\/12767","targetHints":{"allow":["GET"]}}],"collection":[{"href":"https:\/\/cac-cl.pt\/pt\/wp-json\/wp\/v2\/posts"}],"about":[{"href":"https:\/\/cac-cl.pt\/pt\/wp-json\/wp\/v2\/types\/post"}],"author":[{"embeddable":true,"href":"https:\/\/cac-cl.pt\/pt\/wp-json\/wp\/v2\/users\/1"}],"replies":[{"embeddable":true,"href":"https:\/\/cac-cl.pt\/pt\/wp-json\/wp\/v2\/comments?post=12767"}],"version-history":[{"count":4,"href":"https:\/\/cac-cl.pt\/pt\/wp-json\/wp\/v2\/posts\/12767\/revisions"}],"predecessor-version":[{"id":13181,"href":"https:\/\/cac-cl.pt\/pt\/wp-json\/wp\/v2\/posts\/12767\/revisions\/13181"}],"wp:featuredmedia":[{"embeddable":true,"href":"https:\/\/cac-cl.pt\/pt\/wp-json\/wp\/v2\/media\/12768"}],"wp:attachment":[{"href":"https:\/\/cac-cl.pt\/pt\/wp-json\/wp\/v2\/media?parent=12767"}],"wp:term":[{"taxonomy":"category","embeddable":true,"href":"https:\/\/cac-cl.pt\/pt\/wp-json\/wp\/v2\/categories?post=12767"},{"taxonomy":"post_tag","embeddable":true,"href":"https:\/\/cac-cl.pt\/pt\/wp-json\/wp\/v2\/tags?post=12767"}],"curies":[{"name":"wp","href":"https:\/\/api.w.org\/{rel}","templated":true}]}}