{"id":12959,"date":"2025-06-20T09:38:05","date_gmt":"2025-06-20T09:38:05","guid":{"rendered":"https:\/\/cac-cl.pt\/?p=12959"},"modified":"2025-07-25T10:06:46","modified_gmt":"2025-07-25T10:06:46","slug":"healthpreneurs-kickoff-event-ucam","status":"publish","type":"post","link":"https:\/\/cac-cl.pt\/pt\/healthpreneurs-kickoff-event-ucam\/","title":{"rendered":"Kick-Off Event of the European HEALTHPRENEURS Project at UCAM HiTech"},"content":{"rendered":"<p>On June 16th and June 17th, the kick-off event for the European project <strong>HEALTHPRENEURS<\/strong> took place at UCAM HiTech, part of the Universidad Cat\u00f3lica San Antonio de Murcia (UCAM), Spain. This innovative project, coordinated by <strong>UCAM <\/strong>and funded by the <strong>EIT Higher Education Initiative,<\/strong> aims to promote research, innovation, and entrepreneurship in the healthcare sector.<\/p>\n<p><!-- \/wp:post-content --><!-- wp:paragraph --><\/p>\n<p>As an associated partner, the <strong>Cat\u00f3lica Luz Clinical Academic Centre (CAC-CL)<\/strong> was represented by its Executive Director, <strong>Ana Rita Constante.<\/strong> Her participation reaffirmed CAC-CL\u2019s commitment to collaborative research, technological innovation, and clinical excellence, strengthening the centre\u2019s role within the academic and healthcare ecosystems.<\/p>\n<p><!-- \/wp:paragraph --><!-- wp:paragraph --><\/p>\n<p>During the kick-off event, CAC-CL representatives engaged with key national and international stakeholders, sharing insights and exploring opportunities for strategic partnerships. The event provided a chance to visit UCAM HiTech facilities and the UCAM campus, as well as to present the partner institutions involved in the project.<\/p>\n<p><!-- \/wp:paragraph --><!-- wp:paragraph --><\/p>\n<p>In addition to collaborative working sessions focused on the project\u2019s work packages, participants took part in cultural activities that fostered networking and the exchange of ideas.<\/p>\n<p><!-- \/wp:paragraph --><!-- wp:paragraph --><\/p>\n<p><strong><em>This event marked the beginning of a promising journey for HEALTHPRENEURS, which aims to drive the development of innovative solutions in healthcare by combining research, entrepreneurship, and higher education.<br \/><\/em><\/strong><\/p>\n<p><strong><em>Know more about HEALTHPRENEURS: <\/em><\/strong><a href=\"https:\/\/www.healthpreneurs.eu\/\">https:\/\/www.healthpreneurs.eu\/<\/a><\/p>\n<p>\u00a0<\/p>\n<p><!-- \/wp:paragraph --><\/p>\t\t\n\t\t\t\t\t\t\t\t\t\t\t\t\t\t\t<img fetchpriority=\"high\" decoding=\"async\" width=\"640\" height=\"853\" src=\"https:\/\/cac-cl.pt\/wp-content\/uploads\/2025\/06\/WhatsApp-Image-2025-06-16-at-17.01.55-768x1024.jpeg\" alt=\"\" srcset=\"https:\/\/cac-cl.pt\/wp-content\/uploads\/2025\/06\/WhatsApp-Image-2025-06-16-at-17.01.55-768x1024.jpeg 768w, https:\/\/cac-cl.pt\/wp-content\/uploads\/2025\/06\/WhatsApp-Image-2025-06-16-at-17.01.55-225x300.jpeg 225w, https:\/\/cac-cl.pt\/wp-content\/uploads\/2025\/06\/WhatsApp-Image-2025-06-16-at-17.01.55-1152x1536.jpeg 1152w, https:\/\/cac-cl.pt\/wp-content\/uploads\/2025\/06\/WhatsApp-Image-2025-06-16-at-17.01.55-9x12.jpeg 9w, https:\/\/cac-cl.pt\/wp-content\/uploads\/2025\/06\/WhatsApp-Image-2025-06-16-at-17.01.55.jpeg 1536w\" sizes=\"(max-width: 640px) 100vw, 640px\" \/>\t\t\t\t\t\t\t\t\t\t\t\t\t\t\t\n\t\t\t\t\t\t\t\t\t\t\t\t\t\t\t<img decoding=\"async\" width=\"640\" height=\"480\" data-src=\"https:\/\/cac-cl.pt\/wp-content\/uploads\/2025\/06\/WhatsApp-Image-2025-06-16-at-16.43.10-1024x768.jpeg\" alt=\"\" data-srcset=\"https:\/\/cac-cl.pt\/wp-content\/uploads\/2025\/06\/WhatsApp-Image-2025-06-16-at-16.43.10-1024x768.jpeg 1024w, https:\/\/cac-cl.pt\/wp-content\/uploads\/2025\/06\/WhatsApp-Image-2025-06-16-at-16.43.10-300x225.jpeg 300w, https:\/\/cac-cl.pt\/wp-content\/uploads\/2025\/06\/WhatsApp-Image-2025-06-16-at-16.43.10-768x576.jpeg 768w, https:\/\/cac-cl.pt\/wp-content\/uploads\/2025\/06\/WhatsApp-Image-2025-06-16-at-16.43.10-1536x1152.jpeg 1536w, https:\/\/cac-cl.pt\/wp-content\/uploads\/2025\/06\/WhatsApp-Image-2025-06-16-at-16.43.10-16x12.jpeg 16w, https:\/\/cac-cl.pt\/wp-content\/uploads\/2025\/06\/WhatsApp-Image-2025-06-16-at-16.43.10.jpeg 2040w\" data-sizes=\"(max-width: 640px) 100vw, 640px\" src=\"data:image\/svg+xml;base64,PHN2ZyB3aWR0aD0iMSIgaGVpZ2h0PSIxIiB4bWxucz0iaHR0cDovL3d3dy53My5vcmcvMjAwMC9zdmciPjwvc3ZnPg==\" class=\"lazyload\" style=\"--smush-placeholder-width: 640px; --smush-placeholder-aspect-ratio: 640\/480;\" \/>\t\t\t\t\t\t\t\t\t\t\t\t\t\t\t\n\t\t\t\t\t\t\t\t\t\t\t\t\t\t\t<img decoding=\"async\" width=\"640\" height=\"853\" data-src=\"https:\/\/cac-cl.pt\/wp-content\/uploads\/2025\/06\/WhatsApp-Image-2025-06-16-at-16.29.44-1-768x1024.jpeg\" alt=\"\" data-srcset=\"https:\/\/cac-cl.pt\/wp-content\/uploads\/2025\/06\/WhatsApp-Image-2025-06-16-at-16.29.44-1-768x1024.jpeg 768w, https:\/\/cac-cl.pt\/wp-content\/uploads\/2025\/06\/WhatsApp-Image-2025-06-16-at-16.29.44-1-225x300.jpeg 225w, https:\/\/cac-cl.pt\/wp-content\/uploads\/2025\/06\/WhatsApp-Image-2025-06-16-at-16.29.44-1-1152x1536.jpeg 1152w, https:\/\/cac-cl.pt\/wp-content\/uploads\/2025\/06\/WhatsApp-Image-2025-06-16-at-16.29.44-1-9x12.jpeg 9w, https:\/\/cac-cl.pt\/wp-content\/uploads\/2025\/06\/WhatsApp-Image-2025-06-16-at-16.29.44-1.jpeg 1536w\" data-sizes=\"(max-width: 640px) 100vw, 640px\" src=\"data:image\/svg+xml;base64,PHN2ZyB3aWR0aD0iMSIgaGVpZ2h0PSIxIiB4bWxucz0iaHR0cDovL3d3dy53My5vcmcvMjAwMC9zdmciPjwvc3ZnPg==\" class=\"lazyload\" style=\"--smush-placeholder-width: 640px; --smush-placeholder-aspect-ratio: 640\/853;\" \/>","protected":false},"excerpt":{"rendered":"<p>On June 16th and June 17th, the kick-off event for the European project HEALTHPRENEURS took place at UCAM HiTech, part of the Universidad Cat\u00f3lica San Antonio de Murcia (UCAM), Spain. This innovative project, coordinated by UCAM and funded by the EIT Higher Education Initiative, aims to promote research, innovation, and entrepreneurship in the healthcare sector. [&hellip;]<\/p>\n","protected":false},"author":1,"featured_media":12969,"comment_status":"open","ping_status":"open","sticky":false,"template":"","format":"standard","meta":{"_acf_changed":false,"inline_featured_image":false,"footnotes":""},"categories":[64],"tags":[],"class_list":["post-12959","post","type-post","status-publish","format-standard","has-post-thumbnail","hentry","category-education"],"acf":[],"yoast_head":"<!-- This site is optimized with the Yoast SEO plugin v27.5 - https:\/\/yoast.com\/product\/yoast-seo-wordpress\/ -->\n<title>Kick-Off of HEALTHPRENEURS Project at UCAM HiTech<\/title>\n<meta name=\"description\" content=\"Cat\u00f3lica Luz joins the HEALTHPRENEURS project at UCAM HiTech to promote innovation and entrepreneurship in European healthcare.\" \/>\n<meta name=\"robots\" content=\"index, follow, max-snippet:-1, max-image-preview:large, max-video-preview:-1\" \/>\n<link rel=\"canonical\" href=\"https:\/\/cac-cl.pt\/pt\/healthpreneurs-kickoff-event-ucam\/\" \/>\n<meta property=\"og:locale\" content=\"pt_PT\" \/>\n<meta property=\"og:type\" content=\"article\" \/>\n<meta property=\"og:title\" content=\"Kick-Off of HEALTHPRENEURS Project at UCAM HiTech\" \/>\n<meta property=\"og:description\" content=\"Cat\u00f3lica Luz joins the HEALTHPRENEURS project at UCAM HiTech to promote innovation and entrepreneurship in European healthcare.\" \/>\n<meta property=\"og:url\" content=\"https:\/\/cac-cl.pt\/pt\/healthpreneurs-kickoff-event-ucam\/\" \/>\n<meta property=\"og:site_name\" content=\"Centro Acad\u00e9mico Cl\u00ednico Cat\u00f3lica Luz (CAC-CL)\" \/>\n<meta property=\"article:published_time\" content=\"2025-06-20T09:38:05+00:00\" \/>\n<meta property=\"article:modified_time\" content=\"2025-07-25T10:06:46+00:00\" \/>\n<meta property=\"og:image\" content=\"https:\/\/cac-cl.pt\/wp-content\/uploads\/2025\/06\/WhatsApp-Image-2025-06-16-at-16.29.44-2.jpeg\" \/>\n\t<meta property=\"og:image:width\" content=\"2048\" \/>\n\t<meta property=\"og:image:height\" content=\"1536\" \/>\n\t<meta property=\"og:image:type\" content=\"image\/jpeg\" \/>\n<meta name=\"author\" content=\"cacclpt\" \/>\n<meta name=\"twitter:card\" content=\"summary_large_image\" \/>\n<meta name=\"twitter:label1\" content=\"Escrito por\" \/>\n\t<meta name=\"twitter:data1\" content=\"cacclpt\" \/>\n\t<meta name=\"twitter:label2\" content=\"Tempo estimado de leitura\" \/>\n\t<meta name=\"twitter:data2\" content=\"2 minutos\" \/>\n<script type=\"application\/ld+json\" class=\"yoast-schema-graph\">{\"@context\":\"https:\\\/\\\/schema.org\",\"@graph\":[{\"@type\":\"Article\",\"@id\":\"https:\\\/\\\/cac-cl.pt\\\/healthpreneurs-kickoff-event-ucam\\\/#article\",\"isPartOf\":{\"@id\":\"https:\\\/\\\/cac-cl.pt\\\/healthpreneurs-kickoff-event-ucam\\\/\"},\"author\":{\"name\":\"cacclpt\",\"@id\":\"https:\\\/\\\/cac-cl.pt\\\/#\\\/schema\\\/person\\\/c09c41364ed1103a75086a2c00052975\"},\"headline\":\"Kick-Off Event of the European HEALTHPRENEURS Project at UCAM HiTech\",\"datePublished\":\"2025-06-20T09:38:05+00:00\",\"dateModified\":\"2025-07-25T10:06:46+00:00\",\"mainEntityOfPage\":{\"@id\":\"https:\\\/\\\/cac-cl.pt\\\/healthpreneurs-kickoff-event-ucam\\\/\"},\"wordCount\":223,\"commentCount\":0,\"publisher\":{\"@id\":\"https:\\\/\\\/cac-cl.pt\\\/#organization\"},\"image\":{\"@id\":\"https:\\\/\\\/cac-cl.pt\\\/healthpreneurs-kickoff-event-ucam\\\/#primaryimage\"},\"thumbnailUrl\":\"https:\\\/\\\/cac-cl.pt\\\/wp-content\\\/uploads\\\/2025\\\/06\\\/WhatsApp-Image-2025-06-16-at-16.29.44-2.jpeg\",\"articleSection\":[\"Education\"],\"inLanguage\":\"pt-PT\",\"potentialAction\":[{\"@type\":\"CommentAction\",\"name\":\"Comment\",\"target\":[\"https:\\\/\\\/cac-cl.pt\\\/healthpreneurs-kickoff-event-ucam\\\/#respond\"]}]},{\"@type\":\"WebPage\",\"@id\":\"https:\\\/\\\/cac-cl.pt\\\/healthpreneurs-kickoff-event-ucam\\\/\",\"url\":\"https:\\\/\\\/cac-cl.pt\\\/healthpreneurs-kickoff-event-ucam\\\/\",\"name\":\"Kick-Off of HEALTHPRENEURS Project at UCAM HiTech\",\"isPartOf\":{\"@id\":\"https:\\\/\\\/cac-cl.pt\\\/#website\"},\"primaryImageOfPage\":{\"@id\":\"https:\\\/\\\/cac-cl.pt\\\/healthpreneurs-kickoff-event-ucam\\\/#primaryimage\"},\"image\":{\"@id\":\"https:\\\/\\\/cac-cl.pt\\\/healthpreneurs-kickoff-event-ucam\\\/#primaryimage\"},\"thumbnailUrl\":\"https:\\\/\\\/cac-cl.pt\\\/wp-content\\\/uploads\\\/2025\\\/06\\\/WhatsApp-Image-2025-06-16-at-16.29.44-2.jpeg\",\"datePublished\":\"2025-06-20T09:38:05+00:00\",\"dateModified\":\"2025-07-25T10:06:46+00:00\",\"description\":\"Cat\u00f3lica Luz joins the HEALTHPRENEURS project at UCAM HiTech to promote innovation and entrepreneurship in European healthcare.\",\"breadcrumb\":{\"@id\":\"https:\\\/\\\/cac-cl.pt\\\/healthpreneurs-kickoff-event-ucam\\\/#breadcrumb\"},\"inLanguage\":\"pt-PT\",\"potentialAction\":[{\"@type\":\"ReadAction\",\"target\":[\"https:\\\/\\\/cac-cl.pt\\\/healthpreneurs-kickoff-event-ucam\\\/\"]}]},{\"@type\":\"ImageObject\",\"inLanguage\":\"pt-PT\",\"@id\":\"https:\\\/\\\/cac-cl.pt\\\/healthpreneurs-kickoff-event-ucam\\\/#primaryimage\",\"url\":\"https:\\\/\\\/cac-cl.pt\\\/wp-content\\\/uploads\\\/2025\\\/06\\\/WhatsApp-Image-2025-06-16-at-16.29.44-2.jpeg\",\"contentUrl\":\"https:\\\/\\\/cac-cl.pt\\\/wp-content\\\/uploads\\\/2025\\\/06\\\/WhatsApp-Image-2025-06-16-at-16.29.44-2.jpeg\",\"width\":2048,\"height\":1536},{\"@type\":\"BreadcrumbList\",\"@id\":\"https:\\\/\\\/cac-cl.pt\\\/healthpreneurs-kickoff-event-ucam\\\/#breadcrumb\",\"itemListElement\":[{\"@type\":\"ListItem\",\"position\":1,\"name\":\"In\u00edcio\",\"item\":\"https:\\\/\\\/cac-cl.pt\\\/\"},{\"@type\":\"ListItem\",\"position\":2,\"name\":\"Kick-Off Event of the European HEALTHPRENEURS Project at UCAM HiTech\"}]},{\"@type\":\"WebSite\",\"@id\":\"https:\\\/\\\/cac-cl.pt\\\/#website\",\"url\":\"https:\\\/\\\/cac-cl.pt\\\/\",\"name\":\"Centro Acad\u00e9mico Cl\u00ednico Cat\u00f3lica Luz (CAC-CL)\",\"description\":\"Centro Acad\u00e9mico Cl\u00ednico Cat\u00f3lica Luz\",\"publisher\":{\"@id\":\"https:\\\/\\\/cac-cl.pt\\\/#organization\"},\"alternateName\":\"CAC-CL\",\"potentialAction\":[{\"@type\":\"SearchAction\",\"target\":{\"@type\":\"EntryPoint\",\"urlTemplate\":\"https:\\\/\\\/cac-cl.pt\\\/?s={search_term_string}\"},\"query-input\":{\"@type\":\"PropertyValueSpecification\",\"valueRequired\":true,\"valueName\":\"search_term_string\"}}],\"inLanguage\":\"pt-PT\"},{\"@type\":\"Organization\",\"@id\":\"https:\\\/\\\/cac-cl.pt\\\/#organization\",\"name\":\"Centro Acad\u00e9mico Cl\u00ednico Cat\u00f3lica Luz (CAC-CL)\",\"alternateName\":\"CAC-CL\",\"url\":\"https:\\\/\\\/cac-cl.pt\\\/\",\"logo\":{\"@type\":\"ImageObject\",\"inLanguage\":\"pt-PT\",\"@id\":\"https:\\\/\\\/cac-cl.pt\\\/#\\\/schema\\\/logo\\\/image\\\/\",\"url\":\"https:\\\/\\\/cac-cl.pt\\\/wp-content\\\/uploads\\\/2024\\\/04\\\/cropped-CAC_Logotipo_Principal_Positivo-e1712844263631.png\",\"contentUrl\":\"https:\\\/\\\/cac-cl.pt\\\/wp-content\\\/uploads\\\/2024\\\/04\\\/cropped-CAC_Logotipo_Principal_Positivo-e1712844263631.png\",\"width\":2249,\"height\":1409,\"caption\":\"Centro Acad\u00e9mico Cl\u00ednico Cat\u00f3lica Luz (CAC-CL)\"},\"image\":{\"@id\":\"https:\\\/\\\/cac-cl.pt\\\/#\\\/schema\\\/logo\\\/image\\\/\"},\"sameAs\":[\"https:\\\/\\\/www.linkedin.com\\\/company\\\/caolica-luz-cac\\\/\",\"https:\\\/\\\/www.instagram.com\\\/caccl.pt\\\/\",\"https:\\\/\\\/pt.pinterest.com\\\/catolicaluz\\\/\"]},{\"@type\":\"Person\",\"@id\":\"https:\\\/\\\/cac-cl.pt\\\/#\\\/schema\\\/person\\\/c09c41364ed1103a75086a2c00052975\",\"name\":\"cacclpt\",\"image\":{\"@type\":\"ImageObject\",\"inLanguage\":\"pt-PT\",\"@id\":\"https:\\\/\\\/secure.gravatar.com\\\/avatar\\\/e62818874125131105711e60ec6e0aabbb8b357c5c5100eca07aa1e9a256d55d?s=96&d=mm&r=g\",\"url\":\"https:\\\/\\\/secure.gravatar.com\\\/avatar\\\/e62818874125131105711e60ec6e0aabbb8b357c5c5100eca07aa1e9a256d55d?s=96&d=mm&r=g\",\"contentUrl\":\"https:\\\/\\\/secure.gravatar.com\\\/avatar\\\/e62818874125131105711e60ec6e0aabbb8b357c5c5100eca07aa1e9a256d55d?s=96&d=mm&r=g\",\"caption\":\"cacclpt\"},\"sameAs\":[\"https:\\\/\\\/cac-cl.pt\"],\"url\":\"https:\\\/\\\/cac-cl.pt\\\/pt\\\/author\\\/cacclpt1\\\/\"}]}<\/script>\n<!-- \/ Yoast SEO plugin. -->","yoast_head_json":{"title":"Kick-Off of HEALTHPRENEURS Project at UCAM HiTech","description":"Cat\u00f3lica Luz joins the HEALTHPRENEURS project at UCAM HiTech to promote innovation and entrepreneurship in European healthcare.","robots":{"index":"index","follow":"follow","max-snippet":"max-snippet:-1","max-image-preview":"max-image-preview:large","max-video-preview":"max-video-preview:-1"},"canonical":"https:\/\/cac-cl.pt\/pt\/healthpreneurs-kickoff-event-ucam\/","og_locale":"pt_PT","og_type":"article","og_title":"Kick-Off of HEALTHPRENEURS Project at UCAM HiTech","og_description":"Cat\u00f3lica Luz joins the HEALTHPRENEURS project at UCAM HiTech to promote innovation and entrepreneurship in European healthcare.","og_url":"https:\/\/cac-cl.pt\/pt\/healthpreneurs-kickoff-event-ucam\/","og_site_name":"Centro Acad\u00e9mico Cl\u00ednico Cat\u00f3lica Luz (CAC-CL)","article_published_time":"2025-06-20T09:38:05+00:00","article_modified_time":"2025-07-25T10:06:46+00:00","og_image":[{"width":2048,"height":1536,"url":"https:\/\/cac-cl.pt\/wp-content\/uploads\/2025\/06\/WhatsApp-Image-2025-06-16-at-16.29.44-2.jpeg","type":"image\/jpeg"}],"author":"cacclpt","twitter_card":"summary_large_image","twitter_misc":{"Escrito por":"cacclpt","Tempo estimado de leitura":"2 minutos"},"schema":{"@context":"https:\/\/schema.org","@graph":[{"@type":"Article","@id":"https:\/\/cac-cl.pt\/healthpreneurs-kickoff-event-ucam\/#article","isPartOf":{"@id":"https:\/\/cac-cl.pt\/healthpreneurs-kickoff-event-ucam\/"},"author":{"name":"cacclpt","@id":"https:\/\/cac-cl.pt\/#\/schema\/person\/c09c41364ed1103a75086a2c00052975"},"headline":"Kick-Off Event of the European HEALTHPRENEURS Project at UCAM HiTech","datePublished":"2025-06-20T09:38:05+00:00","dateModified":"2025-07-25T10:06:46+00:00","mainEntityOfPage":{"@id":"https:\/\/cac-cl.pt\/healthpreneurs-kickoff-event-ucam\/"},"wordCount":223,"commentCount":0,"publisher":{"@id":"https:\/\/cac-cl.pt\/#organization"},"image":{"@id":"https:\/\/cac-cl.pt\/healthpreneurs-kickoff-event-ucam\/#primaryimage"},"thumbnailUrl":"https:\/\/cac-cl.pt\/wp-content\/uploads\/2025\/06\/WhatsApp-Image-2025-06-16-at-16.29.44-2.jpeg","articleSection":["Education"],"inLanguage":"pt-PT","potentialAction":[{"@type":"CommentAction","name":"Comment","target":["https:\/\/cac-cl.pt\/healthpreneurs-kickoff-event-ucam\/#respond"]}]},{"@type":"WebPage","@id":"https:\/\/cac-cl.pt\/healthpreneurs-kickoff-event-ucam\/","url":"https:\/\/cac-cl.pt\/healthpreneurs-kickoff-event-ucam\/","name":"Kick-Off of HEALTHPRENEURS Project at UCAM HiTech","isPartOf":{"@id":"https:\/\/cac-cl.pt\/#website"},"primaryImageOfPage":{"@id":"https:\/\/cac-cl.pt\/healthpreneurs-kickoff-event-ucam\/#primaryimage"},"image":{"@id":"https:\/\/cac-cl.pt\/healthpreneurs-kickoff-event-ucam\/#primaryimage"},"thumbnailUrl":"https:\/\/cac-cl.pt\/wp-content\/uploads\/2025\/06\/WhatsApp-Image-2025-06-16-at-16.29.44-2.jpeg","datePublished":"2025-06-20T09:38:05+00:00","dateModified":"2025-07-25T10:06:46+00:00","description":"Cat\u00f3lica Luz joins the HEALTHPRENEURS project at UCAM HiTech to promote innovation and entrepreneurship in European healthcare.","breadcrumb":{"@id":"https:\/\/cac-cl.pt\/healthpreneurs-kickoff-event-ucam\/#breadcrumb"},"inLanguage":"pt-PT","potentialAction":[{"@type":"ReadAction","target":["https:\/\/cac-cl.pt\/healthpreneurs-kickoff-event-ucam\/"]}]},{"@type":"ImageObject","inLanguage":"pt-PT","@id":"https:\/\/cac-cl.pt\/healthpreneurs-kickoff-event-ucam\/#primaryimage","url":"https:\/\/cac-cl.pt\/wp-content\/uploads\/2025\/06\/WhatsApp-Image-2025-06-16-at-16.29.44-2.jpeg","contentUrl":"https:\/\/cac-cl.pt\/wp-content\/uploads\/2025\/06\/WhatsApp-Image-2025-06-16-at-16.29.44-2.jpeg","width":2048,"height":1536},{"@type":"BreadcrumbList","@id":"https:\/\/cac-cl.pt\/healthpreneurs-kickoff-event-ucam\/#breadcrumb","itemListElement":[{"@type":"ListItem","position":1,"name":"In\u00edcio","item":"https:\/\/cac-cl.pt\/"},{"@type":"ListItem","position":2,"name":"Kick-Off Event of the European HEALTHPRENEURS Project at UCAM HiTech"}]},{"@type":"WebSite","@id":"https:\/\/cac-cl.pt\/#website","url":"https:\/\/cac-cl.pt\/","name":"Centro Acad\u00e9mico Cl\u00ednico Cat\u00f3lica Luz (CAC-CL)","description":"Centro Acad\u00e9mico Cl\u00ednico Cat\u00f3lica Luz","publisher":{"@id":"https:\/\/cac-cl.pt\/#organization"},"alternateName":"CAC-CL","potentialAction":[{"@type":"SearchAction","target":{"@type":"EntryPoint","urlTemplate":"https:\/\/cac-cl.pt\/?s={search_term_string}"},"query-input":{"@type":"PropertyValueSpecification","valueRequired":true,"valueName":"search_term_string"}}],"inLanguage":"pt-PT"},{"@type":"Organization","@id":"https:\/\/cac-cl.pt\/#organization","name":"Centro Acad\u00e9mico Cl\u00ednico Cat\u00f3lica Luz (CAC-CL)","alternateName":"CAC-CL","url":"https:\/\/cac-cl.pt\/","logo":{"@type":"ImageObject","inLanguage":"pt-PT","@id":"https:\/\/cac-cl.pt\/#\/schema\/logo\/image\/","url":"https:\/\/cac-cl.pt\/wp-content\/uploads\/2024\/04\/cropped-CAC_Logotipo_Principal_Positivo-e1712844263631.png","contentUrl":"https:\/\/cac-cl.pt\/wp-content\/uploads\/2024\/04\/cropped-CAC_Logotipo_Principal_Positivo-e1712844263631.png","width":2249,"height":1409,"caption":"Centro Acad\u00e9mico Cl\u00ednico Cat\u00f3lica Luz (CAC-CL)"},"image":{"@id":"https:\/\/cac-cl.pt\/#\/schema\/logo\/image\/"},"sameAs":["https:\/\/www.linkedin.com\/company\/caolica-luz-cac\/","https:\/\/www.instagram.com\/caccl.pt\/","https:\/\/pt.pinterest.com\/catolicaluz\/"]},{"@type":"Person","@id":"https:\/\/cac-cl.pt\/#\/schema\/person\/c09c41364ed1103a75086a2c00052975","name":"cacclpt","image":{"@type":"ImageObject","inLanguage":"pt-PT","@id":"https:\/\/secure.gravatar.com\/avatar\/e62818874125131105711e60ec6e0aabbb8b357c5c5100eca07aa1e9a256d55d?s=96&d=mm&r=g","url":"https:\/\/secure.gravatar.com\/avatar\/e62818874125131105711e60ec6e0aabbb8b357c5c5100eca07aa1e9a256d55d?s=96&d=mm&r=g","contentUrl":"https:\/\/secure.gravatar.com\/avatar\/e62818874125131105711e60ec6e0aabbb8b357c5c5100eca07aa1e9a256d55d?s=96&d=mm&r=g","caption":"cacclpt"},"sameAs":["https:\/\/cac-cl.pt"],"url":"https:\/\/cac-cl.pt\/pt\/author\/cacclpt1\/"}]}},"_links":{"self":[{"href":"https:\/\/cac-cl.pt\/pt\/wp-json\/wp\/v2\/posts\/12959","targetHints":{"allow":["GET"]}}],"collection":[{"href":"https:\/\/cac-cl.pt\/pt\/wp-json\/wp\/v2\/posts"}],"about":[{"href":"https:\/\/cac-cl.pt\/pt\/wp-json\/wp\/v2\/types\/post"}],"author":[{"embeddable":true,"href":"https:\/\/cac-cl.pt\/pt\/wp-json\/wp\/v2\/users\/1"}],"replies":[{"embeddable":true,"href":"https:\/\/cac-cl.pt\/pt\/wp-json\/wp\/v2\/comments?post=12959"}],"version-history":[{"count":16,"href":"https:\/\/cac-cl.pt\/pt\/wp-json\/wp\/v2\/posts\/12959\/revisions"}],"predecessor-version":[{"id":13491,"href":"https:\/\/cac-cl.pt\/pt\/wp-json\/wp\/v2\/posts\/12959\/revisions\/13491"}],"wp:featuredmedia":[{"embeddable":true,"href":"https:\/\/cac-cl.pt\/pt\/wp-json\/wp\/v2\/media\/12969"}],"wp:attachment":[{"href":"https:\/\/cac-cl.pt\/pt\/wp-json\/wp\/v2\/media?parent=12959"}],"wp:term":[{"taxonomy":"category","embeddable":true,"href":"https:\/\/cac-cl.pt\/pt\/wp-json\/wp\/v2\/categories?post=12959"},{"taxonomy":"post_tag","embeddable":true,"href":"https:\/\/cac-cl.pt\/pt\/wp-json\/wp\/v2\/tags?post=12959"}],"curies":[{"name":"wp","href":"https:\/\/api.w.org\/{rel}","templated":true}]}}