{"id":13011,"date":"2025-06-25T09:23:33","date_gmt":"2025-06-25T09:23:33","guid":{"rendered":"https:\/\/cac-cl.pt\/?p=13011"},"modified":"2025-07-17T09:21:28","modified_gmt":"2025-07-17T09:21:28","slug":"paula-ravasco-women-in-science-book-tribute","status":"publish","type":"post","link":"https:\/\/cac-cl.pt\/pt\/paula-ravasco-women-in-science-book-tribute\/","title":{"rendered":"Professor Paula Ravasco Recognised on the book \u201cWomen in Science\u201d"},"content":{"rendered":"<p><strong>Professor Paula Ravasco was featured in the book <em>Women in Science<\/em><\/strong>, published by Ci\u00eancia Viva, which celebrates female contributions across generations and disciplines. One of the featured scientists is <strong>Professor Paula Ravasco<\/strong>, physician, nutritionist, and coordinator of the <strong>Postgraduate Program in Nutrition and Metabolism in Oncology<\/strong> at the <strong>Faculdade de Medicina da Universidade Cat\u00f3lica<\/strong>.<\/p>\n\n\n\n<p>Her inclusion highlights her impactful contributions to clinical nutrition and oncology, both through teaching and cutting-edge research. As coordinator of the <strong>Postgraduate Program in Nutrition and Metabolism in Oncology<\/strong>, Paula Ravasco has helped shape a new generation of healthcare professionals.<\/p>\n\n\n\n<p>Recognised for her outstanding academic and clinical career, <strong>Professor Paula Ravasco<\/strong> has dedicated her work to advancing knowledge in oncology and nutrition. Her contribution reflects the growing importance of interdisciplinary research and the impact of nutritional science on cancer treatment and quality of life.<\/p>\n\n\n\n<blockquote class=\"wp-block-quote is-layout-flow wp-block-quote-is-layout-flow\">\n<p>According to Professor Paula Ravasco: <em>\u201cI am a physician and nutritionist \u2014 and infinitely better for having chosen to pursue scientific research in my clinical practice&#8230; I couldn\u2019t be happier or more fulfilled, and I am fortunate to have the privilege of teaching and sharing my passion and knowledge with my students every day.\u201d<\/em><\/p>\n\n\n\n<p>This recognition is a strong statement for gender equality in science. The <strong>Cat\u00f3lica Luz Clinical Academic Centre (CAC-CL)<\/strong> congratulates Professor Paula Ravasco and reaffirms its commitment to supporting excellence and diversity in academic leadership.<\/p>\n\n\n\n<p>\ud83d\udd17 <strong>Discover the full <em>Women in Science<\/em> project on<\/strong>: <a href=\"https:\/\/www.cienciaviva.pt\/\">https:\/\/www.cienciaviva.pt\/<\/a><\/p>\n\n\n\n<p>\ud83d\udd17 <strong>Learn more about:<\/strong> <a href=\"https:\/\/cac-cl.pt\/executive-education\/\">https:\/\/cac-cl.pt\/executive-education\/<\/a><br><br><\/p>\n<\/blockquote>\n\n\n\n<p><\/p>\n\n\n\n<p><\/p>\n\n\n\n<p><\/p>","protected":false},"excerpt":{"rendered":"<p>Professor Paula Ravasco was featured in the book Women in Science, published by Ci\u00eancia Viva, which celebrates female contributions across generations and disciplines. One of the featured scientists is Professor Paula Ravasco, physician, nutritionist, and coordinator of the Postgraduate Program in Nutrition and Metabolism in Oncology at the Cat\u00f3lica Medical School. Her inclusion highlights her [&hellip;]<\/p>\n","protected":false},"author":1,"featured_media":13012,"comment_status":"open","ping_status":"open","sticky":false,"template":"","format":"standard","meta":{"_acf_changed":false,"inline_featured_image":false,"footnotes":""},"categories":[134],"tags":[],"class_list":["post-13011","post","type-post","status-publish","format-standard","has-post-thumbnail","hentry","category-news"],"acf":[],"yoast_head":"<!-- This site is optimized with the Yoast SEO plugin v27.5 - https:\/\/yoast.com\/product\/yoast-seo-wordpress\/ -->\n<title>Professor Paula Ravasco in \u201cWomen in Science\u201d Book Tribute<\/title>\n<meta name=\"description\" content=\"Paula Ravasco featured in \u201cWomen in Science\u201d by Ci\u00eancia Viva, recognising her contributions to nutrition, oncology and academic excellence.\" \/>\n<meta name=\"robots\" content=\"index, follow, max-snippet:-1, max-image-preview:large, max-video-preview:-1\" \/>\n<link rel=\"canonical\" href=\"https:\/\/cac-cl.pt\/pt\/paula-ravasco-women-in-science-book-tribute\/\" \/>\n<meta property=\"og:locale\" content=\"pt_PT\" \/>\n<meta property=\"og:type\" content=\"article\" \/>\n<meta property=\"og:title\" content=\"Professor Paula Ravasco in \u201cWomen in Science\u201d Book Tribute\" \/>\n<meta property=\"og:description\" content=\"Paula Ravasco featured in \u201cWomen in Science\u201d by Ci\u00eancia Viva, recognising her contributions to nutrition, oncology and academic excellence.\" \/>\n<meta property=\"og:url\" content=\"https:\/\/cac-cl.pt\/pt\/paula-ravasco-women-in-science-book-tribute\/\" \/>\n<meta property=\"og:site_name\" content=\"Centro Acad\u00e9mico Cl\u00ednico Cat\u00f3lica Luz (CAC-CL)\" \/>\n<meta property=\"article:published_time\" content=\"2025-06-25T09:23:33+00:00\" \/>\n<meta property=\"article:modified_time\" content=\"2025-07-17T09:21:28+00:00\" \/>\n<meta property=\"og:image\" content=\"https:\/\/cac-cl.pt\/wp-content\/uploads\/2025\/06\/Prof-Paula-Ravasco-scaled.jpg\" \/>\n\t<meta property=\"og:image:width\" content=\"2560\" \/>\n\t<meta property=\"og:image:height\" content=\"2146\" \/>\n\t<meta property=\"og:image:type\" content=\"image\/jpeg\" \/>\n<meta name=\"author\" content=\"cacclpt\" \/>\n<meta name=\"twitter:card\" content=\"summary_large_image\" \/>\n<meta name=\"twitter:label1\" content=\"Escrito por\" \/>\n\t<meta name=\"twitter:data1\" content=\"cacclpt\" \/>\n\t<meta name=\"twitter:label2\" content=\"Tempo estimado de leitura\" \/>\n\t<meta name=\"twitter:data2\" content=\"1 minuto\" \/>\n<script type=\"application\/ld+json\" class=\"yoast-schema-graph\">{\"@context\":\"https:\\\/\\\/schema.org\",\"@graph\":[{\"@type\":\"Article\",\"@id\":\"https:\\\/\\\/cac-cl.pt\\\/paula-ravasco-women-in-science-book-tribute\\\/#article\",\"isPartOf\":{\"@id\":\"https:\\\/\\\/cac-cl.pt\\\/paula-ravasco-women-in-science-book-tribute\\\/\"},\"author\":{\"name\":\"cacclpt\",\"@id\":\"https:\\\/\\\/cac-cl.pt\\\/#\\\/schema\\\/person\\\/c09c41364ed1103a75086a2c00052975\"},\"headline\":\"Professor Paula Ravasco Recognised on the book \u201cWomen in Science\u201d\",\"datePublished\":\"2025-06-25T09:23:33+00:00\",\"dateModified\":\"2025-07-17T09:21:28+00:00\",\"mainEntityOfPage\":{\"@id\":\"https:\\\/\\\/cac-cl.pt\\\/paula-ravasco-women-in-science-book-tribute\\\/\"},\"wordCount\":255,\"commentCount\":0,\"publisher\":{\"@id\":\"https:\\\/\\\/cac-cl.pt\\\/#organization\"},\"image\":{\"@id\":\"https:\\\/\\\/cac-cl.pt\\\/paula-ravasco-women-in-science-book-tribute\\\/#primaryimage\"},\"thumbnailUrl\":\"https:\\\/\\\/cac-cl.pt\\\/wp-content\\\/uploads\\\/2025\\\/06\\\/Prof-Paula-Ravasco-scaled.jpg\",\"articleSection\":[\"News\"],\"inLanguage\":\"pt-PT\",\"potentialAction\":[{\"@type\":\"CommentAction\",\"name\":\"Comment\",\"target\":[\"https:\\\/\\\/cac-cl.pt\\\/paula-ravasco-women-in-science-book-tribute\\\/#respond\"]}]},{\"@type\":\"WebPage\",\"@id\":\"https:\\\/\\\/cac-cl.pt\\\/paula-ravasco-women-in-science-book-tribute\\\/\",\"url\":\"https:\\\/\\\/cac-cl.pt\\\/paula-ravasco-women-in-science-book-tribute\\\/\",\"name\":\"Professor Paula Ravasco in \u201cWomen in Science\u201d Book Tribute\",\"isPartOf\":{\"@id\":\"https:\\\/\\\/cac-cl.pt\\\/#website\"},\"primaryImageOfPage\":{\"@id\":\"https:\\\/\\\/cac-cl.pt\\\/paula-ravasco-women-in-science-book-tribute\\\/#primaryimage\"},\"image\":{\"@id\":\"https:\\\/\\\/cac-cl.pt\\\/paula-ravasco-women-in-science-book-tribute\\\/#primaryimage\"},\"thumbnailUrl\":\"https:\\\/\\\/cac-cl.pt\\\/wp-content\\\/uploads\\\/2025\\\/06\\\/Prof-Paula-Ravasco-scaled.jpg\",\"datePublished\":\"2025-06-25T09:23:33+00:00\",\"dateModified\":\"2025-07-17T09:21:28+00:00\",\"description\":\"Paula Ravasco featured in \u201cWomen in Science\u201d by Ci\u00eancia Viva, recognising her contributions to nutrition, oncology and academic excellence.\",\"breadcrumb\":{\"@id\":\"https:\\\/\\\/cac-cl.pt\\\/paula-ravasco-women-in-science-book-tribute\\\/#breadcrumb\"},\"inLanguage\":\"pt-PT\",\"potentialAction\":[{\"@type\":\"ReadAction\",\"target\":[\"https:\\\/\\\/cac-cl.pt\\\/paula-ravasco-women-in-science-book-tribute\\\/\"]}]},{\"@type\":\"ImageObject\",\"inLanguage\":\"pt-PT\",\"@id\":\"https:\\\/\\\/cac-cl.pt\\\/paula-ravasco-women-in-science-book-tribute\\\/#primaryimage\",\"url\":\"https:\\\/\\\/cac-cl.pt\\\/wp-content\\\/uploads\\\/2025\\\/06\\\/Prof-Paula-Ravasco-scaled.jpg\",\"contentUrl\":\"https:\\\/\\\/cac-cl.pt\\\/wp-content\\\/uploads\\\/2025\\\/06\\\/Prof-Paula-Ravasco-scaled.jpg\",\"width\":2560,\"height\":2146,\"caption\":\"Paula Ravasco featured in Women in Science book by Ci\u00eancia Viva\"},{\"@type\":\"BreadcrumbList\",\"@id\":\"https:\\\/\\\/cac-cl.pt\\\/paula-ravasco-women-in-science-book-tribute\\\/#breadcrumb\",\"itemListElement\":[{\"@type\":\"ListItem\",\"position\":1,\"name\":\"In\u00edcio\",\"item\":\"https:\\\/\\\/cac-cl.pt\\\/\"},{\"@type\":\"ListItem\",\"position\":2,\"name\":\"Professor Paula Ravasco Recognised on the book \u201cWomen in Science\u201d\"}]},{\"@type\":\"WebSite\",\"@id\":\"https:\\\/\\\/cac-cl.pt\\\/#website\",\"url\":\"https:\\\/\\\/cac-cl.pt\\\/\",\"name\":\"Centro Acad\u00e9mico Cl\u00ednico Cat\u00f3lica Luz (CAC-CL)\",\"description\":\"Centro Acad\u00e9mico Cl\u00ednico Cat\u00f3lica Luz\",\"publisher\":{\"@id\":\"https:\\\/\\\/cac-cl.pt\\\/#organization\"},\"alternateName\":\"CAC-CL\",\"potentialAction\":[{\"@type\":\"SearchAction\",\"target\":{\"@type\":\"EntryPoint\",\"urlTemplate\":\"https:\\\/\\\/cac-cl.pt\\\/?s={search_term_string}\"},\"query-input\":{\"@type\":\"PropertyValueSpecification\",\"valueRequired\":true,\"valueName\":\"search_term_string\"}}],\"inLanguage\":\"pt-PT\"},{\"@type\":\"Organization\",\"@id\":\"https:\\\/\\\/cac-cl.pt\\\/#organization\",\"name\":\"Centro Acad\u00e9mico Cl\u00ednico Cat\u00f3lica Luz (CAC-CL)\",\"alternateName\":\"CAC-CL\",\"url\":\"https:\\\/\\\/cac-cl.pt\\\/\",\"logo\":{\"@type\":\"ImageObject\",\"inLanguage\":\"pt-PT\",\"@id\":\"https:\\\/\\\/cac-cl.pt\\\/#\\\/schema\\\/logo\\\/image\\\/\",\"url\":\"https:\\\/\\\/cac-cl.pt\\\/wp-content\\\/uploads\\\/2024\\\/04\\\/cropped-CAC_Logotipo_Principal_Positivo-e1712844263631.png\",\"contentUrl\":\"https:\\\/\\\/cac-cl.pt\\\/wp-content\\\/uploads\\\/2024\\\/04\\\/cropped-CAC_Logotipo_Principal_Positivo-e1712844263631.png\",\"width\":2249,\"height\":1409,\"caption\":\"Centro Acad\u00e9mico Cl\u00ednico Cat\u00f3lica Luz (CAC-CL)\"},\"image\":{\"@id\":\"https:\\\/\\\/cac-cl.pt\\\/#\\\/schema\\\/logo\\\/image\\\/\"},\"sameAs\":[\"https:\\\/\\\/www.linkedin.com\\\/company\\\/caolica-luz-cac\\\/\",\"https:\\\/\\\/www.instagram.com\\\/caccl.pt\\\/\",\"https:\\\/\\\/pt.pinterest.com\\\/catolicaluz\\\/\"]},{\"@type\":\"Person\",\"@id\":\"https:\\\/\\\/cac-cl.pt\\\/#\\\/schema\\\/person\\\/c09c41364ed1103a75086a2c00052975\",\"name\":\"cacclpt\",\"image\":{\"@type\":\"ImageObject\",\"inLanguage\":\"pt-PT\",\"@id\":\"https:\\\/\\\/secure.gravatar.com\\\/avatar\\\/e62818874125131105711e60ec6e0aabbb8b357c5c5100eca07aa1e9a256d55d?s=96&d=mm&r=g\",\"url\":\"https:\\\/\\\/secure.gravatar.com\\\/avatar\\\/e62818874125131105711e60ec6e0aabbb8b357c5c5100eca07aa1e9a256d55d?s=96&d=mm&r=g\",\"contentUrl\":\"https:\\\/\\\/secure.gravatar.com\\\/avatar\\\/e62818874125131105711e60ec6e0aabbb8b357c5c5100eca07aa1e9a256d55d?s=96&d=mm&r=g\",\"caption\":\"cacclpt\"},\"sameAs\":[\"https:\\\/\\\/cac-cl.pt\"],\"url\":\"https:\\\/\\\/cac-cl.pt\\\/pt\\\/author\\\/cacclpt1\\\/\"}]}<\/script>\n<!-- \/ Yoast SEO plugin. -->","yoast_head_json":{"title":"Professor Paula Ravasco in \u201cWomen in Science\u201d Book Tribute","description":"Paula Ravasco featured in \u201cWomen in Science\u201d by Ci\u00eancia Viva, recognising her contributions to nutrition, oncology and academic excellence.","robots":{"index":"index","follow":"follow","max-snippet":"max-snippet:-1","max-image-preview":"max-image-preview:large","max-video-preview":"max-video-preview:-1"},"canonical":"https:\/\/cac-cl.pt\/pt\/paula-ravasco-women-in-science-book-tribute\/","og_locale":"pt_PT","og_type":"article","og_title":"Professor Paula Ravasco in \u201cWomen in Science\u201d Book Tribute","og_description":"Paula Ravasco featured in \u201cWomen in Science\u201d by Ci\u00eancia Viva, recognising her contributions to nutrition, oncology and academic excellence.","og_url":"https:\/\/cac-cl.pt\/pt\/paula-ravasco-women-in-science-book-tribute\/","og_site_name":"Centro Acad\u00e9mico Cl\u00ednico Cat\u00f3lica Luz (CAC-CL)","article_published_time":"2025-06-25T09:23:33+00:00","article_modified_time":"2025-07-17T09:21:28+00:00","og_image":[{"width":2560,"height":2146,"url":"https:\/\/cac-cl.pt\/wp-content\/uploads\/2025\/06\/Prof-Paula-Ravasco-scaled.jpg","type":"image\/jpeg"}],"author":"cacclpt","twitter_card":"summary_large_image","twitter_misc":{"Escrito por":"cacclpt","Tempo estimado de leitura":"1 minuto"},"schema":{"@context":"https:\/\/schema.org","@graph":[{"@type":"Article","@id":"https:\/\/cac-cl.pt\/paula-ravasco-women-in-science-book-tribute\/#article","isPartOf":{"@id":"https:\/\/cac-cl.pt\/paula-ravasco-women-in-science-book-tribute\/"},"author":{"name":"cacclpt","@id":"https:\/\/cac-cl.pt\/#\/schema\/person\/c09c41364ed1103a75086a2c00052975"},"headline":"Professor Paula Ravasco Recognised on the book \u201cWomen in Science\u201d","datePublished":"2025-06-25T09:23:33+00:00","dateModified":"2025-07-17T09:21:28+00:00","mainEntityOfPage":{"@id":"https:\/\/cac-cl.pt\/paula-ravasco-women-in-science-book-tribute\/"},"wordCount":255,"commentCount":0,"publisher":{"@id":"https:\/\/cac-cl.pt\/#organization"},"image":{"@id":"https:\/\/cac-cl.pt\/paula-ravasco-women-in-science-book-tribute\/#primaryimage"},"thumbnailUrl":"https:\/\/cac-cl.pt\/wp-content\/uploads\/2025\/06\/Prof-Paula-Ravasco-scaled.jpg","articleSection":["News"],"inLanguage":"pt-PT","potentialAction":[{"@type":"CommentAction","name":"Comment","target":["https:\/\/cac-cl.pt\/paula-ravasco-women-in-science-book-tribute\/#respond"]}]},{"@type":"WebPage","@id":"https:\/\/cac-cl.pt\/paula-ravasco-women-in-science-book-tribute\/","url":"https:\/\/cac-cl.pt\/paula-ravasco-women-in-science-book-tribute\/","name":"Professor Paula Ravasco in \u201cWomen in Science\u201d Book Tribute","isPartOf":{"@id":"https:\/\/cac-cl.pt\/#website"},"primaryImageOfPage":{"@id":"https:\/\/cac-cl.pt\/paula-ravasco-women-in-science-book-tribute\/#primaryimage"},"image":{"@id":"https:\/\/cac-cl.pt\/paula-ravasco-women-in-science-book-tribute\/#primaryimage"},"thumbnailUrl":"https:\/\/cac-cl.pt\/wp-content\/uploads\/2025\/06\/Prof-Paula-Ravasco-scaled.jpg","datePublished":"2025-06-25T09:23:33+00:00","dateModified":"2025-07-17T09:21:28+00:00","description":"Paula Ravasco featured in \u201cWomen in Science\u201d by Ci\u00eancia Viva, recognising her contributions to nutrition, oncology and academic excellence.","breadcrumb":{"@id":"https:\/\/cac-cl.pt\/paula-ravasco-women-in-science-book-tribute\/#breadcrumb"},"inLanguage":"pt-PT","potentialAction":[{"@type":"ReadAction","target":["https:\/\/cac-cl.pt\/paula-ravasco-women-in-science-book-tribute\/"]}]},{"@type":"ImageObject","inLanguage":"pt-PT","@id":"https:\/\/cac-cl.pt\/paula-ravasco-women-in-science-book-tribute\/#primaryimage","url":"https:\/\/cac-cl.pt\/wp-content\/uploads\/2025\/06\/Prof-Paula-Ravasco-scaled.jpg","contentUrl":"https:\/\/cac-cl.pt\/wp-content\/uploads\/2025\/06\/Prof-Paula-Ravasco-scaled.jpg","width":2560,"height":2146,"caption":"Paula Ravasco featured in Women in Science book by Ci\u00eancia Viva"},{"@type":"BreadcrumbList","@id":"https:\/\/cac-cl.pt\/paula-ravasco-women-in-science-book-tribute\/#breadcrumb","itemListElement":[{"@type":"ListItem","position":1,"name":"In\u00edcio","item":"https:\/\/cac-cl.pt\/"},{"@type":"ListItem","position":2,"name":"Professor Paula Ravasco Recognised on the book \u201cWomen in Science\u201d"}]},{"@type":"WebSite","@id":"https:\/\/cac-cl.pt\/#website","url":"https:\/\/cac-cl.pt\/","name":"Centro Acad\u00e9mico Cl\u00ednico Cat\u00f3lica Luz (CAC-CL)","description":"Centro Acad\u00e9mico Cl\u00ednico Cat\u00f3lica Luz","publisher":{"@id":"https:\/\/cac-cl.pt\/#organization"},"alternateName":"CAC-CL","potentialAction":[{"@type":"SearchAction","target":{"@type":"EntryPoint","urlTemplate":"https:\/\/cac-cl.pt\/?s={search_term_string}"},"query-input":{"@type":"PropertyValueSpecification","valueRequired":true,"valueName":"search_term_string"}}],"inLanguage":"pt-PT"},{"@type":"Organization","@id":"https:\/\/cac-cl.pt\/#organization","name":"Centro Acad\u00e9mico Cl\u00ednico Cat\u00f3lica Luz (CAC-CL)","alternateName":"CAC-CL","url":"https:\/\/cac-cl.pt\/","logo":{"@type":"ImageObject","inLanguage":"pt-PT","@id":"https:\/\/cac-cl.pt\/#\/schema\/logo\/image\/","url":"https:\/\/cac-cl.pt\/wp-content\/uploads\/2024\/04\/cropped-CAC_Logotipo_Principal_Positivo-e1712844263631.png","contentUrl":"https:\/\/cac-cl.pt\/wp-content\/uploads\/2024\/04\/cropped-CAC_Logotipo_Principal_Positivo-e1712844263631.png","width":2249,"height":1409,"caption":"Centro Acad\u00e9mico Cl\u00ednico Cat\u00f3lica Luz (CAC-CL)"},"image":{"@id":"https:\/\/cac-cl.pt\/#\/schema\/logo\/image\/"},"sameAs":["https:\/\/www.linkedin.com\/company\/caolica-luz-cac\/","https:\/\/www.instagram.com\/caccl.pt\/","https:\/\/pt.pinterest.com\/catolicaluz\/"]},{"@type":"Person","@id":"https:\/\/cac-cl.pt\/#\/schema\/person\/c09c41364ed1103a75086a2c00052975","name":"cacclpt","image":{"@type":"ImageObject","inLanguage":"pt-PT","@id":"https:\/\/secure.gravatar.com\/avatar\/e62818874125131105711e60ec6e0aabbb8b357c5c5100eca07aa1e9a256d55d?s=96&d=mm&r=g","url":"https:\/\/secure.gravatar.com\/avatar\/e62818874125131105711e60ec6e0aabbb8b357c5c5100eca07aa1e9a256d55d?s=96&d=mm&r=g","contentUrl":"https:\/\/secure.gravatar.com\/avatar\/e62818874125131105711e60ec6e0aabbb8b357c5c5100eca07aa1e9a256d55d?s=96&d=mm&r=g","caption":"cacclpt"},"sameAs":["https:\/\/cac-cl.pt"],"url":"https:\/\/cac-cl.pt\/pt\/author\/cacclpt1\/"}]}},"_links":{"self":[{"href":"https:\/\/cac-cl.pt\/pt\/wp-json\/wp\/v2\/posts\/13011","targetHints":{"allow":["GET"]}}],"collection":[{"href":"https:\/\/cac-cl.pt\/pt\/wp-json\/wp\/v2\/posts"}],"about":[{"href":"https:\/\/cac-cl.pt\/pt\/wp-json\/wp\/v2\/types\/post"}],"author":[{"embeddable":true,"href":"https:\/\/cac-cl.pt\/pt\/wp-json\/wp\/v2\/users\/1"}],"replies":[{"embeddable":true,"href":"https:\/\/cac-cl.pt\/pt\/wp-json\/wp\/v2\/comments?post=13011"}],"version-history":[{"count":5,"href":"https:\/\/cac-cl.pt\/pt\/wp-json\/wp\/v2\/posts\/13011\/revisions"}],"predecessor-version":[{"id":13143,"href":"https:\/\/cac-cl.pt\/pt\/wp-json\/wp\/v2\/posts\/13011\/revisions\/13143"}],"wp:featuredmedia":[{"embeddable":true,"href":"https:\/\/cac-cl.pt\/pt\/wp-json\/wp\/v2\/media\/13012"}],"wp:attachment":[{"href":"https:\/\/cac-cl.pt\/pt\/wp-json\/wp\/v2\/media?parent=13011"}],"wp:term":[{"taxonomy":"category","embeddable":true,"href":"https:\/\/cac-cl.pt\/pt\/wp-json\/wp\/v2\/categories?post=13011"},{"taxonomy":"post_tag","embeddable":true,"href":"https:\/\/cac-cl.pt\/pt\/wp-json\/wp\/v2\/tags?post=13011"}],"curies":[{"name":"wp","href":"https:\/\/api.w.org\/{rel}","templated":true}]}}