{"id":13018,"date":"2025-06-25T10:17:25","date_gmt":"2025-06-25T10:17:25","guid":{"rendered":"https:\/\/cac-cl.pt\/?p=13018"},"modified":"2025-07-17T10:11:49","modified_gmt":"2025-07-17T10:11:49","slug":"world-blood-donor-day-cac-cl","status":"publish","type":"post","link":"https:\/\/cac-cl.pt\/pt\/world-blood-donor-day-cac-cl\/","title":{"rendered":"Dean of Cat\u00f3lica Medical School and President of CAC-CL highlights the importance of blood donation in interview with CNN Portugal"},"content":{"rendered":"<p>On June 14th, <em>World Blood Donor Day<\/em> was celebrated globally to honor and thank all voluntary blood donors who help save lives every day.<\/p>\n\n\n\n<p>Professor Ant\u00f3nio Medina de Almeida, Hematologist, Dean of Cat\u00f3lica Medical School, and President of the Cat\u00f3lica Luz Clinical Academic Centre (CAC-CL), participated in a special segment on CNN Portugal. During the interview, he emphasized the <strong>vital role of blood donation<\/strong> in healthcare systems and its life-saving impact in situations such as emergency care, surgeries, and chronic disease management.<\/p>\n\n\n\n<p>World Blood Donor Day serves as a reminder of the urgent need for safe blood and blood products. Professor Medina de Almeida called attention to the fact that blood donation is a generous act that cannot be replaced by technology and remains essential to modern medicine. He also urged the public, especially young adults, to consider regular blood donations as a civic duty and expression of solidarity.<\/p>\n\n\n\n<p>At CAC-CL, our mission goes beyond clinical research and innovation. We are committed to supporting health literacy campaigns that raise awareness about public health issues such as the importance of blood donation. Through events like <em>World Blood Donor Day<\/em>, we hope to inspire a new generation of healthcare professionals and citizens to engage with health challenges in a human-centered way.<\/p>\n\n\n\n<p><\/p>","protected":false},"excerpt":{"rendered":"<p>On June 14th, World Blood Donor Day was celebrated globally to honor and thank all voluntary blood donors who help save lives every day. Professor Ant\u00f3nio Medina de Almeida, Hematologist, Dean of Cat\u00f3lica Medical School, and President of the Cat\u00f3lica Luz Clinical Academic Centre (CAC-CL), participated in a special segment on CNN Portugal. During the [&hellip;]<\/p>\n","protected":false},"author":1,"featured_media":13019,"comment_status":"open","ping_status":"open","sticky":false,"template":"","format":"standard","meta":{"_acf_changed":false,"inline_featured_image":false,"footnotes":""},"categories":[134],"tags":[],"class_list":["post-13018","post","type-post","status-publish","format-standard","has-post-thumbnail","hentry","category-news"],"acf":[],"yoast_head":"<!-- This site is optimized with the Yoast SEO plugin v27.5 - https:\/\/yoast.com\/product\/yoast-seo-wordpress\/ -->\n<title>World Blood Donor Day: CAC-CL President Highlights Its Impact<\/title>\n<meta name=\"description\" content=\"On World Blood Donor Day, Professor Ant\u00f3nio Medina de Almeida highlights the importance of blood donation in an interview with CNN Portugal.\" \/>\n<meta name=\"robots\" content=\"index, follow, max-snippet:-1, max-image-preview:large, max-video-preview:-1\" \/>\n<link rel=\"canonical\" href=\"https:\/\/cac-cl.pt\/pt\/world-blood-donor-day-cac-cl\/\" \/>\n<meta property=\"og:locale\" content=\"pt_PT\" \/>\n<meta property=\"og:type\" content=\"article\" \/>\n<meta property=\"og:title\" content=\"World Blood Donor Day: CAC-CL President Highlights Its Impact\" \/>\n<meta property=\"og:description\" content=\"On World Blood Donor Day, Professor Ant\u00f3nio Medina de Almeida highlights the importance of blood donation in an interview with CNN Portugal.\" \/>\n<meta property=\"og:url\" content=\"https:\/\/cac-cl.pt\/pt\/world-blood-donor-day-cac-cl\/\" \/>\n<meta property=\"og:site_name\" content=\"Centro Acad\u00e9mico Cl\u00ednico Cat\u00f3lica Luz (CAC-CL)\" \/>\n<meta property=\"article:published_time\" content=\"2025-06-25T10:17:25+00:00\" \/>\n<meta property=\"article:modified_time\" content=\"2025-07-17T10:11:49+00:00\" \/>\n<meta property=\"og:image\" content=\"https:\/\/cac-cl.pt\/wp-content\/uploads\/2025\/06\/1309-scaled.jpg\" \/>\n\t<meta property=\"og:image:width\" content=\"2560\" \/>\n\t<meta property=\"og:image:height\" content=\"1709\" \/>\n\t<meta property=\"og:image:type\" content=\"image\/jpeg\" \/>\n<meta name=\"author\" content=\"cacclpt\" \/>\n<meta name=\"twitter:card\" content=\"summary_large_image\" \/>\n<meta name=\"twitter:label1\" content=\"Escrito por\" \/>\n\t<meta name=\"twitter:data1\" content=\"cacclpt\" \/>\n\t<meta name=\"twitter:label2\" content=\"Tempo estimado de leitura\" \/>\n\t<meta name=\"twitter:data2\" content=\"2 minutos\" \/>\n<script type=\"application\/ld+json\" class=\"yoast-schema-graph\">{\"@context\":\"https:\\\/\\\/schema.org\",\"@graph\":[{\"@type\":\"Article\",\"@id\":\"https:\\\/\\\/cac-cl.pt\\\/world-blood-donor-day-cac-cl\\\/#article\",\"isPartOf\":{\"@id\":\"https:\\\/\\\/cac-cl.pt\\\/world-blood-donor-day-cac-cl\\\/\"},\"author\":{\"name\":\"cacclpt\",\"@id\":\"https:\\\/\\\/cac-cl.pt\\\/#\\\/schema\\\/person\\\/c09c41364ed1103a75086a2c00052975\"},\"headline\":\"Dean of Cat\u00f3lica Medical School and President of CAC-CL highlights the importance of blood donation in interview with CNN Portugal\",\"datePublished\":\"2025-06-25T10:17:25+00:00\",\"dateModified\":\"2025-07-17T10:11:49+00:00\",\"mainEntityOfPage\":{\"@id\":\"https:\\\/\\\/cac-cl.pt\\\/world-blood-donor-day-cac-cl\\\/\"},\"wordCount\":233,\"commentCount\":0,\"publisher\":{\"@id\":\"https:\\\/\\\/cac-cl.pt\\\/#organization\"},\"image\":{\"@id\":\"https:\\\/\\\/cac-cl.pt\\\/world-blood-donor-day-cac-cl\\\/#primaryimage\"},\"thumbnailUrl\":\"https:\\\/\\\/cac-cl.pt\\\/wp-content\\\/uploads\\\/2025\\\/06\\\/1309-scaled.jpg\",\"articleSection\":[\"News\"],\"inLanguage\":\"pt-PT\",\"potentialAction\":[{\"@type\":\"CommentAction\",\"name\":\"Comment\",\"target\":[\"https:\\\/\\\/cac-cl.pt\\\/world-blood-donor-day-cac-cl\\\/#respond\"]}]},{\"@type\":\"WebPage\",\"@id\":\"https:\\\/\\\/cac-cl.pt\\\/world-blood-donor-day-cac-cl\\\/\",\"url\":\"https:\\\/\\\/cac-cl.pt\\\/world-blood-donor-day-cac-cl\\\/\",\"name\":\"World Blood Donor Day: CAC-CL President Highlights Its Impact\",\"isPartOf\":{\"@id\":\"https:\\\/\\\/cac-cl.pt\\\/#website\"},\"primaryImageOfPage\":{\"@id\":\"https:\\\/\\\/cac-cl.pt\\\/world-blood-donor-day-cac-cl\\\/#primaryimage\"},\"image\":{\"@id\":\"https:\\\/\\\/cac-cl.pt\\\/world-blood-donor-day-cac-cl\\\/#primaryimage\"},\"thumbnailUrl\":\"https:\\\/\\\/cac-cl.pt\\\/wp-content\\\/uploads\\\/2025\\\/06\\\/1309-scaled.jpg\",\"datePublished\":\"2025-06-25T10:17:25+00:00\",\"dateModified\":\"2025-07-17T10:11:49+00:00\",\"description\":\"On World Blood Donor Day, Professor Ant\u00f3nio Medina de Almeida highlights the importance of blood donation in an interview with CNN Portugal.\",\"breadcrumb\":{\"@id\":\"https:\\\/\\\/cac-cl.pt\\\/world-blood-donor-day-cac-cl\\\/#breadcrumb\"},\"inLanguage\":\"pt-PT\",\"potentialAction\":[{\"@type\":\"ReadAction\",\"target\":[\"https:\\\/\\\/cac-cl.pt\\\/world-blood-donor-day-cac-cl\\\/\"]}]},{\"@type\":\"ImageObject\",\"inLanguage\":\"pt-PT\",\"@id\":\"https:\\\/\\\/cac-cl.pt\\\/world-blood-donor-day-cac-cl\\\/#primaryimage\",\"url\":\"https:\\\/\\\/cac-cl.pt\\\/wp-content\\\/uploads\\\/2025\\\/06\\\/1309-scaled.jpg\",\"contentUrl\":\"https:\\\/\\\/cac-cl.pt\\\/wp-content\\\/uploads\\\/2025\\\/06\\\/1309-scaled.jpg\",\"width\":2560,\"height\":1709,\"caption\":\"dean-antonio-almeida\"},{\"@type\":\"BreadcrumbList\",\"@id\":\"https:\\\/\\\/cac-cl.pt\\\/world-blood-donor-day-cac-cl\\\/#breadcrumb\",\"itemListElement\":[{\"@type\":\"ListItem\",\"position\":1,\"name\":\"In\u00edcio\",\"item\":\"https:\\\/\\\/cac-cl.pt\\\/\"},{\"@type\":\"ListItem\",\"position\":2,\"name\":\"Dean of Cat\u00f3lica Medical School and President of CAC-CL highlights the importance of blood donation in interview with CNN Portugal\"}]},{\"@type\":\"WebSite\",\"@id\":\"https:\\\/\\\/cac-cl.pt\\\/#website\",\"url\":\"https:\\\/\\\/cac-cl.pt\\\/\",\"name\":\"Centro Acad\u00e9mico Cl\u00ednico Cat\u00f3lica Luz (CAC-CL)\",\"description\":\"Centro Acad\u00e9mico Cl\u00ednico Cat\u00f3lica Luz\",\"publisher\":{\"@id\":\"https:\\\/\\\/cac-cl.pt\\\/#organization\"},\"alternateName\":\"CAC-CL\",\"potentialAction\":[{\"@type\":\"SearchAction\",\"target\":{\"@type\":\"EntryPoint\",\"urlTemplate\":\"https:\\\/\\\/cac-cl.pt\\\/?s={search_term_string}\"},\"query-input\":{\"@type\":\"PropertyValueSpecification\",\"valueRequired\":true,\"valueName\":\"search_term_string\"}}],\"inLanguage\":\"pt-PT\"},{\"@type\":\"Organization\",\"@id\":\"https:\\\/\\\/cac-cl.pt\\\/#organization\",\"name\":\"Centro Acad\u00e9mico Cl\u00ednico Cat\u00f3lica Luz (CAC-CL)\",\"alternateName\":\"CAC-CL\",\"url\":\"https:\\\/\\\/cac-cl.pt\\\/\",\"logo\":{\"@type\":\"ImageObject\",\"inLanguage\":\"pt-PT\",\"@id\":\"https:\\\/\\\/cac-cl.pt\\\/#\\\/schema\\\/logo\\\/image\\\/\",\"url\":\"https:\\\/\\\/cac-cl.pt\\\/wp-content\\\/uploads\\\/2024\\\/04\\\/cropped-CAC_Logotipo_Principal_Positivo-e1712844263631.png\",\"contentUrl\":\"https:\\\/\\\/cac-cl.pt\\\/wp-content\\\/uploads\\\/2024\\\/04\\\/cropped-CAC_Logotipo_Principal_Positivo-e1712844263631.png\",\"width\":2249,\"height\":1409,\"caption\":\"Centro Acad\u00e9mico Cl\u00ednico Cat\u00f3lica Luz (CAC-CL)\"},\"image\":{\"@id\":\"https:\\\/\\\/cac-cl.pt\\\/#\\\/schema\\\/logo\\\/image\\\/\"},\"sameAs\":[\"https:\\\/\\\/www.linkedin.com\\\/company\\\/caolica-luz-cac\\\/\",\"https:\\\/\\\/www.instagram.com\\\/caccl.pt\\\/\",\"https:\\\/\\\/pt.pinterest.com\\\/catolicaluz\\\/\"]},{\"@type\":\"Person\",\"@id\":\"https:\\\/\\\/cac-cl.pt\\\/#\\\/schema\\\/person\\\/c09c41364ed1103a75086a2c00052975\",\"name\":\"cacclpt\",\"image\":{\"@type\":\"ImageObject\",\"inLanguage\":\"pt-PT\",\"@id\":\"https:\\\/\\\/secure.gravatar.com\\\/avatar\\\/e62818874125131105711e60ec6e0aabbb8b357c5c5100eca07aa1e9a256d55d?s=96&d=mm&r=g\",\"url\":\"https:\\\/\\\/secure.gravatar.com\\\/avatar\\\/e62818874125131105711e60ec6e0aabbb8b357c5c5100eca07aa1e9a256d55d?s=96&d=mm&r=g\",\"contentUrl\":\"https:\\\/\\\/secure.gravatar.com\\\/avatar\\\/e62818874125131105711e60ec6e0aabbb8b357c5c5100eca07aa1e9a256d55d?s=96&d=mm&r=g\",\"caption\":\"cacclpt\"},\"sameAs\":[\"https:\\\/\\\/cac-cl.pt\"],\"url\":\"https:\\\/\\\/cac-cl.pt\\\/pt\\\/author\\\/cacclpt1\\\/\"}]}<\/script>\n<!-- \/ Yoast SEO plugin. -->","yoast_head_json":{"title":"World Blood Donor Day: CAC-CL President Highlights Its Impact","description":"On World Blood Donor Day, Professor Ant\u00f3nio Medina de Almeida highlights the importance of blood donation in an interview with CNN Portugal.","robots":{"index":"index","follow":"follow","max-snippet":"max-snippet:-1","max-image-preview":"max-image-preview:large","max-video-preview":"max-video-preview:-1"},"canonical":"https:\/\/cac-cl.pt\/pt\/world-blood-donor-day-cac-cl\/","og_locale":"pt_PT","og_type":"article","og_title":"World Blood Donor Day: CAC-CL President Highlights Its Impact","og_description":"On World Blood Donor Day, Professor Ant\u00f3nio Medina de Almeida highlights the importance of blood donation in an interview with CNN Portugal.","og_url":"https:\/\/cac-cl.pt\/pt\/world-blood-donor-day-cac-cl\/","og_site_name":"Centro Acad\u00e9mico Cl\u00ednico Cat\u00f3lica Luz (CAC-CL)","article_published_time":"2025-06-25T10:17:25+00:00","article_modified_time":"2025-07-17T10:11:49+00:00","og_image":[{"width":2560,"height":1709,"url":"https:\/\/cac-cl.pt\/wp-content\/uploads\/2025\/06\/1309-scaled.jpg","type":"image\/jpeg"}],"author":"cacclpt","twitter_card":"summary_large_image","twitter_misc":{"Escrito por":"cacclpt","Tempo estimado de leitura":"2 minutos"},"schema":{"@context":"https:\/\/schema.org","@graph":[{"@type":"Article","@id":"https:\/\/cac-cl.pt\/world-blood-donor-day-cac-cl\/#article","isPartOf":{"@id":"https:\/\/cac-cl.pt\/world-blood-donor-day-cac-cl\/"},"author":{"name":"cacclpt","@id":"https:\/\/cac-cl.pt\/#\/schema\/person\/c09c41364ed1103a75086a2c00052975"},"headline":"Dean of Cat\u00f3lica Medical School and President of CAC-CL highlights the importance of blood donation in interview with CNN Portugal","datePublished":"2025-06-25T10:17:25+00:00","dateModified":"2025-07-17T10:11:49+00:00","mainEntityOfPage":{"@id":"https:\/\/cac-cl.pt\/world-blood-donor-day-cac-cl\/"},"wordCount":233,"commentCount":0,"publisher":{"@id":"https:\/\/cac-cl.pt\/#organization"},"image":{"@id":"https:\/\/cac-cl.pt\/world-blood-donor-day-cac-cl\/#primaryimage"},"thumbnailUrl":"https:\/\/cac-cl.pt\/wp-content\/uploads\/2025\/06\/1309-scaled.jpg","articleSection":["News"],"inLanguage":"pt-PT","potentialAction":[{"@type":"CommentAction","name":"Comment","target":["https:\/\/cac-cl.pt\/world-blood-donor-day-cac-cl\/#respond"]}]},{"@type":"WebPage","@id":"https:\/\/cac-cl.pt\/world-blood-donor-day-cac-cl\/","url":"https:\/\/cac-cl.pt\/world-blood-donor-day-cac-cl\/","name":"World Blood Donor Day: CAC-CL President Highlights Its Impact","isPartOf":{"@id":"https:\/\/cac-cl.pt\/#website"},"primaryImageOfPage":{"@id":"https:\/\/cac-cl.pt\/world-blood-donor-day-cac-cl\/#primaryimage"},"image":{"@id":"https:\/\/cac-cl.pt\/world-blood-donor-day-cac-cl\/#primaryimage"},"thumbnailUrl":"https:\/\/cac-cl.pt\/wp-content\/uploads\/2025\/06\/1309-scaled.jpg","datePublished":"2025-06-25T10:17:25+00:00","dateModified":"2025-07-17T10:11:49+00:00","description":"On World Blood Donor Day, Professor Ant\u00f3nio Medina de Almeida highlights the importance of blood donation in an interview with CNN Portugal.","breadcrumb":{"@id":"https:\/\/cac-cl.pt\/world-blood-donor-day-cac-cl\/#breadcrumb"},"inLanguage":"pt-PT","potentialAction":[{"@type":"ReadAction","target":["https:\/\/cac-cl.pt\/world-blood-donor-day-cac-cl\/"]}]},{"@type":"ImageObject","inLanguage":"pt-PT","@id":"https:\/\/cac-cl.pt\/world-blood-donor-day-cac-cl\/#primaryimage","url":"https:\/\/cac-cl.pt\/wp-content\/uploads\/2025\/06\/1309-scaled.jpg","contentUrl":"https:\/\/cac-cl.pt\/wp-content\/uploads\/2025\/06\/1309-scaled.jpg","width":2560,"height":1709,"caption":"dean-antonio-almeida"},{"@type":"BreadcrumbList","@id":"https:\/\/cac-cl.pt\/world-blood-donor-day-cac-cl\/#breadcrumb","itemListElement":[{"@type":"ListItem","position":1,"name":"In\u00edcio","item":"https:\/\/cac-cl.pt\/"},{"@type":"ListItem","position":2,"name":"Dean of Cat\u00f3lica Medical School and President of CAC-CL highlights the importance of blood donation in interview with CNN Portugal"}]},{"@type":"WebSite","@id":"https:\/\/cac-cl.pt\/#website","url":"https:\/\/cac-cl.pt\/","name":"Centro Acad\u00e9mico Cl\u00ednico Cat\u00f3lica Luz (CAC-CL)","description":"Centro Acad\u00e9mico Cl\u00ednico Cat\u00f3lica Luz","publisher":{"@id":"https:\/\/cac-cl.pt\/#organization"},"alternateName":"CAC-CL","potentialAction":[{"@type":"SearchAction","target":{"@type":"EntryPoint","urlTemplate":"https:\/\/cac-cl.pt\/?s={search_term_string}"},"query-input":{"@type":"PropertyValueSpecification","valueRequired":true,"valueName":"search_term_string"}}],"inLanguage":"pt-PT"},{"@type":"Organization","@id":"https:\/\/cac-cl.pt\/#organization","name":"Centro Acad\u00e9mico Cl\u00ednico Cat\u00f3lica Luz (CAC-CL)","alternateName":"CAC-CL","url":"https:\/\/cac-cl.pt\/","logo":{"@type":"ImageObject","inLanguage":"pt-PT","@id":"https:\/\/cac-cl.pt\/#\/schema\/logo\/image\/","url":"https:\/\/cac-cl.pt\/wp-content\/uploads\/2024\/04\/cropped-CAC_Logotipo_Principal_Positivo-e1712844263631.png","contentUrl":"https:\/\/cac-cl.pt\/wp-content\/uploads\/2024\/04\/cropped-CAC_Logotipo_Principal_Positivo-e1712844263631.png","width":2249,"height":1409,"caption":"Centro Acad\u00e9mico Cl\u00ednico Cat\u00f3lica Luz (CAC-CL)"},"image":{"@id":"https:\/\/cac-cl.pt\/#\/schema\/logo\/image\/"},"sameAs":["https:\/\/www.linkedin.com\/company\/caolica-luz-cac\/","https:\/\/www.instagram.com\/caccl.pt\/","https:\/\/pt.pinterest.com\/catolicaluz\/"]},{"@type":"Person","@id":"https:\/\/cac-cl.pt\/#\/schema\/person\/c09c41364ed1103a75086a2c00052975","name":"cacclpt","image":{"@type":"ImageObject","inLanguage":"pt-PT","@id":"https:\/\/secure.gravatar.com\/avatar\/e62818874125131105711e60ec6e0aabbb8b357c5c5100eca07aa1e9a256d55d?s=96&d=mm&r=g","url":"https:\/\/secure.gravatar.com\/avatar\/e62818874125131105711e60ec6e0aabbb8b357c5c5100eca07aa1e9a256d55d?s=96&d=mm&r=g","contentUrl":"https:\/\/secure.gravatar.com\/avatar\/e62818874125131105711e60ec6e0aabbb8b357c5c5100eca07aa1e9a256d55d?s=96&d=mm&r=g","caption":"cacclpt"},"sameAs":["https:\/\/cac-cl.pt"],"url":"https:\/\/cac-cl.pt\/pt\/author\/cacclpt1\/"}]}},"_links":{"self":[{"href":"https:\/\/cac-cl.pt\/pt\/wp-json\/wp\/v2\/posts\/13018","targetHints":{"allow":["GET"]}}],"collection":[{"href":"https:\/\/cac-cl.pt\/pt\/wp-json\/wp\/v2\/posts"}],"about":[{"href":"https:\/\/cac-cl.pt\/pt\/wp-json\/wp\/v2\/types\/post"}],"author":[{"embeddable":true,"href":"https:\/\/cac-cl.pt\/pt\/wp-json\/wp\/v2\/users\/1"}],"replies":[{"embeddable":true,"href":"https:\/\/cac-cl.pt\/pt\/wp-json\/wp\/v2\/comments?post=13018"}],"version-history":[{"count":3,"href":"https:\/\/cac-cl.pt\/pt\/wp-json\/wp\/v2\/posts\/13018\/revisions"}],"predecessor-version":[{"id":13160,"href":"https:\/\/cac-cl.pt\/pt\/wp-json\/wp\/v2\/posts\/13018\/revisions\/13160"}],"wp:featuredmedia":[{"embeddable":true,"href":"https:\/\/cac-cl.pt\/pt\/wp-json\/wp\/v2\/media\/13019"}],"wp:attachment":[{"href":"https:\/\/cac-cl.pt\/pt\/wp-json\/wp\/v2\/media?parent=13018"}],"wp:term":[{"taxonomy":"category","embeddable":true,"href":"https:\/\/cac-cl.pt\/pt\/wp-json\/wp\/v2\/categories?post=13018"},{"taxonomy":"post_tag","embeddable":true,"href":"https:\/\/cac-cl.pt\/pt\/wp-json\/wp\/v2\/tags?post=13018"}],"curies":[{"name":"wp","href":"https:\/\/api.w.org\/{rel}","templated":true}]}}