{"id":13022,"date":"2025-06-25T10:28:51","date_gmt":"2025-06-25T10:28:51","guid":{"rendered":"https:\/\/cac-cl.pt\/?p=13022"},"modified":"2025-07-17T13:40:59","modified_gmt":"2025-07-17T13:40:59","slug":"medical-education-research-integration-national-impact","status":"publish","type":"post","link":"https:\/\/cac-cl.pt\/pt\/medical-education-research-integration-national-impact\/","title":{"rendered":"Medical Education and Research: An Integration with National Impact"},"content":{"rendered":"<p>Medical Education and Research Integration is a growing priority in modern academic medicine, aiming to align clinical training with cutting-edge research and scientific innovation!<\/p>\n\n\n\n<p><strong>Ant\u00f3nio Medina de Almeida,<\/strong> Dean of Cat\u00f3lica Medical School and President of CAC-CL, and <strong>Pedro Simas<\/strong>, Director of the Cat\u00f3lica Biomedical Research Centre, were invited by SAPO to contribute an opinion article about <strong>medical education and research.<\/strong><\/p>\n\n\n\n<p>In this contribution, the authors highlight how integrating medical education with active research creates a dynamic and future-ready learning ecosystem. By embedding students in research environments early on, medical schools can foster critical thinking, promote scientific literacy, and accelerate the translation of knowledge into clinical practice.<\/p>\n\n\n\n<p>\ud83d\udd17 <strong><strong>Read the full article here:<\/strong><\/strong> <a href=\"https:\/\/lifestyle.sapo.pt\/saude\/noticias-saude\/artigos\/ensino-medico-e-investigacao-uma-integracao-com-impacto-nacional\">Ensino m\u00e9dico e investiga\u00e7\u00e3o: uma integra\u00e7\u00e3o com impacto nacional &#8211; Atualidade &#8211; SAPO Lifestyle<\/a><\/p>\n\n\n\n<p>\ud83d\udd17 <strong>About our Integrated Master in Medicine:<\/strong> <a href=\"https:\/\/fm.ucp.pt\/integrated-master-medicine\/integrated-master-medicine\">https:\/\/fm.ucp.pt\/integrated-master-medicine\/integrated-master-medicine<\/a><\/p>\n\n\n\n<p>\ud83d\udd17<strong> Learn more about Medical Education in another article:<\/strong> <a href=\"https:\/\/cac-cl.pt\/science-of-learning-in-medical-education\/\">https:\/\/cac-cl.pt\/science-of-learning-in-medical-education\/<\/a><\/p>\n\n\n\n<p><\/p>\n\n\n\n<p><\/p>","protected":false},"excerpt":{"rendered":"<p>Medical Education and Research Integration is a growing priority in modern academic medicine, aiming to align clinical training with cutting-edge research and scientific innovation! Ant\u00f3nio Medina de Almeida, Dean of Cat\u00f3lica Medical School and President of CAC-CL, and Pedro Simas, Director of the Cat\u00f3lica Biomedical Research Centre, were invited by SAPO to contribute an opinion [&hellip;]<\/p>\n","protected":false},"author":1,"featured_media":13023,"comment_status":"open","ping_status":"open","sticky":false,"template":"","format":"standard","meta":{"_acf_changed":false,"inline_featured_image":false,"footnotes":""},"categories":[63,134],"tags":[],"class_list":["post-13022","post","type-post","status-publish","format-standard","has-post-thumbnail","hentry","category-article","category-news"],"acf":[],"yoast_head":"<!-- This site is optimized with the Yoast SEO plugin v27.5 - https:\/\/yoast.com\/product\/yoast-seo-wordpress\/ -->\n<title>Medical Education and Research Integration<\/title>\n<meta name=\"description\" content=\"Medical Education and Research Integration gains national visibility with an opinion article by Cat\u00f3lica Medical School and CAC-CL\" \/>\n<meta name=\"robots\" content=\"index, follow, max-snippet:-1, max-image-preview:large, max-video-preview:-1\" \/>\n<link rel=\"canonical\" href=\"https:\/\/cac-cl.pt\/pt\/medical-education-research-integration-national-impact\/\" \/>\n<meta property=\"og:locale\" content=\"pt_PT\" \/>\n<meta property=\"og:type\" content=\"article\" \/>\n<meta property=\"og:title\" content=\"Medical Education and Research Integration\" \/>\n<meta property=\"og:description\" content=\"Medical Education and Research Integration gains national visibility with an opinion article by Cat\u00f3lica Medical School and CAC-CL\" \/>\n<meta property=\"og:url\" content=\"https:\/\/cac-cl.pt\/pt\/medical-education-research-integration-national-impact\/\" \/>\n<meta property=\"og:site_name\" content=\"Centro Acad\u00e9mico Cl\u00ednico Cat\u00f3lica Luz (CAC-CL)\" \/>\n<meta property=\"article:published_time\" content=\"2025-06-25T10:28:51+00:00\" \/>\n<meta property=\"article:modified_time\" content=\"2025-07-17T13:40:59+00:00\" \/>\n<meta property=\"og:image\" content=\"https:\/\/cac-cl.pt\/wp-content\/uploads\/2025\/06\/453A0132-scaled.jpg\" \/>\n\t<meta property=\"og:image:width\" content=\"2560\" \/>\n\t<meta property=\"og:image:height\" content=\"1707\" \/>\n\t<meta property=\"og:image:type\" content=\"image\/jpeg\" \/>\n<meta name=\"author\" content=\"cacclpt\" \/>\n<meta name=\"twitter:card\" content=\"summary_large_image\" \/>\n<meta name=\"twitter:label1\" content=\"Escrito por\" \/>\n\t<meta name=\"twitter:data1\" content=\"cacclpt\" \/>\n\t<meta name=\"twitter:label2\" content=\"Tempo estimado de leitura\" \/>\n\t<meta name=\"twitter:data2\" content=\"1 minuto\" \/>\n<script type=\"application\/ld+json\" class=\"yoast-schema-graph\">{\"@context\":\"https:\\\/\\\/schema.org\",\"@graph\":[{\"@type\":\"Article\",\"@id\":\"https:\\\/\\\/cac-cl.pt\\\/medical-education-research-integration-national-impact\\\/#article\",\"isPartOf\":{\"@id\":\"https:\\\/\\\/cac-cl.pt\\\/medical-education-research-integration-national-impact\\\/\"},\"author\":{\"name\":\"cacclpt\",\"@id\":\"https:\\\/\\\/cac-cl.pt\\\/#\\\/schema\\\/person\\\/c09c41364ed1103a75086a2c00052975\"},\"headline\":\"Medical Education and Research: An Integration with National Impact\",\"datePublished\":\"2025-06-25T10:28:51+00:00\",\"dateModified\":\"2025-07-17T13:40:59+00:00\",\"mainEntityOfPage\":{\"@id\":\"https:\\\/\\\/cac-cl.pt\\\/medical-education-research-integration-national-impact\\\/\"},\"wordCount\":165,\"commentCount\":0,\"publisher\":{\"@id\":\"https:\\\/\\\/cac-cl.pt\\\/#organization\"},\"image\":{\"@id\":\"https:\\\/\\\/cac-cl.pt\\\/medical-education-research-integration-national-impact\\\/#primaryimage\"},\"thumbnailUrl\":\"https:\\\/\\\/cac-cl.pt\\\/wp-content\\\/uploads\\\/2025\\\/06\\\/453A0132-scaled.jpg\",\"articleSection\":[\"Article\",\"News\"],\"inLanguage\":\"pt-PT\",\"potentialAction\":[{\"@type\":\"CommentAction\",\"name\":\"Comment\",\"target\":[\"https:\\\/\\\/cac-cl.pt\\\/medical-education-research-integration-national-impact\\\/#respond\"]}]},{\"@type\":\"WebPage\",\"@id\":\"https:\\\/\\\/cac-cl.pt\\\/medical-education-research-integration-national-impact\\\/\",\"url\":\"https:\\\/\\\/cac-cl.pt\\\/medical-education-research-integration-national-impact\\\/\",\"name\":\"Medical Education and Research Integration\",\"isPartOf\":{\"@id\":\"https:\\\/\\\/cac-cl.pt\\\/#website\"},\"primaryImageOfPage\":{\"@id\":\"https:\\\/\\\/cac-cl.pt\\\/medical-education-research-integration-national-impact\\\/#primaryimage\"},\"image\":{\"@id\":\"https:\\\/\\\/cac-cl.pt\\\/medical-education-research-integration-national-impact\\\/#primaryimage\"},\"thumbnailUrl\":\"https:\\\/\\\/cac-cl.pt\\\/wp-content\\\/uploads\\\/2025\\\/06\\\/453A0132-scaled.jpg\",\"datePublished\":\"2025-06-25T10:28:51+00:00\",\"dateModified\":\"2025-07-17T13:40:59+00:00\",\"description\":\"Medical Education and Research Integration gains national visibility with an opinion article by Cat\u00f3lica Medical School and CAC-CL\",\"breadcrumb\":{\"@id\":\"https:\\\/\\\/cac-cl.pt\\\/medical-education-research-integration-national-impact\\\/#breadcrumb\"},\"inLanguage\":\"pt-PT\",\"potentialAction\":[{\"@type\":\"ReadAction\",\"target\":[\"https:\\\/\\\/cac-cl.pt\\\/medical-education-research-integration-national-impact\\\/\"]}]},{\"@type\":\"ImageObject\",\"inLanguage\":\"pt-PT\",\"@id\":\"https:\\\/\\\/cac-cl.pt\\\/medical-education-research-integration-national-impact\\\/#primaryimage\",\"url\":\"https:\\\/\\\/cac-cl.pt\\\/wp-content\\\/uploads\\\/2025\\\/06\\\/453A0132-scaled.jpg\",\"contentUrl\":\"https:\\\/\\\/cac-cl.pt\\\/wp-content\\\/uploads\\\/2025\\\/06\\\/453A0132-scaled.jpg\",\"width\":2560,\"height\":1707,\"caption\":\"Medical Education Research Integration at CAC-CL event\"},{\"@type\":\"BreadcrumbList\",\"@id\":\"https:\\\/\\\/cac-cl.pt\\\/medical-education-research-integration-national-impact\\\/#breadcrumb\",\"itemListElement\":[{\"@type\":\"ListItem\",\"position\":1,\"name\":\"In\u00edcio\",\"item\":\"https:\\\/\\\/cac-cl.pt\\\/\"},{\"@type\":\"ListItem\",\"position\":2,\"name\":\"Medical Education and Research: An Integration with National Impact\"}]},{\"@type\":\"WebSite\",\"@id\":\"https:\\\/\\\/cac-cl.pt\\\/#website\",\"url\":\"https:\\\/\\\/cac-cl.pt\\\/\",\"name\":\"Centro Acad\u00e9mico Cl\u00ednico Cat\u00f3lica Luz (CAC-CL)\",\"description\":\"Centro Acad\u00e9mico Cl\u00ednico Cat\u00f3lica Luz\",\"publisher\":{\"@id\":\"https:\\\/\\\/cac-cl.pt\\\/#organization\"},\"alternateName\":\"CAC-CL\",\"potentialAction\":[{\"@type\":\"SearchAction\",\"target\":{\"@type\":\"EntryPoint\",\"urlTemplate\":\"https:\\\/\\\/cac-cl.pt\\\/?s={search_term_string}\"},\"query-input\":{\"@type\":\"PropertyValueSpecification\",\"valueRequired\":true,\"valueName\":\"search_term_string\"}}],\"inLanguage\":\"pt-PT\"},{\"@type\":\"Organization\",\"@id\":\"https:\\\/\\\/cac-cl.pt\\\/#organization\",\"name\":\"Centro Acad\u00e9mico Cl\u00ednico Cat\u00f3lica Luz (CAC-CL)\",\"alternateName\":\"CAC-CL\",\"url\":\"https:\\\/\\\/cac-cl.pt\\\/\",\"logo\":{\"@type\":\"ImageObject\",\"inLanguage\":\"pt-PT\",\"@id\":\"https:\\\/\\\/cac-cl.pt\\\/#\\\/schema\\\/logo\\\/image\\\/\",\"url\":\"https:\\\/\\\/cac-cl.pt\\\/wp-content\\\/uploads\\\/2024\\\/04\\\/cropped-CAC_Logotipo_Principal_Positivo-e1712844263631.png\",\"contentUrl\":\"https:\\\/\\\/cac-cl.pt\\\/wp-content\\\/uploads\\\/2024\\\/04\\\/cropped-CAC_Logotipo_Principal_Positivo-e1712844263631.png\",\"width\":2249,\"height\":1409,\"caption\":\"Centro Acad\u00e9mico Cl\u00ednico Cat\u00f3lica Luz (CAC-CL)\"},\"image\":{\"@id\":\"https:\\\/\\\/cac-cl.pt\\\/#\\\/schema\\\/logo\\\/image\\\/\"},\"sameAs\":[\"https:\\\/\\\/www.linkedin.com\\\/company\\\/caolica-luz-cac\\\/\",\"https:\\\/\\\/www.instagram.com\\\/caccl.pt\\\/\",\"https:\\\/\\\/pt.pinterest.com\\\/catolicaluz\\\/\"]},{\"@type\":\"Person\",\"@id\":\"https:\\\/\\\/cac-cl.pt\\\/#\\\/schema\\\/person\\\/c09c41364ed1103a75086a2c00052975\",\"name\":\"cacclpt\",\"image\":{\"@type\":\"ImageObject\",\"inLanguage\":\"pt-PT\",\"@id\":\"https:\\\/\\\/secure.gravatar.com\\\/avatar\\\/e62818874125131105711e60ec6e0aabbb8b357c5c5100eca07aa1e9a256d55d?s=96&d=mm&r=g\",\"url\":\"https:\\\/\\\/secure.gravatar.com\\\/avatar\\\/e62818874125131105711e60ec6e0aabbb8b357c5c5100eca07aa1e9a256d55d?s=96&d=mm&r=g\",\"contentUrl\":\"https:\\\/\\\/secure.gravatar.com\\\/avatar\\\/e62818874125131105711e60ec6e0aabbb8b357c5c5100eca07aa1e9a256d55d?s=96&d=mm&r=g\",\"caption\":\"cacclpt\"},\"sameAs\":[\"https:\\\/\\\/cac-cl.pt\"],\"url\":\"https:\\\/\\\/cac-cl.pt\\\/pt\\\/author\\\/cacclpt1\\\/\"}]}<\/script>\n<!-- \/ Yoast SEO plugin. -->","yoast_head_json":{"title":"Medical Education and Research Integration","description":"Medical Education and Research Integration gains national visibility with an opinion article by Cat\u00f3lica Medical School and CAC-CL","robots":{"index":"index","follow":"follow","max-snippet":"max-snippet:-1","max-image-preview":"max-image-preview:large","max-video-preview":"max-video-preview:-1"},"canonical":"https:\/\/cac-cl.pt\/pt\/medical-education-research-integration-national-impact\/","og_locale":"pt_PT","og_type":"article","og_title":"Medical Education and Research Integration","og_description":"Medical Education and Research Integration gains national visibility with an opinion article by Cat\u00f3lica Medical School and CAC-CL","og_url":"https:\/\/cac-cl.pt\/pt\/medical-education-research-integration-national-impact\/","og_site_name":"Centro Acad\u00e9mico Cl\u00ednico Cat\u00f3lica Luz (CAC-CL)","article_published_time":"2025-06-25T10:28:51+00:00","article_modified_time":"2025-07-17T13:40:59+00:00","og_image":[{"width":2560,"height":1707,"url":"https:\/\/cac-cl.pt\/wp-content\/uploads\/2025\/06\/453A0132-scaled.jpg","type":"image\/jpeg"}],"author":"cacclpt","twitter_card":"summary_large_image","twitter_misc":{"Escrito por":"cacclpt","Tempo estimado de leitura":"1 minuto"},"schema":{"@context":"https:\/\/schema.org","@graph":[{"@type":"Article","@id":"https:\/\/cac-cl.pt\/medical-education-research-integration-national-impact\/#article","isPartOf":{"@id":"https:\/\/cac-cl.pt\/medical-education-research-integration-national-impact\/"},"author":{"name":"cacclpt","@id":"https:\/\/cac-cl.pt\/#\/schema\/person\/c09c41364ed1103a75086a2c00052975"},"headline":"Medical Education and Research: An Integration with National Impact","datePublished":"2025-06-25T10:28:51+00:00","dateModified":"2025-07-17T13:40:59+00:00","mainEntityOfPage":{"@id":"https:\/\/cac-cl.pt\/medical-education-research-integration-national-impact\/"},"wordCount":165,"commentCount":0,"publisher":{"@id":"https:\/\/cac-cl.pt\/#organization"},"image":{"@id":"https:\/\/cac-cl.pt\/medical-education-research-integration-national-impact\/#primaryimage"},"thumbnailUrl":"https:\/\/cac-cl.pt\/wp-content\/uploads\/2025\/06\/453A0132-scaled.jpg","articleSection":["Article","News"],"inLanguage":"pt-PT","potentialAction":[{"@type":"CommentAction","name":"Comment","target":["https:\/\/cac-cl.pt\/medical-education-research-integration-national-impact\/#respond"]}]},{"@type":"WebPage","@id":"https:\/\/cac-cl.pt\/medical-education-research-integration-national-impact\/","url":"https:\/\/cac-cl.pt\/medical-education-research-integration-national-impact\/","name":"Medical Education and Research Integration","isPartOf":{"@id":"https:\/\/cac-cl.pt\/#website"},"primaryImageOfPage":{"@id":"https:\/\/cac-cl.pt\/medical-education-research-integration-national-impact\/#primaryimage"},"image":{"@id":"https:\/\/cac-cl.pt\/medical-education-research-integration-national-impact\/#primaryimage"},"thumbnailUrl":"https:\/\/cac-cl.pt\/wp-content\/uploads\/2025\/06\/453A0132-scaled.jpg","datePublished":"2025-06-25T10:28:51+00:00","dateModified":"2025-07-17T13:40:59+00:00","description":"Medical Education and Research Integration gains national visibility with an opinion article by Cat\u00f3lica Medical School and CAC-CL","breadcrumb":{"@id":"https:\/\/cac-cl.pt\/medical-education-research-integration-national-impact\/#breadcrumb"},"inLanguage":"pt-PT","potentialAction":[{"@type":"ReadAction","target":["https:\/\/cac-cl.pt\/medical-education-research-integration-national-impact\/"]}]},{"@type":"ImageObject","inLanguage":"pt-PT","@id":"https:\/\/cac-cl.pt\/medical-education-research-integration-national-impact\/#primaryimage","url":"https:\/\/cac-cl.pt\/wp-content\/uploads\/2025\/06\/453A0132-scaled.jpg","contentUrl":"https:\/\/cac-cl.pt\/wp-content\/uploads\/2025\/06\/453A0132-scaled.jpg","width":2560,"height":1707,"caption":"Medical Education Research Integration at CAC-CL event"},{"@type":"BreadcrumbList","@id":"https:\/\/cac-cl.pt\/medical-education-research-integration-national-impact\/#breadcrumb","itemListElement":[{"@type":"ListItem","position":1,"name":"In\u00edcio","item":"https:\/\/cac-cl.pt\/"},{"@type":"ListItem","position":2,"name":"Medical Education and Research: An Integration with National Impact"}]},{"@type":"WebSite","@id":"https:\/\/cac-cl.pt\/#website","url":"https:\/\/cac-cl.pt\/","name":"Centro Acad\u00e9mico Cl\u00ednico Cat\u00f3lica Luz (CAC-CL)","description":"Centro Acad\u00e9mico Cl\u00ednico Cat\u00f3lica Luz","publisher":{"@id":"https:\/\/cac-cl.pt\/#organization"},"alternateName":"CAC-CL","potentialAction":[{"@type":"SearchAction","target":{"@type":"EntryPoint","urlTemplate":"https:\/\/cac-cl.pt\/?s={search_term_string}"},"query-input":{"@type":"PropertyValueSpecification","valueRequired":true,"valueName":"search_term_string"}}],"inLanguage":"pt-PT"},{"@type":"Organization","@id":"https:\/\/cac-cl.pt\/#organization","name":"Centro Acad\u00e9mico Cl\u00ednico Cat\u00f3lica Luz (CAC-CL)","alternateName":"CAC-CL","url":"https:\/\/cac-cl.pt\/","logo":{"@type":"ImageObject","inLanguage":"pt-PT","@id":"https:\/\/cac-cl.pt\/#\/schema\/logo\/image\/","url":"https:\/\/cac-cl.pt\/wp-content\/uploads\/2024\/04\/cropped-CAC_Logotipo_Principal_Positivo-e1712844263631.png","contentUrl":"https:\/\/cac-cl.pt\/wp-content\/uploads\/2024\/04\/cropped-CAC_Logotipo_Principal_Positivo-e1712844263631.png","width":2249,"height":1409,"caption":"Centro Acad\u00e9mico Cl\u00ednico Cat\u00f3lica Luz (CAC-CL)"},"image":{"@id":"https:\/\/cac-cl.pt\/#\/schema\/logo\/image\/"},"sameAs":["https:\/\/www.linkedin.com\/company\/caolica-luz-cac\/","https:\/\/www.instagram.com\/caccl.pt\/","https:\/\/pt.pinterest.com\/catolicaluz\/"]},{"@type":"Person","@id":"https:\/\/cac-cl.pt\/#\/schema\/person\/c09c41364ed1103a75086a2c00052975","name":"cacclpt","image":{"@type":"ImageObject","inLanguage":"pt-PT","@id":"https:\/\/secure.gravatar.com\/avatar\/e62818874125131105711e60ec6e0aabbb8b357c5c5100eca07aa1e9a256d55d?s=96&d=mm&r=g","url":"https:\/\/secure.gravatar.com\/avatar\/e62818874125131105711e60ec6e0aabbb8b357c5c5100eca07aa1e9a256d55d?s=96&d=mm&r=g","contentUrl":"https:\/\/secure.gravatar.com\/avatar\/e62818874125131105711e60ec6e0aabbb8b357c5c5100eca07aa1e9a256d55d?s=96&d=mm&r=g","caption":"cacclpt"},"sameAs":["https:\/\/cac-cl.pt"],"url":"https:\/\/cac-cl.pt\/pt\/author\/cacclpt1\/"}]}},"_links":{"self":[{"href":"https:\/\/cac-cl.pt\/pt\/wp-json\/wp\/v2\/posts\/13022","targetHints":{"allow":["GET"]}}],"collection":[{"href":"https:\/\/cac-cl.pt\/pt\/wp-json\/wp\/v2\/posts"}],"about":[{"href":"https:\/\/cac-cl.pt\/pt\/wp-json\/wp\/v2\/types\/post"}],"author":[{"embeddable":true,"href":"https:\/\/cac-cl.pt\/pt\/wp-json\/wp\/v2\/users\/1"}],"replies":[{"embeddable":true,"href":"https:\/\/cac-cl.pt\/pt\/wp-json\/wp\/v2\/comments?post=13022"}],"version-history":[{"count":7,"href":"https:\/\/cac-cl.pt\/pt\/wp-json\/wp\/v2\/posts\/13022\/revisions"}],"predecessor-version":[{"id":13226,"href":"https:\/\/cac-cl.pt\/pt\/wp-json\/wp\/v2\/posts\/13022\/revisions\/13226"}],"wp:featuredmedia":[{"embeddable":true,"href":"https:\/\/cac-cl.pt\/pt\/wp-json\/wp\/v2\/media\/13023"}],"wp:attachment":[{"href":"https:\/\/cac-cl.pt\/pt\/wp-json\/wp\/v2\/media?parent=13022"}],"wp:term":[{"taxonomy":"category","embeddable":true,"href":"https:\/\/cac-cl.pt\/pt\/wp-json\/wp\/v2\/categories?post=13022"},{"taxonomy":"post_tag","embeddable":true,"href":"https:\/\/cac-cl.pt\/pt\/wp-json\/wp\/v2\/tags?post=13022"}],"curies":[{"name":"wp","href":"https:\/\/api.w.org\/{rel}","templated":true}]}}