{"id":13530,"date":"2025-07-30T09:46:56","date_gmt":"2025-07-30T09:46:56","guid":{"rendered":"https:\/\/cac-cl.pt\/?p=13530"},"modified":"2025-07-30T09:50:21","modified_gmt":"2025-07-30T09:50:21","slug":"postgraduate-program-at-the-universidade-catolica-aims-to-combat-the-silent-crisis-of-sleep-disorders","status":"publish","type":"post","link":"https:\/\/cac-cl.pt\/pt\/postgraduate-program-at-the-universidade-catolica-aims-to-combat-the-silent-crisis-of-sleep-disorders\/","title":{"rendered":"Postgraduate Program at the Universidade Cat\u00f3lica aims to combat the silent crisis of sleep disorders"},"content":{"rendered":"<p>A plataforma&nbsp;<strong><a href=\"https:\/\/fm.ucp.pt\/catolica-medical-school\">Faculdade de Medicina da Universidade Cat\u00f3lica<\/a><\/strong>&nbsp;(CMS) announces&nbsp;<strong>the launch of the 3rd edition of its Postgraduate <a href=\"https:\/\/fm.ucp.pt\/catolica-health-education-postgraduate-programs\/postgraduate-program-sleep-medicine\">Program in Sleep Medicine<\/a><\/strong>, a training program designed to meet the growing demand for qualified professionals in Sleep Medicine. <\/p>\n\n\n\n<p>The program begins on October 17th, in a b-learning format, and features a faculty of more than 50 national and international specialists.<\/p>\n\n\n\n<p>According to the training coordinators, around 80% of adults have at least one sleep-related complaint or suffer from an undiagnosed disorder, such as insomnia or sleep apnea.<\/p>\n\n\n\n<p><em>&#8220;The growing global interest in the field of Sleep Medicine stems from the increasing prevalence of sleep disorders, exacerbated by the aging population, the obesity pandemic, and COVID-19&#8221; <\/em>explains the course coordinator <a href=\"https:\/\/fm.ucp.pt\/person\/amelia-feliciano\">Am\u00e9lia Feliciano<\/a>.<\/p>\n\n\n\n<p>(&#8230;)<\/p>\n\n\n\n<p><strong>You can read the full article here:<a href=\"https:\/\/www.newsfarma.pt\/noticias\/15335-p%C3%B3s-gradua%C3%A7%C3%A3o-da-universidade-cat%C3%B3lica-quer-combater-crise-silenciosa-dos-dist%C3%BArbios-do-sono.html\"> <\/a><\/strong><a href=\"https:\/\/www.newsfarma.pt\/noticias\/15335-p%C3%B3s-gradua%C3%A7%C3%A3o-da-universidade-cat%C3%B3lica-quer-combater-crise-silenciosa-dos-dist%C3%BArbios-do-sono.html\">https:\/\/www.newsfarma.pt\/noticias\/15335-p%C3%B3s-gradua%C3%A7%C3%A3o-da-universidade-cat%C3%B3lica-quer-combater-crise-silenciosa-dos-dist%C3%BArbios-do-sono.html<\/a><\/p>","protected":false},"excerpt":{"rendered":"<p>The&nbsp;Cat\u00f3lica Medical School&nbsp;(CMS) announces&nbsp;the launch of the 3rd edition of its Postgraduate Program in Sleep Medicine, a training program designed to meet the growing demand for qualified professionals in Sleep Medicine. The program begins on October 17th, in a b-learning format, and features a faculty of more than 50 national and international specialists. According to [&hellip;]<\/p>\n","protected":false},"author":1,"featured_media":13531,"comment_status":"open","ping_status":"open","sticky":false,"template":"","format":"standard","meta":{"_acf_changed":false,"inline_featured_image":false,"footnotes":""},"categories":[63],"tags":[],"class_list":["post-13530","post","type-post","status-publish","format-standard","has-post-thumbnail","hentry","category-article"],"acf":[],"yoast_head":"<!-- This site is optimized with the Yoast SEO plugin v27.5 - https:\/\/yoast.com\/product\/yoast-seo-wordpress\/ -->\n<title>Postgraduate Program at the Universidade Cat\u00f3lica aims to combat the silent crisis of sleep disorders | Centro Acad\u00e9mico Cl\u00ednico Cat\u00f3lica Luz (CAC-CL)<\/title>\n<meta name=\"robots\" content=\"index, follow, max-snippet:-1, max-image-preview:large, max-video-preview:-1\" \/>\n<link rel=\"canonical\" href=\"https:\/\/cac-cl.pt\/pt\/postgraduate-program-at-the-universidade-catolica-aims-to-combat-the-silent-crisis-of-sleep-disorders\/\" \/>\n<meta property=\"og:locale\" content=\"pt_PT\" \/>\n<meta property=\"og:type\" content=\"article\" \/>\n<meta property=\"og:title\" content=\"Postgraduate Program at the Universidade Cat\u00f3lica aims to combat the silent crisis of sleep disorders | Centro Acad\u00e9mico Cl\u00ednico Cat\u00f3lica Luz (CAC-CL)\" \/>\n<meta property=\"og:description\" content=\"The&nbsp;Cat\u00f3lica Medical School&nbsp;(CMS) announces&nbsp;the launch of the 3rd edition of its Postgraduate Program in Sleep Medicine, a training program designed to meet the growing demand for qualified professionals in Sleep Medicine. The program begins on October 17th, in a b-learning format, and features a faculty of more than 50 national and international specialists. According to [&hellip;]\" \/>\n<meta property=\"og:url\" content=\"https:\/\/cac-cl.pt\/pt\/postgraduate-program-at-the-universidade-catolica-aims-to-combat-the-silent-crisis-of-sleep-disorders\/\" \/>\n<meta property=\"og:site_name\" content=\"Centro Acad\u00e9mico Cl\u00ednico Cat\u00f3lica Luz (CAC-CL)\" \/>\n<meta property=\"article:published_time\" content=\"2025-07-30T09:46:56+00:00\" \/>\n<meta property=\"article:modified_time\" content=\"2025-07-30T09:50:21+00:00\" \/>\n<meta property=\"og:image\" content=\"https:\/\/cac-cl.pt\/wp-content\/uploads\/2025\/07\/brochura-206.jpg\" \/>\n\t<meta property=\"og:image:width\" content=\"763\" \/>\n\t<meta property=\"og:image:height\" content=\"430\" \/>\n\t<meta property=\"og:image:type\" content=\"image\/jpeg\" \/>\n<meta name=\"author\" content=\"cacclpt\" \/>\n<meta name=\"twitter:card\" content=\"summary_large_image\" \/>\n<meta name=\"twitter:label1\" content=\"Escrito por\" \/>\n\t<meta name=\"twitter:data1\" content=\"cacclpt\" \/>\n\t<meta name=\"twitter:label2\" content=\"Tempo estimado de leitura\" \/>\n\t<meta name=\"twitter:data2\" content=\"1 minuto\" \/>\n<script type=\"application\/ld+json\" class=\"yoast-schema-graph\">{\"@context\":\"https:\\\/\\\/schema.org\",\"@graph\":[{\"@type\":\"Article\",\"@id\":\"https:\\\/\\\/cac-cl.pt\\\/postgraduate-program-at-the-universidade-catolica-aims-to-combat-the-silent-crisis-of-sleep-disorders\\\/#article\",\"isPartOf\":{\"@id\":\"https:\\\/\\\/cac-cl.pt\\\/postgraduate-program-at-the-universidade-catolica-aims-to-combat-the-silent-crisis-of-sleep-disorders\\\/\"},\"author\":{\"name\":\"cacclpt\",\"@id\":\"https:\\\/\\\/cac-cl.pt\\\/#\\\/schema\\\/person\\\/c09c41364ed1103a75086a2c00052975\"},\"headline\":\"Postgraduate Program at the Universidade Cat\u00f3lica aims to combat the silent crisis of sleep disorders\",\"datePublished\":\"2025-07-30T09:46:56+00:00\",\"dateModified\":\"2025-07-30T09:50:21+00:00\",\"mainEntityOfPage\":{\"@id\":\"https:\\\/\\\/cac-cl.pt\\\/postgraduate-program-at-the-universidade-catolica-aims-to-combat-the-silent-crisis-of-sleep-disorders\\\/\"},\"wordCount\":163,\"commentCount\":0,\"publisher\":{\"@id\":\"https:\\\/\\\/cac-cl.pt\\\/#organization\"},\"image\":{\"@id\":\"https:\\\/\\\/cac-cl.pt\\\/postgraduate-program-at-the-universidade-catolica-aims-to-combat-the-silent-crisis-of-sleep-disorders\\\/#primaryimage\"},\"thumbnailUrl\":\"https:\\\/\\\/cac-cl.pt\\\/wp-content\\\/uploads\\\/2025\\\/07\\\/brochura-206.jpg\",\"articleSection\":[\"Article\"],\"inLanguage\":\"pt-PT\",\"potentialAction\":[{\"@type\":\"CommentAction\",\"name\":\"Comment\",\"target\":[\"https:\\\/\\\/cac-cl.pt\\\/postgraduate-program-at-the-universidade-catolica-aims-to-combat-the-silent-crisis-of-sleep-disorders\\\/#respond\"]}]},{\"@type\":\"WebPage\",\"@id\":\"https:\\\/\\\/cac-cl.pt\\\/postgraduate-program-at-the-universidade-catolica-aims-to-combat-the-silent-crisis-of-sleep-disorders\\\/\",\"url\":\"https:\\\/\\\/cac-cl.pt\\\/postgraduate-program-at-the-universidade-catolica-aims-to-combat-the-silent-crisis-of-sleep-disorders\\\/\",\"name\":\"Postgraduate Program at the Universidade Cat\u00f3lica aims to combat the silent crisis of sleep disorders | Centro Acad\u00e9mico Cl\u00ednico Cat\u00f3lica Luz (CAC-CL)\",\"isPartOf\":{\"@id\":\"https:\\\/\\\/cac-cl.pt\\\/#website\"},\"primaryImageOfPage\":{\"@id\":\"https:\\\/\\\/cac-cl.pt\\\/postgraduate-program-at-the-universidade-catolica-aims-to-combat-the-silent-crisis-of-sleep-disorders\\\/#primaryimage\"},\"image\":{\"@id\":\"https:\\\/\\\/cac-cl.pt\\\/postgraduate-program-at-the-universidade-catolica-aims-to-combat-the-silent-crisis-of-sleep-disorders\\\/#primaryimage\"},\"thumbnailUrl\":\"https:\\\/\\\/cac-cl.pt\\\/wp-content\\\/uploads\\\/2025\\\/07\\\/brochura-206.jpg\",\"datePublished\":\"2025-07-30T09:46:56+00:00\",\"dateModified\":\"2025-07-30T09:50:21+00:00\",\"breadcrumb\":{\"@id\":\"https:\\\/\\\/cac-cl.pt\\\/postgraduate-program-at-the-universidade-catolica-aims-to-combat-the-silent-crisis-of-sleep-disorders\\\/#breadcrumb\"},\"inLanguage\":\"pt-PT\",\"potentialAction\":[{\"@type\":\"ReadAction\",\"target\":[\"https:\\\/\\\/cac-cl.pt\\\/postgraduate-program-at-the-universidade-catolica-aims-to-combat-the-silent-crisis-of-sleep-disorders\\\/\"]}]},{\"@type\":\"ImageObject\",\"inLanguage\":\"pt-PT\",\"@id\":\"https:\\\/\\\/cac-cl.pt\\\/postgraduate-program-at-the-universidade-catolica-aims-to-combat-the-silent-crisis-of-sleep-disorders\\\/#primaryimage\",\"url\":\"https:\\\/\\\/cac-cl.pt\\\/wp-content\\\/uploads\\\/2025\\\/07\\\/brochura-206.jpg\",\"contentUrl\":\"https:\\\/\\\/cac-cl.pt\\\/wp-content\\\/uploads\\\/2025\\\/07\\\/brochura-206.jpg\",\"width\":763,\"height\":430},{\"@type\":\"BreadcrumbList\",\"@id\":\"https:\\\/\\\/cac-cl.pt\\\/postgraduate-program-at-the-universidade-catolica-aims-to-combat-the-silent-crisis-of-sleep-disorders\\\/#breadcrumb\",\"itemListElement\":[{\"@type\":\"ListItem\",\"position\":1,\"name\":\"In\u00edcio\",\"item\":\"https:\\\/\\\/cac-cl.pt\\\/\"},{\"@type\":\"ListItem\",\"position\":2,\"name\":\"Postgraduate Program at the Universidade Cat\u00f3lica aims to combat the silent crisis of sleep disorders\"}]},{\"@type\":\"WebSite\",\"@id\":\"https:\\\/\\\/cac-cl.pt\\\/#website\",\"url\":\"https:\\\/\\\/cac-cl.pt\\\/\",\"name\":\"Centro Acad\u00e9mico Cl\u00ednico Cat\u00f3lica Luz (CAC-CL)\",\"description\":\"Centro Acad\u00e9mico Cl\u00ednico Cat\u00f3lica Luz\",\"publisher\":{\"@id\":\"https:\\\/\\\/cac-cl.pt\\\/#organization\"},\"alternateName\":\"CAC-CL\",\"potentialAction\":[{\"@type\":\"SearchAction\",\"target\":{\"@type\":\"EntryPoint\",\"urlTemplate\":\"https:\\\/\\\/cac-cl.pt\\\/?s={search_term_string}\"},\"query-input\":{\"@type\":\"PropertyValueSpecification\",\"valueRequired\":true,\"valueName\":\"search_term_string\"}}],\"inLanguage\":\"pt-PT\"},{\"@type\":\"Organization\",\"@id\":\"https:\\\/\\\/cac-cl.pt\\\/#organization\",\"name\":\"Centro Acad\u00e9mico Cl\u00ednico Cat\u00f3lica Luz (CAC-CL)\",\"alternateName\":\"CAC-CL\",\"url\":\"https:\\\/\\\/cac-cl.pt\\\/\",\"logo\":{\"@type\":\"ImageObject\",\"inLanguage\":\"pt-PT\",\"@id\":\"https:\\\/\\\/cac-cl.pt\\\/#\\\/schema\\\/logo\\\/image\\\/\",\"url\":\"https:\\\/\\\/cac-cl.pt\\\/wp-content\\\/uploads\\\/2024\\\/04\\\/cropped-CAC_Logotipo_Principal_Positivo-e1712844263631.png\",\"contentUrl\":\"https:\\\/\\\/cac-cl.pt\\\/wp-content\\\/uploads\\\/2024\\\/04\\\/cropped-CAC_Logotipo_Principal_Positivo-e1712844263631.png\",\"width\":2249,\"height\":1409,\"caption\":\"Centro Acad\u00e9mico Cl\u00ednico Cat\u00f3lica Luz (CAC-CL)\"},\"image\":{\"@id\":\"https:\\\/\\\/cac-cl.pt\\\/#\\\/schema\\\/logo\\\/image\\\/\"},\"sameAs\":[\"https:\\\/\\\/www.linkedin.com\\\/company\\\/caolica-luz-cac\\\/\",\"https:\\\/\\\/www.instagram.com\\\/caccl.pt\\\/\",\"https:\\\/\\\/pt.pinterest.com\\\/catolicaluz\\\/\"]},{\"@type\":\"Person\",\"@id\":\"https:\\\/\\\/cac-cl.pt\\\/#\\\/schema\\\/person\\\/c09c41364ed1103a75086a2c00052975\",\"name\":\"cacclpt\",\"image\":{\"@type\":\"ImageObject\",\"inLanguage\":\"pt-PT\",\"@id\":\"https:\\\/\\\/secure.gravatar.com\\\/avatar\\\/e62818874125131105711e60ec6e0aabbb8b357c5c5100eca07aa1e9a256d55d?s=96&d=mm&r=g\",\"url\":\"https:\\\/\\\/secure.gravatar.com\\\/avatar\\\/e62818874125131105711e60ec6e0aabbb8b357c5c5100eca07aa1e9a256d55d?s=96&d=mm&r=g\",\"contentUrl\":\"https:\\\/\\\/secure.gravatar.com\\\/avatar\\\/e62818874125131105711e60ec6e0aabbb8b357c5c5100eca07aa1e9a256d55d?s=96&d=mm&r=g\",\"caption\":\"cacclpt\"},\"sameAs\":[\"https:\\\/\\\/cac-cl.pt\"],\"url\":\"https:\\\/\\\/cac-cl.pt\\\/pt\\\/author\\\/cacclpt1\\\/\"}]}<\/script>\n<!-- \/ Yoast SEO plugin. -->","yoast_head_json":{"title":"Postgraduate Program at the Universidade Cat\u00f3lica aims to combat the silent crisis of sleep disorders | Centro Acad\u00e9mico Cl\u00ednico Cat\u00f3lica Luz (CAC-CL)","robots":{"index":"index","follow":"follow","max-snippet":"max-snippet:-1","max-image-preview":"max-image-preview:large","max-video-preview":"max-video-preview:-1"},"canonical":"https:\/\/cac-cl.pt\/pt\/postgraduate-program-at-the-universidade-catolica-aims-to-combat-the-silent-crisis-of-sleep-disorders\/","og_locale":"pt_PT","og_type":"article","og_title":"Postgraduate Program at the Universidade Cat\u00f3lica aims to combat the silent crisis of sleep disorders | Centro Acad\u00e9mico Cl\u00ednico Cat\u00f3lica Luz (CAC-CL)","og_description":"The&nbsp;Cat\u00f3lica Medical School&nbsp;(CMS) announces&nbsp;the launch of the 3rd edition of its Postgraduate Program in Sleep Medicine, a training program designed to meet the growing demand for qualified professionals in Sleep Medicine. The program begins on October 17th, in a b-learning format, and features a faculty of more than 50 national and international specialists. According to [&hellip;]","og_url":"https:\/\/cac-cl.pt\/pt\/postgraduate-program-at-the-universidade-catolica-aims-to-combat-the-silent-crisis-of-sleep-disorders\/","og_site_name":"Centro Acad\u00e9mico Cl\u00ednico Cat\u00f3lica Luz (CAC-CL)","article_published_time":"2025-07-30T09:46:56+00:00","article_modified_time":"2025-07-30T09:50:21+00:00","og_image":[{"width":763,"height":430,"url":"https:\/\/cac-cl.pt\/wp-content\/uploads\/2025\/07\/brochura-206.jpg","type":"image\/jpeg"}],"author":"cacclpt","twitter_card":"summary_large_image","twitter_misc":{"Escrito por":"cacclpt","Tempo estimado de leitura":"1 minuto"},"schema":{"@context":"https:\/\/schema.org","@graph":[{"@type":"Article","@id":"https:\/\/cac-cl.pt\/postgraduate-program-at-the-universidade-catolica-aims-to-combat-the-silent-crisis-of-sleep-disorders\/#article","isPartOf":{"@id":"https:\/\/cac-cl.pt\/postgraduate-program-at-the-universidade-catolica-aims-to-combat-the-silent-crisis-of-sleep-disorders\/"},"author":{"name":"cacclpt","@id":"https:\/\/cac-cl.pt\/#\/schema\/person\/c09c41364ed1103a75086a2c00052975"},"headline":"Postgraduate Program at the Universidade Cat\u00f3lica aims to combat the silent crisis of sleep disorders","datePublished":"2025-07-30T09:46:56+00:00","dateModified":"2025-07-30T09:50:21+00:00","mainEntityOfPage":{"@id":"https:\/\/cac-cl.pt\/postgraduate-program-at-the-universidade-catolica-aims-to-combat-the-silent-crisis-of-sleep-disorders\/"},"wordCount":163,"commentCount":0,"publisher":{"@id":"https:\/\/cac-cl.pt\/#organization"},"image":{"@id":"https:\/\/cac-cl.pt\/postgraduate-program-at-the-universidade-catolica-aims-to-combat-the-silent-crisis-of-sleep-disorders\/#primaryimage"},"thumbnailUrl":"https:\/\/cac-cl.pt\/wp-content\/uploads\/2025\/07\/brochura-206.jpg","articleSection":["Article"],"inLanguage":"pt-PT","potentialAction":[{"@type":"CommentAction","name":"Comment","target":["https:\/\/cac-cl.pt\/postgraduate-program-at-the-universidade-catolica-aims-to-combat-the-silent-crisis-of-sleep-disorders\/#respond"]}]},{"@type":"WebPage","@id":"https:\/\/cac-cl.pt\/postgraduate-program-at-the-universidade-catolica-aims-to-combat-the-silent-crisis-of-sleep-disorders\/","url":"https:\/\/cac-cl.pt\/postgraduate-program-at-the-universidade-catolica-aims-to-combat-the-silent-crisis-of-sleep-disorders\/","name":"Postgraduate Program at the Universidade Cat\u00f3lica aims to combat the silent crisis of sleep disorders | Centro Acad\u00e9mico Cl\u00ednico Cat\u00f3lica Luz (CAC-CL)","isPartOf":{"@id":"https:\/\/cac-cl.pt\/#website"},"primaryImageOfPage":{"@id":"https:\/\/cac-cl.pt\/postgraduate-program-at-the-universidade-catolica-aims-to-combat-the-silent-crisis-of-sleep-disorders\/#primaryimage"},"image":{"@id":"https:\/\/cac-cl.pt\/postgraduate-program-at-the-universidade-catolica-aims-to-combat-the-silent-crisis-of-sleep-disorders\/#primaryimage"},"thumbnailUrl":"https:\/\/cac-cl.pt\/wp-content\/uploads\/2025\/07\/brochura-206.jpg","datePublished":"2025-07-30T09:46:56+00:00","dateModified":"2025-07-30T09:50:21+00:00","breadcrumb":{"@id":"https:\/\/cac-cl.pt\/postgraduate-program-at-the-universidade-catolica-aims-to-combat-the-silent-crisis-of-sleep-disorders\/#breadcrumb"},"inLanguage":"pt-PT","potentialAction":[{"@type":"ReadAction","target":["https:\/\/cac-cl.pt\/postgraduate-program-at-the-universidade-catolica-aims-to-combat-the-silent-crisis-of-sleep-disorders\/"]}]},{"@type":"ImageObject","inLanguage":"pt-PT","@id":"https:\/\/cac-cl.pt\/postgraduate-program-at-the-universidade-catolica-aims-to-combat-the-silent-crisis-of-sleep-disorders\/#primaryimage","url":"https:\/\/cac-cl.pt\/wp-content\/uploads\/2025\/07\/brochura-206.jpg","contentUrl":"https:\/\/cac-cl.pt\/wp-content\/uploads\/2025\/07\/brochura-206.jpg","width":763,"height":430},{"@type":"BreadcrumbList","@id":"https:\/\/cac-cl.pt\/postgraduate-program-at-the-universidade-catolica-aims-to-combat-the-silent-crisis-of-sleep-disorders\/#breadcrumb","itemListElement":[{"@type":"ListItem","position":1,"name":"In\u00edcio","item":"https:\/\/cac-cl.pt\/"},{"@type":"ListItem","position":2,"name":"Postgraduate Program at the Universidade Cat\u00f3lica aims to combat the silent crisis of sleep disorders"}]},{"@type":"WebSite","@id":"https:\/\/cac-cl.pt\/#website","url":"https:\/\/cac-cl.pt\/","name":"Centro Acad\u00e9mico Cl\u00ednico Cat\u00f3lica Luz (CAC-CL)","description":"Centro Acad\u00e9mico Cl\u00ednico Cat\u00f3lica Luz","publisher":{"@id":"https:\/\/cac-cl.pt\/#organization"},"alternateName":"CAC-CL","potentialAction":[{"@type":"SearchAction","target":{"@type":"EntryPoint","urlTemplate":"https:\/\/cac-cl.pt\/?s={search_term_string}"},"query-input":{"@type":"PropertyValueSpecification","valueRequired":true,"valueName":"search_term_string"}}],"inLanguage":"pt-PT"},{"@type":"Organization","@id":"https:\/\/cac-cl.pt\/#organization","name":"Centro Acad\u00e9mico Cl\u00ednico Cat\u00f3lica Luz (CAC-CL)","alternateName":"CAC-CL","url":"https:\/\/cac-cl.pt\/","logo":{"@type":"ImageObject","inLanguage":"pt-PT","@id":"https:\/\/cac-cl.pt\/#\/schema\/logo\/image\/","url":"https:\/\/cac-cl.pt\/wp-content\/uploads\/2024\/04\/cropped-CAC_Logotipo_Principal_Positivo-e1712844263631.png","contentUrl":"https:\/\/cac-cl.pt\/wp-content\/uploads\/2024\/04\/cropped-CAC_Logotipo_Principal_Positivo-e1712844263631.png","width":2249,"height":1409,"caption":"Centro Acad\u00e9mico Cl\u00ednico Cat\u00f3lica Luz (CAC-CL)"},"image":{"@id":"https:\/\/cac-cl.pt\/#\/schema\/logo\/image\/"},"sameAs":["https:\/\/www.linkedin.com\/company\/caolica-luz-cac\/","https:\/\/www.instagram.com\/caccl.pt\/","https:\/\/pt.pinterest.com\/catolicaluz\/"]},{"@type":"Person","@id":"https:\/\/cac-cl.pt\/#\/schema\/person\/c09c41364ed1103a75086a2c00052975","name":"cacclpt","image":{"@type":"ImageObject","inLanguage":"pt-PT","@id":"https:\/\/secure.gravatar.com\/avatar\/e62818874125131105711e60ec6e0aabbb8b357c5c5100eca07aa1e9a256d55d?s=96&d=mm&r=g","url":"https:\/\/secure.gravatar.com\/avatar\/e62818874125131105711e60ec6e0aabbb8b357c5c5100eca07aa1e9a256d55d?s=96&d=mm&r=g","contentUrl":"https:\/\/secure.gravatar.com\/avatar\/e62818874125131105711e60ec6e0aabbb8b357c5c5100eca07aa1e9a256d55d?s=96&d=mm&r=g","caption":"cacclpt"},"sameAs":["https:\/\/cac-cl.pt"],"url":"https:\/\/cac-cl.pt\/pt\/author\/cacclpt1\/"}]}},"_links":{"self":[{"href":"https:\/\/cac-cl.pt\/pt\/wp-json\/wp\/v2\/posts\/13530","targetHints":{"allow":["GET"]}}],"collection":[{"href":"https:\/\/cac-cl.pt\/pt\/wp-json\/wp\/v2\/posts"}],"about":[{"href":"https:\/\/cac-cl.pt\/pt\/wp-json\/wp\/v2\/types\/post"}],"author":[{"embeddable":true,"href":"https:\/\/cac-cl.pt\/pt\/wp-json\/wp\/v2\/users\/1"}],"replies":[{"embeddable":true,"href":"https:\/\/cac-cl.pt\/pt\/wp-json\/wp\/v2\/comments?post=13530"}],"version-history":[{"count":3,"href":"https:\/\/cac-cl.pt\/pt\/wp-json\/wp\/v2\/posts\/13530\/revisions"}],"predecessor-version":[{"id":13534,"href":"https:\/\/cac-cl.pt\/pt\/wp-json\/wp\/v2\/posts\/13530\/revisions\/13534"}],"wp:featuredmedia":[{"embeddable":true,"href":"https:\/\/cac-cl.pt\/pt\/wp-json\/wp\/v2\/media\/13531"}],"wp:attachment":[{"href":"https:\/\/cac-cl.pt\/pt\/wp-json\/wp\/v2\/media?parent=13530"}],"wp:term":[{"taxonomy":"category","embeddable":true,"href":"https:\/\/cac-cl.pt\/pt\/wp-json\/wp\/v2\/categories?post=13530"},{"taxonomy":"post_tag","embeddable":true,"href":"https:\/\/cac-cl.pt\/pt\/wp-json\/wp\/v2\/tags?post=13530"}],"curies":[{"name":"wp","href":"https:\/\/api.w.org\/{rel}","templated":true}]}}