{"id":13568,"date":"2025-08-01T08:55:46","date_gmt":"2025-08-01T08:55:46","guid":{"rendered":"https:\/\/cac-cl.pt\/?p=13568"},"modified":"2025-08-04T12:03:01","modified_gmt":"2025-08-04T12:03:01","slug":"ucp-researchers-worlds-best","status":"publish","type":"post","link":"https:\/\/cac-cl.pt\/pt\/ucp-researchers-worlds-best\/","title":{"rendered":"Researchers from Universidade Cat\u00f3lica Portuguesa among the world\u2019s best"},"content":{"rendered":"<p>Eight researchers from the <a>Universidade Cat\u00f3lica Portuguesa (UCP)<\/a> have been recognised among the best in the world. This recognition comes from the 2025 edition of the <em>World\u2019s Best Scientists<\/em> ranking, published by the international platform <a>Research.com<\/a>. The highlighted fields include Psychology, Microbiology, Biology and Biochemistry, Social Sciences, Environmental Sciences, and the Humanities. This diversity underlines the impact and relevance of their scientific contributions.<\/p>\n\n\n\n<blockquote class=\"wp-block-quote is-layout-flow wp-block-quote-is-layout-flow\">\n<p><strong>Among the winners, in the field of Psychology<\/strong>, <a>Alexandre Castro-Caldas<\/a> from the <a>Centre for Interdisciplinary Research in Health (CIIS)<\/a> at the Faculty of Health Sciences and Nursing was also recognised. He is also the President of the Scientific and Strategic Board of the Cat\u00f3lica Luz Clinical Academic Centre.<\/p>\n<\/blockquote>\n\n\n\n<p>The ranking uses the D-index (Discipline H-index) to measure scientific impact. It considers the number of publications and citations within each specific research field. Data was updated up to November 2024, using platforms such as OpenAlex and CrossRef. This methodology highlights researchers who significantly advance knowledge and create meaningful social impact.<\/p>\n\n\n\n<p>\ud83d\udc49 <strong>More information here: <\/strong><a href=\"https:\/\/www.ucp.pt\/news\/researchers-universidade-catolica-portuguesa-among-worlds-best\">https:\/\/www.ucp.pt\/news\/researchers-universidade-catolica-portuguesa-among-worlds-best<\/a><\/p>","protected":false},"excerpt":{"rendered":"<p>Eight researchers from the Universidade Cat\u00f3lica Portuguesa (UCP) have been recognised among the best in the world. This recognition comes from the 2025 edition of the World\u2019s Best Scientists ranking, published by the international platform Research.com. The highlighted fields include Psychology, Microbiology, Biology and Biochemistry, Social Sciences, Environmental Sciences, and the Humanities. This diversity underlines [&hellip;]<\/p>\n","protected":false},"author":1,"featured_media":13569,"comment_status":"open","ping_status":"open","sticky":false,"template":"","format":"standard","meta":{"_acf_changed":false,"inline_featured_image":false,"footnotes":""},"categories":[134],"tags":[],"class_list":["post-13568","post","type-post","status-publish","format-standard","has-post-thumbnail","hentry","category-news"],"acf":[],"yoast_head":"<!-- This site is optimized with the Yoast SEO plugin v27.5 - https:\/\/yoast.com\/product\/yoast-seo-wordpress\/ -->\n<title>Researchers from Universidade Cat\u00f3lica Portuguesa<\/title>\n<meta name=\"description\" content=\"Researchers from Universidade Cat\u00f3lica Portuguesa were named among the world&#039;s best in the 2025 World&#039;s Best Scientists.\" \/>\n<meta name=\"robots\" content=\"index, follow, max-snippet:-1, max-image-preview:large, max-video-preview:-1\" \/>\n<link rel=\"canonical\" href=\"https:\/\/cac-cl.pt\/pt\/ucp-researchers-worlds-best\/\" \/>\n<meta property=\"og:locale\" content=\"pt_PT\" \/>\n<meta property=\"og:type\" content=\"article\" \/>\n<meta property=\"og:title\" content=\"Researchers from Universidade Cat\u00f3lica Portuguesa\" \/>\n<meta property=\"og:description\" content=\"Researchers from Universidade Cat\u00f3lica Portuguesa were named among the world&#039;s best in the 2025 World&#039;s Best Scientists.\" \/>\n<meta property=\"og:url\" content=\"https:\/\/cac-cl.pt\/pt\/ucp-researchers-worlds-best\/\" \/>\n<meta property=\"og:site_name\" content=\"Centro Acad\u00e9mico Cl\u00ednico Cat\u00f3lica Luz (CAC-CL)\" \/>\n<meta property=\"article:published_time\" content=\"2025-08-01T08:55:46+00:00\" \/>\n<meta property=\"article:modified_time\" content=\"2025-08-04T12:03:01+00:00\" \/>\n<meta property=\"og:image\" content=\"https:\/\/cac-cl.pt\/wp-content\/uploads\/2025\/08\/Logotipo-UCP-Chao-Entrada-FCH.jpg\" \/>\n\t<meta property=\"og:image:width\" content=\"575\" \/>\n\t<meta property=\"og:image:height\" content=\"370\" \/>\n\t<meta property=\"og:image:type\" content=\"image\/jpeg\" \/>\n<meta name=\"author\" content=\"cacclpt\" \/>\n<meta name=\"twitter:card\" content=\"summary_large_image\" \/>\n<meta name=\"twitter:label1\" content=\"Escrito por\" \/>\n\t<meta name=\"twitter:data1\" content=\"cacclpt\" \/>\n\t<meta name=\"twitter:label2\" content=\"Tempo estimado de leitura\" \/>\n\t<meta name=\"twitter:data2\" content=\"1 minuto\" \/>\n<script type=\"application\/ld+json\" class=\"yoast-schema-graph\">{\"@context\":\"https:\\\/\\\/schema.org\",\"@graph\":[{\"@type\":\"Article\",\"@id\":\"https:\\\/\\\/cac-cl.pt\\\/ucp-researchers-worlds-best\\\/#article\",\"isPartOf\":{\"@id\":\"https:\\\/\\\/cac-cl.pt\\\/ucp-researchers-worlds-best\\\/\"},\"author\":{\"name\":\"cacclpt\",\"@id\":\"https:\\\/\\\/cac-cl.pt\\\/#\\\/schema\\\/person\\\/c09c41364ed1103a75086a2c00052975\"},\"headline\":\"Researchers from Universidade Cat\u00f3lica Portuguesa among the world\u2019s best\",\"datePublished\":\"2025-08-01T08:55:46+00:00\",\"dateModified\":\"2025-08-04T12:03:01+00:00\",\"mainEntityOfPage\":{\"@id\":\"https:\\\/\\\/cac-cl.pt\\\/ucp-researchers-worlds-best\\\/\"},\"wordCount\":184,\"commentCount\":0,\"publisher\":{\"@id\":\"https:\\\/\\\/cac-cl.pt\\\/#organization\"},\"image\":{\"@id\":\"https:\\\/\\\/cac-cl.pt\\\/ucp-researchers-worlds-best\\\/#primaryimage\"},\"thumbnailUrl\":\"https:\\\/\\\/cac-cl.pt\\\/wp-content\\\/uploads\\\/2025\\\/08\\\/Logotipo-UCP-Chao-Entrada-FCH.jpg\",\"articleSection\":[\"News\"],\"inLanguage\":\"pt-PT\",\"potentialAction\":[{\"@type\":\"CommentAction\",\"name\":\"Comment\",\"target\":[\"https:\\\/\\\/cac-cl.pt\\\/ucp-researchers-worlds-best\\\/#respond\"]}]},{\"@type\":\"WebPage\",\"@id\":\"https:\\\/\\\/cac-cl.pt\\\/ucp-researchers-worlds-best\\\/\",\"url\":\"https:\\\/\\\/cac-cl.pt\\\/ucp-researchers-worlds-best\\\/\",\"name\":\"Researchers from Universidade Cat\u00f3lica Portuguesa\",\"isPartOf\":{\"@id\":\"https:\\\/\\\/cac-cl.pt\\\/#website\"},\"primaryImageOfPage\":{\"@id\":\"https:\\\/\\\/cac-cl.pt\\\/ucp-researchers-worlds-best\\\/#primaryimage\"},\"image\":{\"@id\":\"https:\\\/\\\/cac-cl.pt\\\/ucp-researchers-worlds-best\\\/#primaryimage\"},\"thumbnailUrl\":\"https:\\\/\\\/cac-cl.pt\\\/wp-content\\\/uploads\\\/2025\\\/08\\\/Logotipo-UCP-Chao-Entrada-FCH.jpg\",\"datePublished\":\"2025-08-01T08:55:46+00:00\",\"dateModified\":\"2025-08-04T12:03:01+00:00\",\"description\":\"Researchers from Universidade Cat\u00f3lica Portuguesa were named among the world's best in the 2025 World's Best Scientists.\",\"breadcrumb\":{\"@id\":\"https:\\\/\\\/cac-cl.pt\\\/ucp-researchers-worlds-best\\\/#breadcrumb\"},\"inLanguage\":\"pt-PT\",\"potentialAction\":[{\"@type\":\"ReadAction\",\"target\":[\"https:\\\/\\\/cac-cl.pt\\\/ucp-researchers-worlds-best\\\/\"]}]},{\"@type\":\"ImageObject\",\"inLanguage\":\"pt-PT\",\"@id\":\"https:\\\/\\\/cac-cl.pt\\\/ucp-researchers-worlds-best\\\/#primaryimage\",\"url\":\"https:\\\/\\\/cac-cl.pt\\\/wp-content\\\/uploads\\\/2025\\\/08\\\/Logotipo-UCP-Chao-Entrada-FCH.jpg\",\"contentUrl\":\"https:\\\/\\\/cac-cl.pt\\\/wp-content\\\/uploads\\\/2025\\\/08\\\/Logotipo-UCP-Chao-Entrada-FCH.jpg\",\"width\":575,\"height\":370},{\"@type\":\"BreadcrumbList\",\"@id\":\"https:\\\/\\\/cac-cl.pt\\\/ucp-researchers-worlds-best\\\/#breadcrumb\",\"itemListElement\":[{\"@type\":\"ListItem\",\"position\":1,\"name\":\"In\u00edcio\",\"item\":\"https:\\\/\\\/cac-cl.pt\\\/\"},{\"@type\":\"ListItem\",\"position\":2,\"name\":\"Researchers from Universidade Cat\u00f3lica Portuguesa among the world\u2019s best\"}]},{\"@type\":\"WebSite\",\"@id\":\"https:\\\/\\\/cac-cl.pt\\\/#website\",\"url\":\"https:\\\/\\\/cac-cl.pt\\\/\",\"name\":\"Centro Acad\u00e9mico Cl\u00ednico Cat\u00f3lica Luz (CAC-CL)\",\"description\":\"Centro Acad\u00e9mico Cl\u00ednico Cat\u00f3lica Luz\",\"publisher\":{\"@id\":\"https:\\\/\\\/cac-cl.pt\\\/#organization\"},\"alternateName\":\"CAC-CL\",\"potentialAction\":[{\"@type\":\"SearchAction\",\"target\":{\"@type\":\"EntryPoint\",\"urlTemplate\":\"https:\\\/\\\/cac-cl.pt\\\/?s={search_term_string}\"},\"query-input\":{\"@type\":\"PropertyValueSpecification\",\"valueRequired\":true,\"valueName\":\"search_term_string\"}}],\"inLanguage\":\"pt-PT\"},{\"@type\":\"Organization\",\"@id\":\"https:\\\/\\\/cac-cl.pt\\\/#organization\",\"name\":\"Centro Acad\u00e9mico Cl\u00ednico Cat\u00f3lica Luz (CAC-CL)\",\"alternateName\":\"CAC-CL\",\"url\":\"https:\\\/\\\/cac-cl.pt\\\/\",\"logo\":{\"@type\":\"ImageObject\",\"inLanguage\":\"pt-PT\",\"@id\":\"https:\\\/\\\/cac-cl.pt\\\/#\\\/schema\\\/logo\\\/image\\\/\",\"url\":\"https:\\\/\\\/cac-cl.pt\\\/wp-content\\\/uploads\\\/2024\\\/04\\\/cropped-CAC_Logotipo_Principal_Positivo-e1712844263631.png\",\"contentUrl\":\"https:\\\/\\\/cac-cl.pt\\\/wp-content\\\/uploads\\\/2024\\\/04\\\/cropped-CAC_Logotipo_Principal_Positivo-e1712844263631.png\",\"width\":2249,\"height\":1409,\"caption\":\"Centro Acad\u00e9mico Cl\u00ednico Cat\u00f3lica Luz (CAC-CL)\"},\"image\":{\"@id\":\"https:\\\/\\\/cac-cl.pt\\\/#\\\/schema\\\/logo\\\/image\\\/\"},\"sameAs\":[\"https:\\\/\\\/www.linkedin.com\\\/company\\\/caolica-luz-cac\\\/\",\"https:\\\/\\\/www.instagram.com\\\/caccl.pt\\\/\",\"https:\\\/\\\/pt.pinterest.com\\\/catolicaluz\\\/\"]},{\"@type\":\"Person\",\"@id\":\"https:\\\/\\\/cac-cl.pt\\\/#\\\/schema\\\/person\\\/c09c41364ed1103a75086a2c00052975\",\"name\":\"cacclpt\",\"image\":{\"@type\":\"ImageObject\",\"inLanguage\":\"pt-PT\",\"@id\":\"https:\\\/\\\/secure.gravatar.com\\\/avatar\\\/e62818874125131105711e60ec6e0aabbb8b357c5c5100eca07aa1e9a256d55d?s=96&d=mm&r=g\",\"url\":\"https:\\\/\\\/secure.gravatar.com\\\/avatar\\\/e62818874125131105711e60ec6e0aabbb8b357c5c5100eca07aa1e9a256d55d?s=96&d=mm&r=g\",\"contentUrl\":\"https:\\\/\\\/secure.gravatar.com\\\/avatar\\\/e62818874125131105711e60ec6e0aabbb8b357c5c5100eca07aa1e9a256d55d?s=96&d=mm&r=g\",\"caption\":\"cacclpt\"},\"sameAs\":[\"https:\\\/\\\/cac-cl.pt\"],\"url\":\"https:\\\/\\\/cac-cl.pt\\\/pt\\\/author\\\/cacclpt1\\\/\"}]}<\/script>\n<!-- \/ Yoast SEO plugin. -->","yoast_head_json":{"title":"Researchers from Universidade Cat\u00f3lica Portuguesa","description":"Researchers from Universidade Cat\u00f3lica Portuguesa were named among the world's best in the 2025 World's Best Scientists.","robots":{"index":"index","follow":"follow","max-snippet":"max-snippet:-1","max-image-preview":"max-image-preview:large","max-video-preview":"max-video-preview:-1"},"canonical":"https:\/\/cac-cl.pt\/pt\/ucp-researchers-worlds-best\/","og_locale":"pt_PT","og_type":"article","og_title":"Researchers from Universidade Cat\u00f3lica Portuguesa","og_description":"Researchers from Universidade Cat\u00f3lica Portuguesa were named among the world's best in the 2025 World's Best Scientists.","og_url":"https:\/\/cac-cl.pt\/pt\/ucp-researchers-worlds-best\/","og_site_name":"Centro Acad\u00e9mico Cl\u00ednico Cat\u00f3lica Luz (CAC-CL)","article_published_time":"2025-08-01T08:55:46+00:00","article_modified_time":"2025-08-04T12:03:01+00:00","og_image":[{"width":575,"height":370,"url":"https:\/\/cac-cl.pt\/wp-content\/uploads\/2025\/08\/Logotipo-UCP-Chao-Entrada-FCH.jpg","type":"image\/jpeg"}],"author":"cacclpt","twitter_card":"summary_large_image","twitter_misc":{"Escrito por":"cacclpt","Tempo estimado de leitura":"1 minuto"},"schema":{"@context":"https:\/\/schema.org","@graph":[{"@type":"Article","@id":"https:\/\/cac-cl.pt\/ucp-researchers-worlds-best\/#article","isPartOf":{"@id":"https:\/\/cac-cl.pt\/ucp-researchers-worlds-best\/"},"author":{"name":"cacclpt","@id":"https:\/\/cac-cl.pt\/#\/schema\/person\/c09c41364ed1103a75086a2c00052975"},"headline":"Researchers from Universidade Cat\u00f3lica Portuguesa among the world\u2019s best","datePublished":"2025-08-01T08:55:46+00:00","dateModified":"2025-08-04T12:03:01+00:00","mainEntityOfPage":{"@id":"https:\/\/cac-cl.pt\/ucp-researchers-worlds-best\/"},"wordCount":184,"commentCount":0,"publisher":{"@id":"https:\/\/cac-cl.pt\/#organization"},"image":{"@id":"https:\/\/cac-cl.pt\/ucp-researchers-worlds-best\/#primaryimage"},"thumbnailUrl":"https:\/\/cac-cl.pt\/wp-content\/uploads\/2025\/08\/Logotipo-UCP-Chao-Entrada-FCH.jpg","articleSection":["News"],"inLanguage":"pt-PT","potentialAction":[{"@type":"CommentAction","name":"Comment","target":["https:\/\/cac-cl.pt\/ucp-researchers-worlds-best\/#respond"]}]},{"@type":"WebPage","@id":"https:\/\/cac-cl.pt\/ucp-researchers-worlds-best\/","url":"https:\/\/cac-cl.pt\/ucp-researchers-worlds-best\/","name":"Researchers from Universidade Cat\u00f3lica Portuguesa","isPartOf":{"@id":"https:\/\/cac-cl.pt\/#website"},"primaryImageOfPage":{"@id":"https:\/\/cac-cl.pt\/ucp-researchers-worlds-best\/#primaryimage"},"image":{"@id":"https:\/\/cac-cl.pt\/ucp-researchers-worlds-best\/#primaryimage"},"thumbnailUrl":"https:\/\/cac-cl.pt\/wp-content\/uploads\/2025\/08\/Logotipo-UCP-Chao-Entrada-FCH.jpg","datePublished":"2025-08-01T08:55:46+00:00","dateModified":"2025-08-04T12:03:01+00:00","description":"Researchers from Universidade Cat\u00f3lica Portuguesa were named among the world's best in the 2025 World's Best Scientists.","breadcrumb":{"@id":"https:\/\/cac-cl.pt\/ucp-researchers-worlds-best\/#breadcrumb"},"inLanguage":"pt-PT","potentialAction":[{"@type":"ReadAction","target":["https:\/\/cac-cl.pt\/ucp-researchers-worlds-best\/"]}]},{"@type":"ImageObject","inLanguage":"pt-PT","@id":"https:\/\/cac-cl.pt\/ucp-researchers-worlds-best\/#primaryimage","url":"https:\/\/cac-cl.pt\/wp-content\/uploads\/2025\/08\/Logotipo-UCP-Chao-Entrada-FCH.jpg","contentUrl":"https:\/\/cac-cl.pt\/wp-content\/uploads\/2025\/08\/Logotipo-UCP-Chao-Entrada-FCH.jpg","width":575,"height":370},{"@type":"BreadcrumbList","@id":"https:\/\/cac-cl.pt\/ucp-researchers-worlds-best\/#breadcrumb","itemListElement":[{"@type":"ListItem","position":1,"name":"In\u00edcio","item":"https:\/\/cac-cl.pt\/"},{"@type":"ListItem","position":2,"name":"Researchers from Universidade Cat\u00f3lica Portuguesa among the world\u2019s best"}]},{"@type":"WebSite","@id":"https:\/\/cac-cl.pt\/#website","url":"https:\/\/cac-cl.pt\/","name":"Centro Acad\u00e9mico Cl\u00ednico Cat\u00f3lica Luz (CAC-CL)","description":"Centro Acad\u00e9mico Cl\u00ednico Cat\u00f3lica Luz","publisher":{"@id":"https:\/\/cac-cl.pt\/#organization"},"alternateName":"CAC-CL","potentialAction":[{"@type":"SearchAction","target":{"@type":"EntryPoint","urlTemplate":"https:\/\/cac-cl.pt\/?s={search_term_string}"},"query-input":{"@type":"PropertyValueSpecification","valueRequired":true,"valueName":"search_term_string"}}],"inLanguage":"pt-PT"},{"@type":"Organization","@id":"https:\/\/cac-cl.pt\/#organization","name":"Centro Acad\u00e9mico Cl\u00ednico Cat\u00f3lica Luz (CAC-CL)","alternateName":"CAC-CL","url":"https:\/\/cac-cl.pt\/","logo":{"@type":"ImageObject","inLanguage":"pt-PT","@id":"https:\/\/cac-cl.pt\/#\/schema\/logo\/image\/","url":"https:\/\/cac-cl.pt\/wp-content\/uploads\/2024\/04\/cropped-CAC_Logotipo_Principal_Positivo-e1712844263631.png","contentUrl":"https:\/\/cac-cl.pt\/wp-content\/uploads\/2024\/04\/cropped-CAC_Logotipo_Principal_Positivo-e1712844263631.png","width":2249,"height":1409,"caption":"Centro Acad\u00e9mico Cl\u00ednico Cat\u00f3lica Luz (CAC-CL)"},"image":{"@id":"https:\/\/cac-cl.pt\/#\/schema\/logo\/image\/"},"sameAs":["https:\/\/www.linkedin.com\/company\/caolica-luz-cac\/","https:\/\/www.instagram.com\/caccl.pt\/","https:\/\/pt.pinterest.com\/catolicaluz\/"]},{"@type":"Person","@id":"https:\/\/cac-cl.pt\/#\/schema\/person\/c09c41364ed1103a75086a2c00052975","name":"cacclpt","image":{"@type":"ImageObject","inLanguage":"pt-PT","@id":"https:\/\/secure.gravatar.com\/avatar\/e62818874125131105711e60ec6e0aabbb8b357c5c5100eca07aa1e9a256d55d?s=96&d=mm&r=g","url":"https:\/\/secure.gravatar.com\/avatar\/e62818874125131105711e60ec6e0aabbb8b357c5c5100eca07aa1e9a256d55d?s=96&d=mm&r=g","contentUrl":"https:\/\/secure.gravatar.com\/avatar\/e62818874125131105711e60ec6e0aabbb8b357c5c5100eca07aa1e9a256d55d?s=96&d=mm&r=g","caption":"cacclpt"},"sameAs":["https:\/\/cac-cl.pt"],"url":"https:\/\/cac-cl.pt\/pt\/author\/cacclpt1\/"}]}},"_links":{"self":[{"href":"https:\/\/cac-cl.pt\/pt\/wp-json\/wp\/v2\/posts\/13568","targetHints":{"allow":["GET"]}}],"collection":[{"href":"https:\/\/cac-cl.pt\/pt\/wp-json\/wp\/v2\/posts"}],"about":[{"href":"https:\/\/cac-cl.pt\/pt\/wp-json\/wp\/v2\/types\/post"}],"author":[{"embeddable":true,"href":"https:\/\/cac-cl.pt\/pt\/wp-json\/wp\/v2\/users\/1"}],"replies":[{"embeddable":true,"href":"https:\/\/cac-cl.pt\/pt\/wp-json\/wp\/v2\/comments?post=13568"}],"version-history":[{"count":3,"href":"https:\/\/cac-cl.pt\/pt\/wp-json\/wp\/v2\/posts\/13568\/revisions"}],"predecessor-version":[{"id":13573,"href":"https:\/\/cac-cl.pt\/pt\/wp-json\/wp\/v2\/posts\/13568\/revisions\/13573"}],"wp:featuredmedia":[{"embeddable":true,"href":"https:\/\/cac-cl.pt\/pt\/wp-json\/wp\/v2\/media\/13569"}],"wp:attachment":[{"href":"https:\/\/cac-cl.pt\/pt\/wp-json\/wp\/v2\/media?parent=13568"}],"wp:term":[{"taxonomy":"category","embeddable":true,"href":"https:\/\/cac-cl.pt\/pt\/wp-json\/wp\/v2\/categories?post=13568"},{"taxonomy":"post_tag","embeddable":true,"href":"https:\/\/cac-cl.pt\/pt\/wp-json\/wp\/v2\/tags?post=13568"}],"curies":[{"name":"wp","href":"https:\/\/api.w.org\/{rel}","templated":true}]}}