{"id":13723,"date":"2025-09-16T13:44:48","date_gmt":"2025-09-16T13:44:48","guid":{"rendered":"https:\/\/cac-cl.pt\/?p=13723"},"modified":"2025-09-16T13:44:49","modified_gmt":"2025-09-16T13:44:49","slug":"catolica-medical-school-researcher-awarded-with-an-international-grant-to-study-spinal-cord-injury-and-pain-mechanisms","status":"publish","type":"post","link":"https:\/\/cac-cl.pt\/pt\/catolica-medical-school-researcher-awarded-with-an-international-grant-to-study-spinal-cord-injury-and-pain-mechanisms\/","title":{"rendered":"Cat\u00f3lica Medical School researcher awarded with an international grant to study spinal cord injury and pain mechanisms"},"content":{"rendered":"<p><a href=\"https:\/\/cac-cl.pt\/\">Cat\u00f3lica Luz Clinical Academic Centre,<\/a> <a href=\"https:\/\/fm.ucp.pt\/\">Faculdade de Medicina da Universidade Cat\u00f3lica<\/a> e a <a href=\"https:\/\/ciencia.ucp.pt\/en\/organisations\/center-for-interdisciplinary-research-in-health-ciis\">Center for Interdisciplinary Research in Health (CIIS)<\/a> are proud to announce that\u00a0<strong><a href=\"https:\/\/fm.ucp.pt\/pt-pt\/pessoa\/isaura-martins\">Isaura Martins,<\/a><\/strong>\u00a0has been awarded a prestigious international research grant from the\u00a0<a href=\"https:\/\/mcpf.org\/\"><strong>Morton Cure Paralysis Fund<\/strong>.<\/a><\/p>\n\n\n\n<p>This competitive grant will support groundbreaking research in Isaura Martins Neurotrauma laboratory, focusing on the role of CD9, a protein which her team were the firsts to identify as being induced in the vascular system of the spinal cord following trauma. The project aims to explore how CD9 may contribute to the induction of neuropathic pain in the context of spinal cord injury, a major challenge for patients and clinicians alike.<\/p>\n\n\n\n<p>This recognition highlights the innovative research conducted at <a href=\"https:\/\/fm.ucp.pt\/\">Faculdade de Medicina da Universidade Cat\u00f3lica <\/a>e a <a href=\"https:\/\/ciis.ucp.pt\/\">CIIS <\/a>and reinforces the institution\u2019s commitment to advancing knowledge in neuroscience and regenerative medicine.<\/p>\n\n\n\n<p><strong><em>Congratulations, Isaura Martins! <\/em><\/strong><\/p>","protected":false},"excerpt":{"rendered":"<p>Cat\u00f3lica Luz Clinical Academic Centre, Cat\u00f3lica Medical School and Center for Interdisciplinary Research in Health (CIIS) are proud to announce that\u00a0Isaura Martins,\u00a0has been awarded a prestigious international research grant from the\u00a0Morton Cure Paralysis Fund. This competitive grant will support groundbreaking research in Isaura Martins Neurotrauma laboratory, focusing on the role of CD9, a protein which [&hellip;]<\/p>\n","protected":false},"author":1,"featured_media":13724,"comment_status":"open","ping_status":"open","sticky":false,"template":"","format":"standard","meta":{"_acf_changed":false,"inline_featured_image":false,"footnotes":""},"categories":[134],"tags":[],"class_list":["post-13723","post","type-post","status-publish","format-standard","has-post-thumbnail","hentry","category-news"],"acf":[],"yoast_head":"<!-- This site is optimized with the Yoast SEO plugin v27.5 - https:\/\/yoast.com\/product\/yoast-seo-wordpress\/ -->\n<title>Cat\u00f3lica Medical School researcher awarded with an international grant to study spinal cord injury and pain mechanisms | Centro Acad\u00e9mico Cl\u00ednico Cat\u00f3lica Luz (CAC-CL)<\/title>\n<meta name=\"robots\" content=\"index, follow, max-snippet:-1, max-image-preview:large, max-video-preview:-1\" \/>\n<link rel=\"canonical\" href=\"https:\/\/cac-cl.pt\/pt\/catolica-medical-school-researcher-awarded-with-an-international-grant-to-study-spinal-cord-injury-and-pain-mechanisms\/\" \/>\n<meta property=\"og:locale\" content=\"pt_PT\" \/>\n<meta property=\"og:type\" content=\"article\" \/>\n<meta property=\"og:title\" content=\"Cat\u00f3lica Medical School researcher awarded with an international grant to study spinal cord injury and pain mechanisms | Centro Acad\u00e9mico Cl\u00ednico Cat\u00f3lica Luz (CAC-CL)\" \/>\n<meta property=\"og:description\" content=\"Cat\u00f3lica Luz Clinical Academic Centre, Cat\u00f3lica Medical School and Center for Interdisciplinary Research in Health (CIIS) are proud to announce that\u00a0Isaura Martins,\u00a0has been awarded a prestigious international research grant from the\u00a0Morton Cure Paralysis Fund. This competitive grant will support groundbreaking research in Isaura Martins Neurotrauma laboratory, focusing on the role of CD9, a protein which [&hellip;]\" \/>\n<meta property=\"og:url\" content=\"https:\/\/cac-cl.pt\/pt\/catolica-medical-school-researcher-awarded-with-an-international-grant-to-study-spinal-cord-injury-and-pain-mechanisms\/\" \/>\n<meta property=\"og:site_name\" content=\"Centro Acad\u00e9mico Cl\u00ednico Cat\u00f3lica Luz (CAC-CL)\" \/>\n<meta property=\"article:published_time\" content=\"2025-09-16T13:44:48+00:00\" \/>\n<meta property=\"article:modified_time\" content=\"2025-09-16T13:44:49+00:00\" \/>\n<meta property=\"og:image\" content=\"https:\/\/cac-cl.pt\/wp-content\/uploads\/2025\/09\/isaura-etc-banner.jpeg\" \/>\n\t<meta property=\"og:image:width\" content=\"763\" \/>\n\t<meta property=\"og:image:height\" content=\"430\" \/>\n\t<meta property=\"og:image:type\" content=\"image\/jpeg\" \/>\n<meta name=\"author\" content=\"cacclpt\" \/>\n<meta name=\"twitter:card\" content=\"summary_large_image\" \/>\n<meta name=\"twitter:label1\" content=\"Escrito por\" \/>\n\t<meta name=\"twitter:data1\" content=\"cacclpt\" \/>\n\t<meta name=\"twitter:label2\" content=\"Tempo estimado de leitura\" \/>\n\t<meta name=\"twitter:data2\" content=\"1 minuto\" \/>\n<script type=\"application\/ld+json\" class=\"yoast-schema-graph\">{\"@context\":\"https:\\\/\\\/schema.org\",\"@graph\":[{\"@type\":\"Article\",\"@id\":\"https:\\\/\\\/cac-cl.pt\\\/catolica-medical-school-researcher-awarded-with-an-international-grant-to-study-spinal-cord-injury-and-pain-mechanisms\\\/#article\",\"isPartOf\":{\"@id\":\"https:\\\/\\\/cac-cl.pt\\\/catolica-medical-school-researcher-awarded-with-an-international-grant-to-study-spinal-cord-injury-and-pain-mechanisms\\\/\"},\"author\":{\"name\":\"cacclpt\",\"@id\":\"https:\\\/\\\/cac-cl.pt\\\/#\\\/schema\\\/person\\\/c09c41364ed1103a75086a2c00052975\"},\"headline\":\"Cat\u00f3lica Medical School researcher awarded with an international grant to study spinal cord injury and pain mechanisms\",\"datePublished\":\"2025-09-16T13:44:48+00:00\",\"dateModified\":\"2025-09-16T13:44:49+00:00\",\"mainEntityOfPage\":{\"@id\":\"https:\\\/\\\/cac-cl.pt\\\/catolica-medical-school-researcher-awarded-with-an-international-grant-to-study-spinal-cord-injury-and-pain-mechanisms\\\/\"},\"wordCount\":159,\"commentCount\":0,\"publisher\":{\"@id\":\"https:\\\/\\\/cac-cl.pt\\\/#organization\"},\"image\":{\"@id\":\"https:\\\/\\\/cac-cl.pt\\\/catolica-medical-school-researcher-awarded-with-an-international-grant-to-study-spinal-cord-injury-and-pain-mechanisms\\\/#primaryimage\"},\"thumbnailUrl\":\"https:\\\/\\\/cac-cl.pt\\\/wp-content\\\/uploads\\\/2025\\\/09\\\/isaura-etc-banner.jpeg\",\"articleSection\":[\"News\"],\"inLanguage\":\"pt-PT\",\"potentialAction\":[{\"@type\":\"CommentAction\",\"name\":\"Comment\",\"target\":[\"https:\\\/\\\/cac-cl.pt\\\/catolica-medical-school-researcher-awarded-with-an-international-grant-to-study-spinal-cord-injury-and-pain-mechanisms\\\/#respond\"]}]},{\"@type\":\"WebPage\",\"@id\":\"https:\\\/\\\/cac-cl.pt\\\/catolica-medical-school-researcher-awarded-with-an-international-grant-to-study-spinal-cord-injury-and-pain-mechanisms\\\/\",\"url\":\"https:\\\/\\\/cac-cl.pt\\\/catolica-medical-school-researcher-awarded-with-an-international-grant-to-study-spinal-cord-injury-and-pain-mechanisms\\\/\",\"name\":\"Cat\u00f3lica Medical School researcher awarded with an international grant to study spinal cord injury and pain mechanisms | Centro Acad\u00e9mico Cl\u00ednico Cat\u00f3lica Luz (CAC-CL)\",\"isPartOf\":{\"@id\":\"https:\\\/\\\/cac-cl.pt\\\/#website\"},\"primaryImageOfPage\":{\"@id\":\"https:\\\/\\\/cac-cl.pt\\\/catolica-medical-school-researcher-awarded-with-an-international-grant-to-study-spinal-cord-injury-and-pain-mechanisms\\\/#primaryimage\"},\"image\":{\"@id\":\"https:\\\/\\\/cac-cl.pt\\\/catolica-medical-school-researcher-awarded-with-an-international-grant-to-study-spinal-cord-injury-and-pain-mechanisms\\\/#primaryimage\"},\"thumbnailUrl\":\"https:\\\/\\\/cac-cl.pt\\\/wp-content\\\/uploads\\\/2025\\\/09\\\/isaura-etc-banner.jpeg\",\"datePublished\":\"2025-09-16T13:44:48+00:00\",\"dateModified\":\"2025-09-16T13:44:49+00:00\",\"breadcrumb\":{\"@id\":\"https:\\\/\\\/cac-cl.pt\\\/catolica-medical-school-researcher-awarded-with-an-international-grant-to-study-spinal-cord-injury-and-pain-mechanisms\\\/#breadcrumb\"},\"inLanguage\":\"pt-PT\",\"potentialAction\":[{\"@type\":\"ReadAction\",\"target\":[\"https:\\\/\\\/cac-cl.pt\\\/catolica-medical-school-researcher-awarded-with-an-international-grant-to-study-spinal-cord-injury-and-pain-mechanisms\\\/\"]}]},{\"@type\":\"ImageObject\",\"inLanguage\":\"pt-PT\",\"@id\":\"https:\\\/\\\/cac-cl.pt\\\/catolica-medical-school-researcher-awarded-with-an-international-grant-to-study-spinal-cord-injury-and-pain-mechanisms\\\/#primaryimage\",\"url\":\"https:\\\/\\\/cac-cl.pt\\\/wp-content\\\/uploads\\\/2025\\\/09\\\/isaura-etc-banner.jpeg\",\"contentUrl\":\"https:\\\/\\\/cac-cl.pt\\\/wp-content\\\/uploads\\\/2025\\\/09\\\/isaura-etc-banner.jpeg\",\"width\":763,\"height\":430},{\"@type\":\"BreadcrumbList\",\"@id\":\"https:\\\/\\\/cac-cl.pt\\\/catolica-medical-school-researcher-awarded-with-an-international-grant-to-study-spinal-cord-injury-and-pain-mechanisms\\\/#breadcrumb\",\"itemListElement\":[{\"@type\":\"ListItem\",\"position\":1,\"name\":\"In\u00edcio\",\"item\":\"https:\\\/\\\/cac-cl.pt\\\/\"},{\"@type\":\"ListItem\",\"position\":2,\"name\":\"Cat\u00f3lica Medical School researcher awarded with an international grant to study spinal cord injury and pain mechanisms\"}]},{\"@type\":\"WebSite\",\"@id\":\"https:\\\/\\\/cac-cl.pt\\\/#website\",\"url\":\"https:\\\/\\\/cac-cl.pt\\\/\",\"name\":\"Centro Acad\u00e9mico Cl\u00ednico Cat\u00f3lica Luz (CAC-CL)\",\"description\":\"Centro Acad\u00e9mico Cl\u00ednico Cat\u00f3lica Luz\",\"publisher\":{\"@id\":\"https:\\\/\\\/cac-cl.pt\\\/#organization\"},\"alternateName\":\"CAC-CL\",\"potentialAction\":[{\"@type\":\"SearchAction\",\"target\":{\"@type\":\"EntryPoint\",\"urlTemplate\":\"https:\\\/\\\/cac-cl.pt\\\/?s={search_term_string}\"},\"query-input\":{\"@type\":\"PropertyValueSpecification\",\"valueRequired\":true,\"valueName\":\"search_term_string\"}}],\"inLanguage\":\"pt-PT\"},{\"@type\":\"Organization\",\"@id\":\"https:\\\/\\\/cac-cl.pt\\\/#organization\",\"name\":\"Centro Acad\u00e9mico Cl\u00ednico Cat\u00f3lica Luz (CAC-CL)\",\"alternateName\":\"CAC-CL\",\"url\":\"https:\\\/\\\/cac-cl.pt\\\/\",\"logo\":{\"@type\":\"ImageObject\",\"inLanguage\":\"pt-PT\",\"@id\":\"https:\\\/\\\/cac-cl.pt\\\/#\\\/schema\\\/logo\\\/image\\\/\",\"url\":\"https:\\\/\\\/cac-cl.pt\\\/wp-content\\\/uploads\\\/2024\\\/04\\\/cropped-CAC_Logotipo_Principal_Positivo-e1712844263631.png\",\"contentUrl\":\"https:\\\/\\\/cac-cl.pt\\\/wp-content\\\/uploads\\\/2024\\\/04\\\/cropped-CAC_Logotipo_Principal_Positivo-e1712844263631.png\",\"width\":2249,\"height\":1409,\"caption\":\"Centro Acad\u00e9mico Cl\u00ednico Cat\u00f3lica Luz (CAC-CL)\"},\"image\":{\"@id\":\"https:\\\/\\\/cac-cl.pt\\\/#\\\/schema\\\/logo\\\/image\\\/\"},\"sameAs\":[\"https:\\\/\\\/www.linkedin.com\\\/company\\\/caolica-luz-cac\\\/\",\"https:\\\/\\\/www.instagram.com\\\/caccl.pt\\\/\",\"https:\\\/\\\/pt.pinterest.com\\\/catolicaluz\\\/\"]},{\"@type\":\"Person\",\"@id\":\"https:\\\/\\\/cac-cl.pt\\\/#\\\/schema\\\/person\\\/c09c41364ed1103a75086a2c00052975\",\"name\":\"cacclpt\",\"image\":{\"@type\":\"ImageObject\",\"inLanguage\":\"pt-PT\",\"@id\":\"https:\\\/\\\/secure.gravatar.com\\\/avatar\\\/e62818874125131105711e60ec6e0aabbb8b357c5c5100eca07aa1e9a256d55d?s=96&d=mm&r=g\",\"url\":\"https:\\\/\\\/secure.gravatar.com\\\/avatar\\\/e62818874125131105711e60ec6e0aabbb8b357c5c5100eca07aa1e9a256d55d?s=96&d=mm&r=g\",\"contentUrl\":\"https:\\\/\\\/secure.gravatar.com\\\/avatar\\\/e62818874125131105711e60ec6e0aabbb8b357c5c5100eca07aa1e9a256d55d?s=96&d=mm&r=g\",\"caption\":\"cacclpt\"},\"sameAs\":[\"https:\\\/\\\/cac-cl.pt\"],\"url\":\"https:\\\/\\\/cac-cl.pt\\\/pt\\\/author\\\/cacclpt1\\\/\"}]}<\/script>\n<!-- \/ Yoast SEO plugin. -->","yoast_head_json":{"title":"Cat\u00f3lica Medical School researcher awarded with an international grant to study spinal cord injury and pain mechanisms | Centro Acad\u00e9mico Cl\u00ednico Cat\u00f3lica Luz (CAC-CL)","robots":{"index":"index","follow":"follow","max-snippet":"max-snippet:-1","max-image-preview":"max-image-preview:large","max-video-preview":"max-video-preview:-1"},"canonical":"https:\/\/cac-cl.pt\/pt\/catolica-medical-school-researcher-awarded-with-an-international-grant-to-study-spinal-cord-injury-and-pain-mechanisms\/","og_locale":"pt_PT","og_type":"article","og_title":"Cat\u00f3lica Medical School researcher awarded with an international grant to study spinal cord injury and pain mechanisms | Centro Acad\u00e9mico Cl\u00ednico Cat\u00f3lica Luz (CAC-CL)","og_description":"Cat\u00f3lica Luz Clinical Academic Centre, Cat\u00f3lica Medical School and Center for Interdisciplinary Research in Health (CIIS) are proud to announce that\u00a0Isaura Martins,\u00a0has been awarded a prestigious international research grant from the\u00a0Morton Cure Paralysis Fund. This competitive grant will support groundbreaking research in Isaura Martins Neurotrauma laboratory, focusing on the role of CD9, a protein which [&hellip;]","og_url":"https:\/\/cac-cl.pt\/pt\/catolica-medical-school-researcher-awarded-with-an-international-grant-to-study-spinal-cord-injury-and-pain-mechanisms\/","og_site_name":"Centro Acad\u00e9mico Cl\u00ednico Cat\u00f3lica Luz (CAC-CL)","article_published_time":"2025-09-16T13:44:48+00:00","article_modified_time":"2025-09-16T13:44:49+00:00","og_image":[{"width":763,"height":430,"url":"https:\/\/cac-cl.pt\/wp-content\/uploads\/2025\/09\/isaura-etc-banner.jpeg","type":"image\/jpeg"}],"author":"cacclpt","twitter_card":"summary_large_image","twitter_misc":{"Escrito por":"cacclpt","Tempo estimado de leitura":"1 minuto"},"schema":{"@context":"https:\/\/schema.org","@graph":[{"@type":"Article","@id":"https:\/\/cac-cl.pt\/catolica-medical-school-researcher-awarded-with-an-international-grant-to-study-spinal-cord-injury-and-pain-mechanisms\/#article","isPartOf":{"@id":"https:\/\/cac-cl.pt\/catolica-medical-school-researcher-awarded-with-an-international-grant-to-study-spinal-cord-injury-and-pain-mechanisms\/"},"author":{"name":"cacclpt","@id":"https:\/\/cac-cl.pt\/#\/schema\/person\/c09c41364ed1103a75086a2c00052975"},"headline":"Cat\u00f3lica Medical School researcher awarded with an international grant to study spinal cord injury and pain mechanisms","datePublished":"2025-09-16T13:44:48+00:00","dateModified":"2025-09-16T13:44:49+00:00","mainEntityOfPage":{"@id":"https:\/\/cac-cl.pt\/catolica-medical-school-researcher-awarded-with-an-international-grant-to-study-spinal-cord-injury-and-pain-mechanisms\/"},"wordCount":159,"commentCount":0,"publisher":{"@id":"https:\/\/cac-cl.pt\/#organization"},"image":{"@id":"https:\/\/cac-cl.pt\/catolica-medical-school-researcher-awarded-with-an-international-grant-to-study-spinal-cord-injury-and-pain-mechanisms\/#primaryimage"},"thumbnailUrl":"https:\/\/cac-cl.pt\/wp-content\/uploads\/2025\/09\/isaura-etc-banner.jpeg","articleSection":["News"],"inLanguage":"pt-PT","potentialAction":[{"@type":"CommentAction","name":"Comment","target":["https:\/\/cac-cl.pt\/catolica-medical-school-researcher-awarded-with-an-international-grant-to-study-spinal-cord-injury-and-pain-mechanisms\/#respond"]}]},{"@type":"WebPage","@id":"https:\/\/cac-cl.pt\/catolica-medical-school-researcher-awarded-with-an-international-grant-to-study-spinal-cord-injury-and-pain-mechanisms\/","url":"https:\/\/cac-cl.pt\/catolica-medical-school-researcher-awarded-with-an-international-grant-to-study-spinal-cord-injury-and-pain-mechanisms\/","name":"Cat\u00f3lica Medical School researcher awarded with an international grant to study spinal cord injury and pain mechanisms | Centro Acad\u00e9mico Cl\u00ednico Cat\u00f3lica Luz (CAC-CL)","isPartOf":{"@id":"https:\/\/cac-cl.pt\/#website"},"primaryImageOfPage":{"@id":"https:\/\/cac-cl.pt\/catolica-medical-school-researcher-awarded-with-an-international-grant-to-study-spinal-cord-injury-and-pain-mechanisms\/#primaryimage"},"image":{"@id":"https:\/\/cac-cl.pt\/catolica-medical-school-researcher-awarded-with-an-international-grant-to-study-spinal-cord-injury-and-pain-mechanisms\/#primaryimage"},"thumbnailUrl":"https:\/\/cac-cl.pt\/wp-content\/uploads\/2025\/09\/isaura-etc-banner.jpeg","datePublished":"2025-09-16T13:44:48+00:00","dateModified":"2025-09-16T13:44:49+00:00","breadcrumb":{"@id":"https:\/\/cac-cl.pt\/catolica-medical-school-researcher-awarded-with-an-international-grant-to-study-spinal-cord-injury-and-pain-mechanisms\/#breadcrumb"},"inLanguage":"pt-PT","potentialAction":[{"@type":"ReadAction","target":["https:\/\/cac-cl.pt\/catolica-medical-school-researcher-awarded-with-an-international-grant-to-study-spinal-cord-injury-and-pain-mechanisms\/"]}]},{"@type":"ImageObject","inLanguage":"pt-PT","@id":"https:\/\/cac-cl.pt\/catolica-medical-school-researcher-awarded-with-an-international-grant-to-study-spinal-cord-injury-and-pain-mechanisms\/#primaryimage","url":"https:\/\/cac-cl.pt\/wp-content\/uploads\/2025\/09\/isaura-etc-banner.jpeg","contentUrl":"https:\/\/cac-cl.pt\/wp-content\/uploads\/2025\/09\/isaura-etc-banner.jpeg","width":763,"height":430},{"@type":"BreadcrumbList","@id":"https:\/\/cac-cl.pt\/catolica-medical-school-researcher-awarded-with-an-international-grant-to-study-spinal-cord-injury-and-pain-mechanisms\/#breadcrumb","itemListElement":[{"@type":"ListItem","position":1,"name":"In\u00edcio","item":"https:\/\/cac-cl.pt\/"},{"@type":"ListItem","position":2,"name":"Cat\u00f3lica Medical School researcher awarded with an international grant to study spinal cord injury and pain mechanisms"}]},{"@type":"WebSite","@id":"https:\/\/cac-cl.pt\/#website","url":"https:\/\/cac-cl.pt\/","name":"Centro Acad\u00e9mico Cl\u00ednico Cat\u00f3lica Luz (CAC-CL)","description":"Centro Acad\u00e9mico Cl\u00ednico Cat\u00f3lica Luz","publisher":{"@id":"https:\/\/cac-cl.pt\/#organization"},"alternateName":"CAC-CL","potentialAction":[{"@type":"SearchAction","target":{"@type":"EntryPoint","urlTemplate":"https:\/\/cac-cl.pt\/?s={search_term_string}"},"query-input":{"@type":"PropertyValueSpecification","valueRequired":true,"valueName":"search_term_string"}}],"inLanguage":"pt-PT"},{"@type":"Organization","@id":"https:\/\/cac-cl.pt\/#organization","name":"Centro Acad\u00e9mico Cl\u00ednico Cat\u00f3lica Luz (CAC-CL)","alternateName":"CAC-CL","url":"https:\/\/cac-cl.pt\/","logo":{"@type":"ImageObject","inLanguage":"pt-PT","@id":"https:\/\/cac-cl.pt\/#\/schema\/logo\/image\/","url":"https:\/\/cac-cl.pt\/wp-content\/uploads\/2024\/04\/cropped-CAC_Logotipo_Principal_Positivo-e1712844263631.png","contentUrl":"https:\/\/cac-cl.pt\/wp-content\/uploads\/2024\/04\/cropped-CAC_Logotipo_Principal_Positivo-e1712844263631.png","width":2249,"height":1409,"caption":"Centro Acad\u00e9mico Cl\u00ednico Cat\u00f3lica Luz (CAC-CL)"},"image":{"@id":"https:\/\/cac-cl.pt\/#\/schema\/logo\/image\/"},"sameAs":["https:\/\/www.linkedin.com\/company\/caolica-luz-cac\/","https:\/\/www.instagram.com\/caccl.pt\/","https:\/\/pt.pinterest.com\/catolicaluz\/"]},{"@type":"Person","@id":"https:\/\/cac-cl.pt\/#\/schema\/person\/c09c41364ed1103a75086a2c00052975","name":"cacclpt","image":{"@type":"ImageObject","inLanguage":"pt-PT","@id":"https:\/\/secure.gravatar.com\/avatar\/e62818874125131105711e60ec6e0aabbb8b357c5c5100eca07aa1e9a256d55d?s=96&d=mm&r=g","url":"https:\/\/secure.gravatar.com\/avatar\/e62818874125131105711e60ec6e0aabbb8b357c5c5100eca07aa1e9a256d55d?s=96&d=mm&r=g","contentUrl":"https:\/\/secure.gravatar.com\/avatar\/e62818874125131105711e60ec6e0aabbb8b357c5c5100eca07aa1e9a256d55d?s=96&d=mm&r=g","caption":"cacclpt"},"sameAs":["https:\/\/cac-cl.pt"],"url":"https:\/\/cac-cl.pt\/pt\/author\/cacclpt1\/"}]}},"_links":{"self":[{"href":"https:\/\/cac-cl.pt\/pt\/wp-json\/wp\/v2\/posts\/13723","targetHints":{"allow":["GET"]}}],"collection":[{"href":"https:\/\/cac-cl.pt\/pt\/wp-json\/wp\/v2\/posts"}],"about":[{"href":"https:\/\/cac-cl.pt\/pt\/wp-json\/wp\/v2\/types\/post"}],"author":[{"embeddable":true,"href":"https:\/\/cac-cl.pt\/pt\/wp-json\/wp\/v2\/users\/1"}],"replies":[{"embeddable":true,"href":"https:\/\/cac-cl.pt\/pt\/wp-json\/wp\/v2\/comments?post=13723"}],"version-history":[{"count":1,"href":"https:\/\/cac-cl.pt\/pt\/wp-json\/wp\/v2\/posts\/13723\/revisions"}],"predecessor-version":[{"id":13727,"href":"https:\/\/cac-cl.pt\/pt\/wp-json\/wp\/v2\/posts\/13723\/revisions\/13727"}],"wp:featuredmedia":[{"embeddable":true,"href":"https:\/\/cac-cl.pt\/pt\/wp-json\/wp\/v2\/media\/13724"}],"wp:attachment":[{"href":"https:\/\/cac-cl.pt\/pt\/wp-json\/wp\/v2\/media?parent=13723"}],"wp:term":[{"taxonomy":"category","embeddable":true,"href":"https:\/\/cac-cl.pt\/pt\/wp-json\/wp\/v2\/categories?post=13723"},{"taxonomy":"post_tag","embeddable":true,"href":"https:\/\/cac-cl.pt\/pt\/wp-json\/wp\/v2\/tags?post=13723"}],"curies":[{"name":"wp","href":"https:\/\/api.w.org\/{rel}","templated":true}]}}