{"id":13756,"date":"2025-09-23T09:03:42","date_gmt":"2025-09-23T09:03:42","guid":{"rendered":"https:\/\/cac-cl.pt\/?p=13756"},"modified":"2025-09-23T09:10:30","modified_gmt":"2025-09-23T09:10:30","slug":"first-week-ytili-young-transatlantic-innovation-leaders-initiative","status":"publish","type":"post","link":"https:\/\/cac-cl.pt\/pt\/first-week-ytili-young-transatlantic-innovation-leaders-initiative\/","title":{"rendered":"First Week &#8211; YTILI | Young Transatlantic Innovation Leaders Initiative"},"content":{"rendered":"<div data-elementor-type=\"wp-post\" data-elementor-id=\"13756\" class=\"elementor elementor-13756\">\n\t\t\t\t<div class=\"elementor-element elementor-element-622fa98 e-flex e-con-boxed e-con e-parent\" data-id=\"622fa98\" data-element_type=\"container\" data-e-type=\"container\">\n\t\t\t\t\t<div class=\"e-con-inner\">\n\t\t\t\t<div class=\"elementor-element elementor-element-a69c7ce elementor-widget elementor-widget-text-editor\" data-id=\"a69c7ce\" data-element_type=\"widget\" data-e-type=\"widget\" data-widget_type=\"text-editor.default\">\n\t\t\t\t<div class=\"elementor-widget-container\">\n\t\t\t\t\t\t\t\t\t\n<p>Between September 8th\u00a0and 13th, our Executive Director <a href=\"https:\/\/www.linkedin.com\/company\/102414451\/admin\/page-posts\/published\/?share=true#\">Ana Rita Constante<\/a> joined 49 European leaders for the start of the <a href=\"https:\/\/www.linkedin.com\/company\/102414451\/admin\/page-posts\/published\/?share=true#\">YTILI | Young Transatlantic Innovation Leaders Initiative<\/a> 2025 Fellowship\u00a0in Boston.<\/p>\n\n<p data-start=\"374\" data-end=\"765\">The program combined leadership development sessions with participation in <strong data-start=\"453\" data-end=\"481\">Startup Boston Week 2025<\/strong>, featuring workshops on organizational culture, leadership values, adaptability, and team building, as well as discussions on resilience and growth in startups. These activities highlighted that innovation depends as much on people, values, and resilience as it does on technology.<\/p>\n<p data-start=\"767\" data-end=\"941\">This international exchange strengthens <strong data-start=\"807\" data-end=\"874\">CAC-CL\u2019s mission to bridge healthcare, academia, and innovation<\/strong>, bringing fresh perspectives to the Portuguese health ecosystem.<\/p>\n\n<p>We thank <strong>American Councils for International Education,<\/strong> <strong>U.S. Department of State<\/strong>, <strong>YTILI | Young Transatlantic Innovation Leaders Initiative<\/strong>, <strong>US Embassy Lisbon<\/strong> and all partners for this inspiring start!<\/p>\n\t\t\t\t\t\t\t\t<\/div>\n\t\t\t\t<\/div>\n\t\t\t\t\t<\/div>\n\t\t\t\t<\/div>\n\t\t<div class=\"elementor-element elementor-element-c096337 e-flex e-con-boxed e-con e-parent\" data-id=\"c096337\" data-element_type=\"container\" data-e-type=\"container\">\n\t\t\t\t\t<div class=\"e-con-inner\">\n\t\t\t\t<div class=\"elementor-element elementor-element-f523b1a elementor-widget elementor-widget-image\" data-id=\"f523b1a\" data-element_type=\"widget\" data-e-type=\"widget\" data-widget_type=\"image.default\">\n\t\t\t\t<div class=\"elementor-widget-container\">\n\t\t\t\t\t\t\t\t\t\t\t\t\t\t\t<img fetchpriority=\"high\" decoding=\"async\" width=\"640\" height=\"955\" src=\"https:\/\/cac-cl.pt\/wp-content\/uploads\/2025\/09\/1000069657-686x1024.jpg\" class=\"attachment-large size-large wp-image-13759\" alt=\"\" srcset=\"https:\/\/cac-cl.pt\/wp-content\/uploads\/2025\/09\/1000069657-686x1024.jpg 686w, https:\/\/cac-cl.pt\/wp-content\/uploads\/2025\/09\/1000069657-201x300.jpg 201w, https:\/\/cac-cl.pt\/wp-content\/uploads\/2025\/09\/1000069657-768x1146.jpg 768w, https:\/\/cac-cl.pt\/wp-content\/uploads\/2025\/09\/1000069657-1030x1536.jpg 1030w, https:\/\/cac-cl.pt\/wp-content\/uploads\/2025\/09\/1000069657-1373x2048.jpg 1373w, https:\/\/cac-cl.pt\/wp-content\/uploads\/2025\/09\/1000069657-8x12.jpg 8w, https:\/\/cac-cl.pt\/wp-content\/uploads\/2025\/09\/1000069657-scaled.jpg 1716w\" sizes=\"(max-width: 640px) 100vw, 640px\" \/>\t\t\t\t\t\t\t\t\t\t\t\t\t\t\t<\/div>\n\t\t\t\t<\/div>\n\t\t\t\t<div class=\"elementor-element elementor-element-9bc2beb elementor-widget elementor-widget-image\" data-id=\"9bc2beb\" data-element_type=\"widget\" data-e-type=\"widget\" data-widget_type=\"image.default\">\n\t\t\t\t<div class=\"elementor-widget-container\">\n\t\t\t\t\t\t\t\t\t\t\t\t\t\t\t<img decoding=\"async\" width=\"640\" height=\"450\" data-src=\"https:\/\/cac-cl.pt\/wp-content\/uploads\/2025\/09\/1000069658-1024x720.jpg\" class=\"attachment-large size-large wp-image-13760 lazyload\" alt=\"\" data-srcset=\"https:\/\/cac-cl.pt\/wp-content\/uploads\/2025\/09\/1000069658-1024x720.jpg 1024w, https:\/\/cac-cl.pt\/wp-content\/uploads\/2025\/09\/1000069658-300x211.jpg 300w, https:\/\/cac-cl.pt\/wp-content\/uploads\/2025\/09\/1000069658-768x540.jpg 768w, https:\/\/cac-cl.pt\/wp-content\/uploads\/2025\/09\/1000069658-1536x1079.jpg 1536w, https:\/\/cac-cl.pt\/wp-content\/uploads\/2025\/09\/1000069658-2048x1439.jpg 2048w, https:\/\/cac-cl.pt\/wp-content\/uploads\/2025\/09\/1000069658-18x12.jpg 18w\" data-sizes=\"(max-width: 640px) 100vw, 640px\" src=\"data:image\/svg+xml;base64,PHN2ZyB3aWR0aD0iMSIgaGVpZ2h0PSIxIiB4bWxucz0iaHR0cDovL3d3dy53My5vcmcvMjAwMC9zdmciPjwvc3ZnPg==\" style=\"--smush-placeholder-width: 640px; --smush-placeholder-aspect-ratio: 640\/450;\" \/>\t\t\t\t\t\t\t\t\t\t\t\t\t\t\t<\/div>\n\t\t\t\t<\/div>\n\t\t\t\t<div class=\"elementor-element elementor-element-0fb71c7 elementor-widget elementor-widget-image\" data-id=\"0fb71c7\" data-element_type=\"widget\" data-e-type=\"widget\" data-widget_type=\"image.default\">\n\t\t\t\t<div class=\"elementor-widget-container\">\n\t\t\t\t\t\t\t\t\t\t\t\t\t\t\t<img decoding=\"async\" width=\"640\" height=\"853\" data-src=\"https:\/\/cac-cl.pt\/wp-content\/uploads\/2025\/09\/1000068928-768x1024.jpg\" class=\"attachment-large size-large wp-image-13761 lazyload\" alt=\"\" data-srcset=\"https:\/\/cac-cl.pt\/wp-content\/uploads\/2025\/09\/1000068928-768x1024.jpg 768w, https:\/\/cac-cl.pt\/wp-content\/uploads\/2025\/09\/1000068928-225x300.jpg 225w, https:\/\/cac-cl.pt\/wp-content\/uploads\/2025\/09\/1000068928-1152x1536.jpg 1152w, https:\/\/cac-cl.pt\/wp-content\/uploads\/2025\/09\/1000068928-1536x2048.jpg 1536w, https:\/\/cac-cl.pt\/wp-content\/uploads\/2025\/09\/1000068928-9x12.jpg 9w, https:\/\/cac-cl.pt\/wp-content\/uploads\/2025\/09\/1000068928-scaled.jpg 1920w\" data-sizes=\"(max-width: 640px) 100vw, 640px\" src=\"data:image\/svg+xml;base64,PHN2ZyB3aWR0aD0iMSIgaGVpZ2h0PSIxIiB4bWxucz0iaHR0cDovL3d3dy53My5vcmcvMjAwMC9zdmciPjwvc3ZnPg==\" style=\"--smush-placeholder-width: 640px; --smush-placeholder-aspect-ratio: 640\/853;\" \/>\t\t\t\t\t\t\t\t\t\t\t\t\t\t\t<\/div>\n\t\t\t\t<\/div>\n\t\t\t\t\t<\/div>\n\t\t\t\t<\/div>\n\t\t\t\t<\/div>","protected":false},"excerpt":{"rendered":"<p>Between September 8th\u00a0and 13th, our Executive Director Ana Rita Constante joined 49 European leaders for the start of the YTILI | Young Transatlantic Innovation Leaders Initiative 2025 Fellowship\u00a0in Boston. The program combined leadership development sessions with participation in Startup Boston Week 2025, featuring workshops on organizational culture, leadership values, adaptability, and team building, as well [&hellip;]<\/p>\n","protected":false},"author":1,"featured_media":13765,"comment_status":"open","ping_status":"open","sticky":false,"template":"","format":"standard","meta":{"_acf_changed":false,"inline_featured_image":false,"footnotes":""},"categories":[134],"tags":[],"class_list":["post-13756","post","type-post","status-publish","format-standard","has-post-thumbnail","hentry","category-news"],"acf":[],"yoast_head":"<!-- This site is optimized with the Yoast SEO plugin v27.5 - https:\/\/yoast.com\/product\/yoast-seo-wordpress\/ -->\n<title>First Week - YTILI | Young Transatlantic Innovation Leaders Initiative | Centro Acad\u00e9mico Cl\u00ednico Cat\u00f3lica Luz (CAC-CL)<\/title>\n<meta name=\"robots\" content=\"index, follow, max-snippet:-1, max-image-preview:large, max-video-preview:-1\" \/>\n<link rel=\"canonical\" href=\"https:\/\/cac-cl.pt\/pt\/first-week-ytili-young-transatlantic-innovation-leaders-initiative\/\" \/>\n<meta property=\"og:locale\" content=\"pt_PT\" \/>\n<meta property=\"og:type\" content=\"article\" \/>\n<meta property=\"og:title\" content=\"First Week - YTILI | Young Transatlantic Innovation Leaders Initiative | Centro Acad\u00e9mico Cl\u00ednico Cat\u00f3lica Luz (CAC-CL)\" \/>\n<meta property=\"og:description\" content=\"Between September 8th\u00a0and 13th, our Executive Director Ana Rita Constante joined 49 European leaders for the start of the YTILI | Young Transatlantic Innovation Leaders Initiative 2025 Fellowship\u00a0in Boston. The program combined leadership development sessions with participation in Startup Boston Week 2025, featuring workshops on organizational culture, leadership values, adaptability, and team building, as well [&hellip;]\" \/>\n<meta property=\"og:url\" content=\"https:\/\/cac-cl.pt\/pt\/first-week-ytili-young-transatlantic-innovation-leaders-initiative\/\" \/>\n<meta property=\"og:site_name\" content=\"Centro Acad\u00e9mico Cl\u00ednico Cat\u00f3lica Luz (CAC-CL)\" \/>\n<meta property=\"article:published_time\" content=\"2025-09-23T09:03:42+00:00\" \/>\n<meta property=\"article:modified_time\" content=\"2025-09-23T09:10:30+00:00\" \/>\n<meta property=\"og:image\" content=\"https:\/\/cac-cl.pt\/wp-content\/uploads\/2025\/09\/1000069658-1-scaled.jpg\" \/>\n\t<meta property=\"og:image:width\" content=\"2560\" \/>\n\t<meta property=\"og:image:height\" content=\"1799\" \/>\n\t<meta property=\"og:image:type\" content=\"image\/jpeg\" \/>\n<meta name=\"author\" content=\"cacclpt\" \/>\n<meta name=\"twitter:card\" content=\"summary_large_image\" \/>\n<meta name=\"twitter:label1\" content=\"Escrito por\" \/>\n\t<meta name=\"twitter:data1\" content=\"cacclpt\" \/>\n\t<meta name=\"twitter:label2\" content=\"Tempo estimado de leitura\" \/>\n\t<meta name=\"twitter:data2\" content=\"2 minutos\" \/>\n<script type=\"application\/ld+json\" class=\"yoast-schema-graph\">{\"@context\":\"https:\\\/\\\/schema.org\",\"@graph\":[{\"@type\":\"Article\",\"@id\":\"https:\\\/\\\/cac-cl.pt\\\/first-week-ytili-young-transatlantic-innovation-leaders-initiative\\\/#article\",\"isPartOf\":{\"@id\":\"https:\\\/\\\/cac-cl.pt\\\/first-week-ytili-young-transatlantic-innovation-leaders-initiative\\\/\"},\"author\":{\"name\":\"cacclpt\",\"@id\":\"https:\\\/\\\/cac-cl.pt\\\/#\\\/schema\\\/person\\\/c09c41364ed1103a75086a2c00052975\"},\"headline\":\"First Week &#8211; YTILI | Young Transatlantic Innovation Leaders Initiative\",\"datePublished\":\"2025-09-23T09:03:42+00:00\",\"dateModified\":\"2025-09-23T09:10:30+00:00\",\"mainEntityOfPage\":{\"@id\":\"https:\\\/\\\/cac-cl.pt\\\/first-week-ytili-young-transatlantic-innovation-leaders-initiative\\\/\"},\"wordCount\":137,\"commentCount\":0,\"publisher\":{\"@id\":\"https:\\\/\\\/cac-cl.pt\\\/#organization\"},\"image\":{\"@id\":\"https:\\\/\\\/cac-cl.pt\\\/first-week-ytili-young-transatlantic-innovation-leaders-initiative\\\/#primaryimage\"},\"thumbnailUrl\":\"https:\\\/\\\/cac-cl.pt\\\/wp-content\\\/uploads\\\/2025\\\/09\\\/1000069658-1-scaled.jpg\",\"articleSection\":[\"News\"],\"inLanguage\":\"pt-PT\",\"potentialAction\":[{\"@type\":\"CommentAction\",\"name\":\"Comment\",\"target\":[\"https:\\\/\\\/cac-cl.pt\\\/first-week-ytili-young-transatlantic-innovation-leaders-initiative\\\/#respond\"]}]},{\"@type\":\"WebPage\",\"@id\":\"https:\\\/\\\/cac-cl.pt\\\/first-week-ytili-young-transatlantic-innovation-leaders-initiative\\\/\",\"url\":\"https:\\\/\\\/cac-cl.pt\\\/first-week-ytili-young-transatlantic-innovation-leaders-initiative\\\/\",\"name\":\"First Week - YTILI | Young Transatlantic Innovation Leaders Initiative | Centro Acad\u00e9mico Cl\u00ednico Cat\u00f3lica Luz (CAC-CL)\",\"isPartOf\":{\"@id\":\"https:\\\/\\\/cac-cl.pt\\\/#website\"},\"primaryImageOfPage\":{\"@id\":\"https:\\\/\\\/cac-cl.pt\\\/first-week-ytili-young-transatlantic-innovation-leaders-initiative\\\/#primaryimage\"},\"image\":{\"@id\":\"https:\\\/\\\/cac-cl.pt\\\/first-week-ytili-young-transatlantic-innovation-leaders-initiative\\\/#primaryimage\"},\"thumbnailUrl\":\"https:\\\/\\\/cac-cl.pt\\\/wp-content\\\/uploads\\\/2025\\\/09\\\/1000069658-1-scaled.jpg\",\"datePublished\":\"2025-09-23T09:03:42+00:00\",\"dateModified\":\"2025-09-23T09:10:30+00:00\",\"breadcrumb\":{\"@id\":\"https:\\\/\\\/cac-cl.pt\\\/first-week-ytili-young-transatlantic-innovation-leaders-initiative\\\/#breadcrumb\"},\"inLanguage\":\"pt-PT\",\"potentialAction\":[{\"@type\":\"ReadAction\",\"target\":[\"https:\\\/\\\/cac-cl.pt\\\/first-week-ytili-young-transatlantic-innovation-leaders-initiative\\\/\"]}]},{\"@type\":\"ImageObject\",\"inLanguage\":\"pt-PT\",\"@id\":\"https:\\\/\\\/cac-cl.pt\\\/first-week-ytili-young-transatlantic-innovation-leaders-initiative\\\/#primaryimage\",\"url\":\"https:\\\/\\\/cac-cl.pt\\\/wp-content\\\/uploads\\\/2025\\\/09\\\/1000069658-1-scaled.jpg\",\"contentUrl\":\"https:\\\/\\\/cac-cl.pt\\\/wp-content\\\/uploads\\\/2025\\\/09\\\/1000069658-1-scaled.jpg\",\"width\":2560,\"height\":1799},{\"@type\":\"BreadcrumbList\",\"@id\":\"https:\\\/\\\/cac-cl.pt\\\/first-week-ytili-young-transatlantic-innovation-leaders-initiative\\\/#breadcrumb\",\"itemListElement\":[{\"@type\":\"ListItem\",\"position\":1,\"name\":\"In\u00edcio\",\"item\":\"https:\\\/\\\/cac-cl.pt\\\/\"},{\"@type\":\"ListItem\",\"position\":2,\"name\":\"First Week &#8211; YTILI | Young Transatlantic Innovation Leaders Initiative\"}]},{\"@type\":\"WebSite\",\"@id\":\"https:\\\/\\\/cac-cl.pt\\\/#website\",\"url\":\"https:\\\/\\\/cac-cl.pt\\\/\",\"name\":\"Centro Acad\u00e9mico Cl\u00ednico Cat\u00f3lica Luz (CAC-CL)\",\"description\":\"Centro Acad\u00e9mico Cl\u00ednico Cat\u00f3lica Luz\",\"publisher\":{\"@id\":\"https:\\\/\\\/cac-cl.pt\\\/#organization\"},\"alternateName\":\"CAC-CL\",\"potentialAction\":[{\"@type\":\"SearchAction\",\"target\":{\"@type\":\"EntryPoint\",\"urlTemplate\":\"https:\\\/\\\/cac-cl.pt\\\/?s={search_term_string}\"},\"query-input\":{\"@type\":\"PropertyValueSpecification\",\"valueRequired\":true,\"valueName\":\"search_term_string\"}}],\"inLanguage\":\"pt-PT\"},{\"@type\":\"Organization\",\"@id\":\"https:\\\/\\\/cac-cl.pt\\\/#organization\",\"name\":\"Centro Acad\u00e9mico Cl\u00ednico Cat\u00f3lica Luz (CAC-CL)\",\"alternateName\":\"CAC-CL\",\"url\":\"https:\\\/\\\/cac-cl.pt\\\/\",\"logo\":{\"@type\":\"ImageObject\",\"inLanguage\":\"pt-PT\",\"@id\":\"https:\\\/\\\/cac-cl.pt\\\/#\\\/schema\\\/logo\\\/image\\\/\",\"url\":\"https:\\\/\\\/cac-cl.pt\\\/wp-content\\\/uploads\\\/2024\\\/04\\\/cropped-CAC_Logotipo_Principal_Positivo-e1712844263631.png\",\"contentUrl\":\"https:\\\/\\\/cac-cl.pt\\\/wp-content\\\/uploads\\\/2024\\\/04\\\/cropped-CAC_Logotipo_Principal_Positivo-e1712844263631.png\",\"width\":2249,\"height\":1409,\"caption\":\"Centro Acad\u00e9mico Cl\u00ednico Cat\u00f3lica Luz (CAC-CL)\"},\"image\":{\"@id\":\"https:\\\/\\\/cac-cl.pt\\\/#\\\/schema\\\/logo\\\/image\\\/\"},\"sameAs\":[\"https:\\\/\\\/www.linkedin.com\\\/company\\\/caolica-luz-cac\\\/\",\"https:\\\/\\\/www.instagram.com\\\/caccl.pt\\\/\",\"https:\\\/\\\/pt.pinterest.com\\\/catolicaluz\\\/\"]},{\"@type\":\"Person\",\"@id\":\"https:\\\/\\\/cac-cl.pt\\\/#\\\/schema\\\/person\\\/c09c41364ed1103a75086a2c00052975\",\"name\":\"cacclpt\",\"image\":{\"@type\":\"ImageObject\",\"inLanguage\":\"pt-PT\",\"@id\":\"https:\\\/\\\/secure.gravatar.com\\\/avatar\\\/e62818874125131105711e60ec6e0aabbb8b357c5c5100eca07aa1e9a256d55d?s=96&d=mm&r=g\",\"url\":\"https:\\\/\\\/secure.gravatar.com\\\/avatar\\\/e62818874125131105711e60ec6e0aabbb8b357c5c5100eca07aa1e9a256d55d?s=96&d=mm&r=g\",\"contentUrl\":\"https:\\\/\\\/secure.gravatar.com\\\/avatar\\\/e62818874125131105711e60ec6e0aabbb8b357c5c5100eca07aa1e9a256d55d?s=96&d=mm&r=g\",\"caption\":\"cacclpt\"},\"sameAs\":[\"https:\\\/\\\/cac-cl.pt\"],\"url\":\"https:\\\/\\\/cac-cl.pt\\\/pt\\\/author\\\/cacclpt1\\\/\"}]}<\/script>\n<!-- \/ Yoast SEO plugin. -->","yoast_head_json":{"title":"First Week - YTILI | Young Transatlantic Innovation Leaders Initiative | Centro Acad\u00e9mico Cl\u00ednico Cat\u00f3lica Luz (CAC-CL)","robots":{"index":"index","follow":"follow","max-snippet":"max-snippet:-1","max-image-preview":"max-image-preview:large","max-video-preview":"max-video-preview:-1"},"canonical":"https:\/\/cac-cl.pt\/pt\/first-week-ytili-young-transatlantic-innovation-leaders-initiative\/","og_locale":"pt_PT","og_type":"article","og_title":"First Week - YTILI | Young Transatlantic Innovation Leaders Initiative | Centro Acad\u00e9mico Cl\u00ednico Cat\u00f3lica Luz (CAC-CL)","og_description":"Between September 8th\u00a0and 13th, our Executive Director Ana Rita Constante joined 49 European leaders for the start of the YTILI | Young Transatlantic Innovation Leaders Initiative 2025 Fellowship\u00a0in Boston. The program combined leadership development sessions with participation in Startup Boston Week 2025, featuring workshops on organizational culture, leadership values, adaptability, and team building, as well [&hellip;]","og_url":"https:\/\/cac-cl.pt\/pt\/first-week-ytili-young-transatlantic-innovation-leaders-initiative\/","og_site_name":"Centro Acad\u00e9mico Cl\u00ednico Cat\u00f3lica Luz (CAC-CL)","article_published_time":"2025-09-23T09:03:42+00:00","article_modified_time":"2025-09-23T09:10:30+00:00","og_image":[{"width":2560,"height":1799,"url":"https:\/\/cac-cl.pt\/wp-content\/uploads\/2025\/09\/1000069658-1-scaled.jpg","type":"image\/jpeg"}],"author":"cacclpt","twitter_card":"summary_large_image","twitter_misc":{"Escrito por":"cacclpt","Tempo estimado de leitura":"2 minutos"},"schema":{"@context":"https:\/\/schema.org","@graph":[{"@type":"Article","@id":"https:\/\/cac-cl.pt\/first-week-ytili-young-transatlantic-innovation-leaders-initiative\/#article","isPartOf":{"@id":"https:\/\/cac-cl.pt\/first-week-ytili-young-transatlantic-innovation-leaders-initiative\/"},"author":{"name":"cacclpt","@id":"https:\/\/cac-cl.pt\/#\/schema\/person\/c09c41364ed1103a75086a2c00052975"},"headline":"First Week &#8211; YTILI | Young Transatlantic Innovation Leaders Initiative","datePublished":"2025-09-23T09:03:42+00:00","dateModified":"2025-09-23T09:10:30+00:00","mainEntityOfPage":{"@id":"https:\/\/cac-cl.pt\/first-week-ytili-young-transatlantic-innovation-leaders-initiative\/"},"wordCount":137,"commentCount":0,"publisher":{"@id":"https:\/\/cac-cl.pt\/#organization"},"image":{"@id":"https:\/\/cac-cl.pt\/first-week-ytili-young-transatlantic-innovation-leaders-initiative\/#primaryimage"},"thumbnailUrl":"https:\/\/cac-cl.pt\/wp-content\/uploads\/2025\/09\/1000069658-1-scaled.jpg","articleSection":["News"],"inLanguage":"pt-PT","potentialAction":[{"@type":"CommentAction","name":"Comment","target":["https:\/\/cac-cl.pt\/first-week-ytili-young-transatlantic-innovation-leaders-initiative\/#respond"]}]},{"@type":"WebPage","@id":"https:\/\/cac-cl.pt\/first-week-ytili-young-transatlantic-innovation-leaders-initiative\/","url":"https:\/\/cac-cl.pt\/first-week-ytili-young-transatlantic-innovation-leaders-initiative\/","name":"First Week - YTILI | Young Transatlantic Innovation Leaders Initiative | Centro Acad\u00e9mico Cl\u00ednico Cat\u00f3lica Luz (CAC-CL)","isPartOf":{"@id":"https:\/\/cac-cl.pt\/#website"},"primaryImageOfPage":{"@id":"https:\/\/cac-cl.pt\/first-week-ytili-young-transatlantic-innovation-leaders-initiative\/#primaryimage"},"image":{"@id":"https:\/\/cac-cl.pt\/first-week-ytili-young-transatlantic-innovation-leaders-initiative\/#primaryimage"},"thumbnailUrl":"https:\/\/cac-cl.pt\/wp-content\/uploads\/2025\/09\/1000069658-1-scaled.jpg","datePublished":"2025-09-23T09:03:42+00:00","dateModified":"2025-09-23T09:10:30+00:00","breadcrumb":{"@id":"https:\/\/cac-cl.pt\/first-week-ytili-young-transatlantic-innovation-leaders-initiative\/#breadcrumb"},"inLanguage":"pt-PT","potentialAction":[{"@type":"ReadAction","target":["https:\/\/cac-cl.pt\/first-week-ytili-young-transatlantic-innovation-leaders-initiative\/"]}]},{"@type":"ImageObject","inLanguage":"pt-PT","@id":"https:\/\/cac-cl.pt\/first-week-ytili-young-transatlantic-innovation-leaders-initiative\/#primaryimage","url":"https:\/\/cac-cl.pt\/wp-content\/uploads\/2025\/09\/1000069658-1-scaled.jpg","contentUrl":"https:\/\/cac-cl.pt\/wp-content\/uploads\/2025\/09\/1000069658-1-scaled.jpg","width":2560,"height":1799},{"@type":"BreadcrumbList","@id":"https:\/\/cac-cl.pt\/first-week-ytili-young-transatlantic-innovation-leaders-initiative\/#breadcrumb","itemListElement":[{"@type":"ListItem","position":1,"name":"In\u00edcio","item":"https:\/\/cac-cl.pt\/"},{"@type":"ListItem","position":2,"name":"First Week &#8211; YTILI | Young Transatlantic Innovation Leaders Initiative"}]},{"@type":"WebSite","@id":"https:\/\/cac-cl.pt\/#website","url":"https:\/\/cac-cl.pt\/","name":"Centro Acad\u00e9mico Cl\u00ednico Cat\u00f3lica Luz (CAC-CL)","description":"Centro Acad\u00e9mico Cl\u00ednico Cat\u00f3lica Luz","publisher":{"@id":"https:\/\/cac-cl.pt\/#organization"},"alternateName":"CAC-CL","potentialAction":[{"@type":"SearchAction","target":{"@type":"EntryPoint","urlTemplate":"https:\/\/cac-cl.pt\/?s={search_term_string}"},"query-input":{"@type":"PropertyValueSpecification","valueRequired":true,"valueName":"search_term_string"}}],"inLanguage":"pt-PT"},{"@type":"Organization","@id":"https:\/\/cac-cl.pt\/#organization","name":"Centro Acad\u00e9mico Cl\u00ednico Cat\u00f3lica Luz (CAC-CL)","alternateName":"CAC-CL","url":"https:\/\/cac-cl.pt\/","logo":{"@type":"ImageObject","inLanguage":"pt-PT","@id":"https:\/\/cac-cl.pt\/#\/schema\/logo\/image\/","url":"https:\/\/cac-cl.pt\/wp-content\/uploads\/2024\/04\/cropped-CAC_Logotipo_Principal_Positivo-e1712844263631.png","contentUrl":"https:\/\/cac-cl.pt\/wp-content\/uploads\/2024\/04\/cropped-CAC_Logotipo_Principal_Positivo-e1712844263631.png","width":2249,"height":1409,"caption":"Centro Acad\u00e9mico Cl\u00ednico Cat\u00f3lica Luz (CAC-CL)"},"image":{"@id":"https:\/\/cac-cl.pt\/#\/schema\/logo\/image\/"},"sameAs":["https:\/\/www.linkedin.com\/company\/caolica-luz-cac\/","https:\/\/www.instagram.com\/caccl.pt\/","https:\/\/pt.pinterest.com\/catolicaluz\/"]},{"@type":"Person","@id":"https:\/\/cac-cl.pt\/#\/schema\/person\/c09c41364ed1103a75086a2c00052975","name":"cacclpt","image":{"@type":"ImageObject","inLanguage":"pt-PT","@id":"https:\/\/secure.gravatar.com\/avatar\/e62818874125131105711e60ec6e0aabbb8b357c5c5100eca07aa1e9a256d55d?s=96&d=mm&r=g","url":"https:\/\/secure.gravatar.com\/avatar\/e62818874125131105711e60ec6e0aabbb8b357c5c5100eca07aa1e9a256d55d?s=96&d=mm&r=g","contentUrl":"https:\/\/secure.gravatar.com\/avatar\/e62818874125131105711e60ec6e0aabbb8b357c5c5100eca07aa1e9a256d55d?s=96&d=mm&r=g","caption":"cacclpt"},"sameAs":["https:\/\/cac-cl.pt"],"url":"https:\/\/cac-cl.pt\/pt\/author\/cacclpt1\/"}]}},"_links":{"self":[{"href":"https:\/\/cac-cl.pt\/pt\/wp-json\/wp\/v2\/posts\/13756","targetHints":{"allow":["GET"]}}],"collection":[{"href":"https:\/\/cac-cl.pt\/pt\/wp-json\/wp\/v2\/posts"}],"about":[{"href":"https:\/\/cac-cl.pt\/pt\/wp-json\/wp\/v2\/types\/post"}],"author":[{"embeddable":true,"href":"https:\/\/cac-cl.pt\/pt\/wp-json\/wp\/v2\/users\/1"}],"replies":[{"embeddable":true,"href":"https:\/\/cac-cl.pt\/pt\/wp-json\/wp\/v2\/comments?post=13756"}],"version-history":[{"count":8,"href":"https:\/\/cac-cl.pt\/pt\/wp-json\/wp\/v2\/posts\/13756\/revisions"}],"predecessor-version":[{"id":13769,"href":"https:\/\/cac-cl.pt\/pt\/wp-json\/wp\/v2\/posts\/13756\/revisions\/13769"}],"wp:featuredmedia":[{"embeddable":true,"href":"https:\/\/cac-cl.pt\/pt\/wp-json\/wp\/v2\/media\/13765"}],"wp:attachment":[{"href":"https:\/\/cac-cl.pt\/pt\/wp-json\/wp\/v2\/media?parent=13756"}],"wp:term":[{"taxonomy":"category","embeddable":true,"href":"https:\/\/cac-cl.pt\/pt\/wp-json\/wp\/v2\/categories?post=13756"},{"taxonomy":"post_tag","embeddable":true,"href":"https:\/\/cac-cl.pt\/pt\/wp-json\/wp\/v2\/tags?post=13756"}],"curies":[{"name":"wp","href":"https:\/\/api.w.org\/{rel}","templated":true}]}}