{"id":13922,"date":"2025-10-17T11:01:19","date_gmt":"2025-10-17T11:01:19","guid":{"rendered":"https:\/\/cac-cl.pt\/?p=13922"},"modified":"2025-10-21T09:37:06","modified_gmt":"2025-10-21T09:37:06","slug":"world-lung-day-preventing-respiratory-diseases-means-saving-lives","status":"publish","type":"post","link":"https:\/\/cac-cl.pt\/pt\/world-lung-day-preventing-respiratory-diseases-means-saving-lives\/","title":{"rendered":"Opinion Article &#8211; World Lung Day: \u201cPreventing respiratory diseases means saving lives.\u201d"},"content":{"rendered":"<p>This is an opinion article by&nbsp;<a href=\"https:\/\/fm.ucp.pt\/person\/amelia-feliciano\"><strong>Am\u00e9lia Feliciano<\/strong><\/a> \u2013&nbsp;Invited Assistant Professor of Cat\u00f3lica Medical School, Coordination of the curricular unit Circulation and Respiration I and Co-Coordination of the curricular unit.<\/p>\n\n\n\n<p><em>Breathing is the first and last act of our lives, but we only value it when faced with illness. World Lung Day, observed on September 25th, reminds us of the importance of prevention. In Portugal, respiratory diseases are already the third leading cause of death. <\/em><\/p>\n\n\n\n<p><em>To breathe. It is the first and last act of our lives \u2014 such an automatic gesture that we only notice it when it becomes a challenge. On September 25th, World Lung Day is an opportunity to draw attention to the importance of lung health, emphasizing the impact of respiratory diseases on global health and the importance of preventive actions.<\/em><\/p>\n\n\n\n<p><strong>Read the full article here:<\/strong> <a href=\"https:\/\/sapo.pt\/artigo\/dia-mundial-do-pulmao-prevenir-doencas-respiratorias-e-salvar-vidas-68d5010e3de287f369d2cfed\">https:\/\/sapo.pt\/artigo\/dia-mundial-do-pulmao-prevenir-doencas-respiratorias-e-salvar-vidas-68d5010e3de287f369d2cfed<\/a><\/p>","protected":false},"excerpt":{"rendered":"<p>This is an opinion article by&nbsp;Am\u00e9lia Feliciano \u2013&nbsp;Invited Assistant Professor of Cat\u00f3lica Medical School, Coordination of the curricular unit Circulation and Respiration I and Co-Coordination of the curricular unit. Breathing is the first and last act of our lives, but we only value it when faced with illness. World Lung Day, observed on September 25th, [&hellip;]<\/p>\n","protected":false},"author":1,"featured_media":13923,"comment_status":"open","ping_status":"open","sticky":false,"template":"","format":"standard","meta":{"_acf_changed":false,"inline_featured_image":false,"footnotes":""},"categories":[63],"tags":[],"class_list":["post-13922","post","type-post","status-publish","format-standard","has-post-thumbnail","hentry","category-article"],"acf":[],"yoast_head":"<!-- This site is optimized with the Yoast SEO plugin v27.5 - https:\/\/yoast.com\/product\/yoast-seo-wordpress\/ -->\n<title>Opinion Article - World Lung Day: \u201cPreventing respiratory diseases means saving lives.\u201d | Centro Acad\u00e9mico Cl\u00ednico Cat\u00f3lica Luz (CAC-CL)<\/title>\n<meta name=\"robots\" content=\"index, follow, max-snippet:-1, max-image-preview:large, max-video-preview:-1\" \/>\n<link rel=\"canonical\" href=\"https:\/\/cac-cl.pt\/pt\/world-lung-day-preventing-respiratory-diseases-means-saving-lives\/\" \/>\n<meta property=\"og:locale\" content=\"pt_PT\" \/>\n<meta property=\"og:type\" content=\"article\" \/>\n<meta property=\"og:title\" content=\"Opinion Article - World Lung Day: \u201cPreventing respiratory diseases means saving lives.\u201d | Centro Acad\u00e9mico Cl\u00ednico Cat\u00f3lica Luz (CAC-CL)\" \/>\n<meta property=\"og:description\" content=\"This is an opinion article by&nbsp;Am\u00e9lia Feliciano \u2013&nbsp;Invited Assistant Professor of Cat\u00f3lica Medical School, Coordination of the curricular unit Circulation and Respiration I and Co-Coordination of the curricular unit. Breathing is the first and last act of our lives, but we only value it when faced with illness. World Lung Day, observed on September 25th, [&hellip;]\" \/>\n<meta property=\"og:url\" content=\"https:\/\/cac-cl.pt\/pt\/world-lung-day-preventing-respiratory-diseases-means-saving-lives\/\" \/>\n<meta property=\"og:site_name\" content=\"Centro Acad\u00e9mico Cl\u00ednico Cat\u00f3lica Luz (CAC-CL)\" \/>\n<meta property=\"article:published_time\" content=\"2025-10-17T11:01:19+00:00\" \/>\n<meta property=\"article:modified_time\" content=\"2025-10-21T09:37:06+00:00\" \/>\n<meta property=\"og:image\" content=\"https:\/\/cac-cl.pt\/wp-content\/uploads\/2025\/10\/amelia3.png\" \/>\n\t<meta property=\"og:image:width\" content=\"763\" \/>\n\t<meta property=\"og:image:height\" content=\"430\" \/>\n\t<meta property=\"og:image:type\" content=\"image\/png\" \/>\n<meta name=\"author\" content=\"cacclpt\" \/>\n<meta name=\"twitter:card\" content=\"summary_large_image\" \/>\n<meta name=\"twitter:label1\" content=\"Escrito por\" \/>\n\t<meta name=\"twitter:data1\" content=\"cacclpt\" \/>\n\t<meta name=\"twitter:label2\" content=\"Tempo estimado de leitura\" \/>\n\t<meta name=\"twitter:data2\" content=\"1 minuto\" \/>\n<script type=\"application\/ld+json\" class=\"yoast-schema-graph\">{\"@context\":\"https:\\\/\\\/schema.org\",\"@graph\":[{\"@type\":\"Article\",\"@id\":\"https:\\\/\\\/cac-cl.pt\\\/world-lung-day-preventing-respiratory-diseases-means-saving-lives\\\/#article\",\"isPartOf\":{\"@id\":\"https:\\\/\\\/cac-cl.pt\\\/world-lung-day-preventing-respiratory-diseases-means-saving-lives\\\/\"},\"author\":{\"name\":\"cacclpt\",\"@id\":\"https:\\\/\\\/cac-cl.pt\\\/#\\\/schema\\\/person\\\/c09c41364ed1103a75086a2c00052975\"},\"headline\":\"Opinion Article &#8211; World Lung Day: \u201cPreventing respiratory diseases means saving lives.\u201d\",\"datePublished\":\"2025-10-17T11:01:19+00:00\",\"dateModified\":\"2025-10-21T09:37:06+00:00\",\"mainEntityOfPage\":{\"@id\":\"https:\\\/\\\/cac-cl.pt\\\/world-lung-day-preventing-respiratory-diseases-means-saving-lives\\\/\"},\"wordCount\":166,\"commentCount\":0,\"publisher\":{\"@id\":\"https:\\\/\\\/cac-cl.pt\\\/#organization\"},\"image\":{\"@id\":\"https:\\\/\\\/cac-cl.pt\\\/world-lung-day-preventing-respiratory-diseases-means-saving-lives\\\/#primaryimage\"},\"thumbnailUrl\":\"https:\\\/\\\/cac-cl.pt\\\/wp-content\\\/uploads\\\/2025\\\/10\\\/amelia3.png\",\"articleSection\":[\"Article\"],\"inLanguage\":\"pt-PT\",\"potentialAction\":[{\"@type\":\"CommentAction\",\"name\":\"Comment\",\"target\":[\"https:\\\/\\\/cac-cl.pt\\\/world-lung-day-preventing-respiratory-diseases-means-saving-lives\\\/#respond\"]}]},{\"@type\":\"WebPage\",\"@id\":\"https:\\\/\\\/cac-cl.pt\\\/world-lung-day-preventing-respiratory-diseases-means-saving-lives\\\/\",\"url\":\"https:\\\/\\\/cac-cl.pt\\\/world-lung-day-preventing-respiratory-diseases-means-saving-lives\\\/\",\"name\":\"Opinion Article - World Lung Day: \u201cPreventing respiratory diseases means saving lives.\u201d | Centro Acad\u00e9mico Cl\u00ednico Cat\u00f3lica Luz (CAC-CL)\",\"isPartOf\":{\"@id\":\"https:\\\/\\\/cac-cl.pt\\\/#website\"},\"primaryImageOfPage\":{\"@id\":\"https:\\\/\\\/cac-cl.pt\\\/world-lung-day-preventing-respiratory-diseases-means-saving-lives\\\/#primaryimage\"},\"image\":{\"@id\":\"https:\\\/\\\/cac-cl.pt\\\/world-lung-day-preventing-respiratory-diseases-means-saving-lives\\\/#primaryimage\"},\"thumbnailUrl\":\"https:\\\/\\\/cac-cl.pt\\\/wp-content\\\/uploads\\\/2025\\\/10\\\/amelia3.png\",\"datePublished\":\"2025-10-17T11:01:19+00:00\",\"dateModified\":\"2025-10-21T09:37:06+00:00\",\"breadcrumb\":{\"@id\":\"https:\\\/\\\/cac-cl.pt\\\/world-lung-day-preventing-respiratory-diseases-means-saving-lives\\\/#breadcrumb\"},\"inLanguage\":\"pt-PT\",\"potentialAction\":[{\"@type\":\"ReadAction\",\"target\":[\"https:\\\/\\\/cac-cl.pt\\\/world-lung-day-preventing-respiratory-diseases-means-saving-lives\\\/\"]}]},{\"@type\":\"ImageObject\",\"inLanguage\":\"pt-PT\",\"@id\":\"https:\\\/\\\/cac-cl.pt\\\/world-lung-day-preventing-respiratory-diseases-means-saving-lives\\\/#primaryimage\",\"url\":\"https:\\\/\\\/cac-cl.pt\\\/wp-content\\\/uploads\\\/2025\\\/10\\\/amelia3.png\",\"contentUrl\":\"https:\\\/\\\/cac-cl.pt\\\/wp-content\\\/uploads\\\/2025\\\/10\\\/amelia3.png\",\"width\":763,\"height\":430},{\"@type\":\"BreadcrumbList\",\"@id\":\"https:\\\/\\\/cac-cl.pt\\\/world-lung-day-preventing-respiratory-diseases-means-saving-lives\\\/#breadcrumb\",\"itemListElement\":[{\"@type\":\"ListItem\",\"position\":1,\"name\":\"In\u00edcio\",\"item\":\"https:\\\/\\\/cac-cl.pt\\\/\"},{\"@type\":\"ListItem\",\"position\":2,\"name\":\"Opinion Article &#8211; World Lung Day: \u201cPreventing respiratory diseases means saving lives.\u201d\"}]},{\"@type\":\"WebSite\",\"@id\":\"https:\\\/\\\/cac-cl.pt\\\/#website\",\"url\":\"https:\\\/\\\/cac-cl.pt\\\/\",\"name\":\"Centro Acad\u00e9mico Cl\u00ednico Cat\u00f3lica Luz (CAC-CL)\",\"description\":\"Centro Acad\u00e9mico Cl\u00ednico Cat\u00f3lica Luz\",\"publisher\":{\"@id\":\"https:\\\/\\\/cac-cl.pt\\\/#organization\"},\"alternateName\":\"CAC-CL\",\"potentialAction\":[{\"@type\":\"SearchAction\",\"target\":{\"@type\":\"EntryPoint\",\"urlTemplate\":\"https:\\\/\\\/cac-cl.pt\\\/?s={search_term_string}\"},\"query-input\":{\"@type\":\"PropertyValueSpecification\",\"valueRequired\":true,\"valueName\":\"search_term_string\"}}],\"inLanguage\":\"pt-PT\"},{\"@type\":\"Organization\",\"@id\":\"https:\\\/\\\/cac-cl.pt\\\/#organization\",\"name\":\"Centro Acad\u00e9mico Cl\u00ednico Cat\u00f3lica Luz (CAC-CL)\",\"alternateName\":\"CAC-CL\",\"url\":\"https:\\\/\\\/cac-cl.pt\\\/\",\"logo\":{\"@type\":\"ImageObject\",\"inLanguage\":\"pt-PT\",\"@id\":\"https:\\\/\\\/cac-cl.pt\\\/#\\\/schema\\\/logo\\\/image\\\/\",\"url\":\"https:\\\/\\\/cac-cl.pt\\\/wp-content\\\/uploads\\\/2024\\\/04\\\/cropped-CAC_Logotipo_Principal_Positivo-e1712844263631.png\",\"contentUrl\":\"https:\\\/\\\/cac-cl.pt\\\/wp-content\\\/uploads\\\/2024\\\/04\\\/cropped-CAC_Logotipo_Principal_Positivo-e1712844263631.png\",\"width\":2249,\"height\":1409,\"caption\":\"Centro Acad\u00e9mico Cl\u00ednico Cat\u00f3lica Luz (CAC-CL)\"},\"image\":{\"@id\":\"https:\\\/\\\/cac-cl.pt\\\/#\\\/schema\\\/logo\\\/image\\\/\"},\"sameAs\":[\"https:\\\/\\\/www.linkedin.com\\\/company\\\/caolica-luz-cac\\\/\",\"https:\\\/\\\/www.instagram.com\\\/caccl.pt\\\/\",\"https:\\\/\\\/pt.pinterest.com\\\/catolicaluz\\\/\"]},{\"@type\":\"Person\",\"@id\":\"https:\\\/\\\/cac-cl.pt\\\/#\\\/schema\\\/person\\\/c09c41364ed1103a75086a2c00052975\",\"name\":\"cacclpt\",\"image\":{\"@type\":\"ImageObject\",\"inLanguage\":\"pt-PT\",\"@id\":\"https:\\\/\\\/secure.gravatar.com\\\/avatar\\\/e62818874125131105711e60ec6e0aabbb8b357c5c5100eca07aa1e9a256d55d?s=96&d=mm&r=g\",\"url\":\"https:\\\/\\\/secure.gravatar.com\\\/avatar\\\/e62818874125131105711e60ec6e0aabbb8b357c5c5100eca07aa1e9a256d55d?s=96&d=mm&r=g\",\"contentUrl\":\"https:\\\/\\\/secure.gravatar.com\\\/avatar\\\/e62818874125131105711e60ec6e0aabbb8b357c5c5100eca07aa1e9a256d55d?s=96&d=mm&r=g\",\"caption\":\"cacclpt\"},\"sameAs\":[\"https:\\\/\\\/cac-cl.pt\"],\"url\":\"https:\\\/\\\/cac-cl.pt\\\/pt\\\/author\\\/cacclpt1\\\/\"}]}<\/script>\n<!-- \/ Yoast SEO plugin. -->","yoast_head_json":{"title":"Opinion Article - World Lung Day: \u201cPreventing respiratory diseases means saving lives.\u201d | Centro Acad\u00e9mico Cl\u00ednico Cat\u00f3lica Luz (CAC-CL)","robots":{"index":"index","follow":"follow","max-snippet":"max-snippet:-1","max-image-preview":"max-image-preview:large","max-video-preview":"max-video-preview:-1"},"canonical":"https:\/\/cac-cl.pt\/pt\/world-lung-day-preventing-respiratory-diseases-means-saving-lives\/","og_locale":"pt_PT","og_type":"article","og_title":"Opinion Article - World Lung Day: \u201cPreventing respiratory diseases means saving lives.\u201d | Centro Acad\u00e9mico Cl\u00ednico Cat\u00f3lica Luz (CAC-CL)","og_description":"This is an opinion article by&nbsp;Am\u00e9lia Feliciano \u2013&nbsp;Invited Assistant Professor of Cat\u00f3lica Medical School, Coordination of the curricular unit Circulation and Respiration I and Co-Coordination of the curricular unit. Breathing is the first and last act of our lives, but we only value it when faced with illness. World Lung Day, observed on September 25th, [&hellip;]","og_url":"https:\/\/cac-cl.pt\/pt\/world-lung-day-preventing-respiratory-diseases-means-saving-lives\/","og_site_name":"Centro Acad\u00e9mico Cl\u00ednico Cat\u00f3lica Luz (CAC-CL)","article_published_time":"2025-10-17T11:01:19+00:00","article_modified_time":"2025-10-21T09:37:06+00:00","og_image":[{"width":763,"height":430,"url":"https:\/\/cac-cl.pt\/wp-content\/uploads\/2025\/10\/amelia3.png","type":"image\/png"}],"author":"cacclpt","twitter_card":"summary_large_image","twitter_misc":{"Escrito por":"cacclpt","Tempo estimado de leitura":"1 minuto"},"schema":{"@context":"https:\/\/schema.org","@graph":[{"@type":"Article","@id":"https:\/\/cac-cl.pt\/world-lung-day-preventing-respiratory-diseases-means-saving-lives\/#article","isPartOf":{"@id":"https:\/\/cac-cl.pt\/world-lung-day-preventing-respiratory-diseases-means-saving-lives\/"},"author":{"name":"cacclpt","@id":"https:\/\/cac-cl.pt\/#\/schema\/person\/c09c41364ed1103a75086a2c00052975"},"headline":"Opinion Article &#8211; World Lung Day: \u201cPreventing respiratory diseases means saving lives.\u201d","datePublished":"2025-10-17T11:01:19+00:00","dateModified":"2025-10-21T09:37:06+00:00","mainEntityOfPage":{"@id":"https:\/\/cac-cl.pt\/world-lung-day-preventing-respiratory-diseases-means-saving-lives\/"},"wordCount":166,"commentCount":0,"publisher":{"@id":"https:\/\/cac-cl.pt\/#organization"},"image":{"@id":"https:\/\/cac-cl.pt\/world-lung-day-preventing-respiratory-diseases-means-saving-lives\/#primaryimage"},"thumbnailUrl":"https:\/\/cac-cl.pt\/wp-content\/uploads\/2025\/10\/amelia3.png","articleSection":["Article"],"inLanguage":"pt-PT","potentialAction":[{"@type":"CommentAction","name":"Comment","target":["https:\/\/cac-cl.pt\/world-lung-day-preventing-respiratory-diseases-means-saving-lives\/#respond"]}]},{"@type":"WebPage","@id":"https:\/\/cac-cl.pt\/world-lung-day-preventing-respiratory-diseases-means-saving-lives\/","url":"https:\/\/cac-cl.pt\/world-lung-day-preventing-respiratory-diseases-means-saving-lives\/","name":"Opinion Article - World Lung Day: \u201cPreventing respiratory diseases means saving lives.\u201d | Centro Acad\u00e9mico Cl\u00ednico Cat\u00f3lica Luz (CAC-CL)","isPartOf":{"@id":"https:\/\/cac-cl.pt\/#website"},"primaryImageOfPage":{"@id":"https:\/\/cac-cl.pt\/world-lung-day-preventing-respiratory-diseases-means-saving-lives\/#primaryimage"},"image":{"@id":"https:\/\/cac-cl.pt\/world-lung-day-preventing-respiratory-diseases-means-saving-lives\/#primaryimage"},"thumbnailUrl":"https:\/\/cac-cl.pt\/wp-content\/uploads\/2025\/10\/amelia3.png","datePublished":"2025-10-17T11:01:19+00:00","dateModified":"2025-10-21T09:37:06+00:00","breadcrumb":{"@id":"https:\/\/cac-cl.pt\/world-lung-day-preventing-respiratory-diseases-means-saving-lives\/#breadcrumb"},"inLanguage":"pt-PT","potentialAction":[{"@type":"ReadAction","target":["https:\/\/cac-cl.pt\/world-lung-day-preventing-respiratory-diseases-means-saving-lives\/"]}]},{"@type":"ImageObject","inLanguage":"pt-PT","@id":"https:\/\/cac-cl.pt\/world-lung-day-preventing-respiratory-diseases-means-saving-lives\/#primaryimage","url":"https:\/\/cac-cl.pt\/wp-content\/uploads\/2025\/10\/amelia3.png","contentUrl":"https:\/\/cac-cl.pt\/wp-content\/uploads\/2025\/10\/amelia3.png","width":763,"height":430},{"@type":"BreadcrumbList","@id":"https:\/\/cac-cl.pt\/world-lung-day-preventing-respiratory-diseases-means-saving-lives\/#breadcrumb","itemListElement":[{"@type":"ListItem","position":1,"name":"In\u00edcio","item":"https:\/\/cac-cl.pt\/"},{"@type":"ListItem","position":2,"name":"Opinion Article &#8211; World Lung Day: \u201cPreventing respiratory diseases means saving lives.\u201d"}]},{"@type":"WebSite","@id":"https:\/\/cac-cl.pt\/#website","url":"https:\/\/cac-cl.pt\/","name":"Centro Acad\u00e9mico Cl\u00ednico Cat\u00f3lica Luz (CAC-CL)","description":"Centro Acad\u00e9mico Cl\u00ednico Cat\u00f3lica Luz","publisher":{"@id":"https:\/\/cac-cl.pt\/#organization"},"alternateName":"CAC-CL","potentialAction":[{"@type":"SearchAction","target":{"@type":"EntryPoint","urlTemplate":"https:\/\/cac-cl.pt\/?s={search_term_string}"},"query-input":{"@type":"PropertyValueSpecification","valueRequired":true,"valueName":"search_term_string"}}],"inLanguage":"pt-PT"},{"@type":"Organization","@id":"https:\/\/cac-cl.pt\/#organization","name":"Centro Acad\u00e9mico Cl\u00ednico Cat\u00f3lica Luz (CAC-CL)","alternateName":"CAC-CL","url":"https:\/\/cac-cl.pt\/","logo":{"@type":"ImageObject","inLanguage":"pt-PT","@id":"https:\/\/cac-cl.pt\/#\/schema\/logo\/image\/","url":"https:\/\/cac-cl.pt\/wp-content\/uploads\/2024\/04\/cropped-CAC_Logotipo_Principal_Positivo-e1712844263631.png","contentUrl":"https:\/\/cac-cl.pt\/wp-content\/uploads\/2024\/04\/cropped-CAC_Logotipo_Principal_Positivo-e1712844263631.png","width":2249,"height":1409,"caption":"Centro Acad\u00e9mico Cl\u00ednico Cat\u00f3lica Luz (CAC-CL)"},"image":{"@id":"https:\/\/cac-cl.pt\/#\/schema\/logo\/image\/"},"sameAs":["https:\/\/www.linkedin.com\/company\/caolica-luz-cac\/","https:\/\/www.instagram.com\/caccl.pt\/","https:\/\/pt.pinterest.com\/catolicaluz\/"]},{"@type":"Person","@id":"https:\/\/cac-cl.pt\/#\/schema\/person\/c09c41364ed1103a75086a2c00052975","name":"cacclpt","image":{"@type":"ImageObject","inLanguage":"pt-PT","@id":"https:\/\/secure.gravatar.com\/avatar\/e62818874125131105711e60ec6e0aabbb8b357c5c5100eca07aa1e9a256d55d?s=96&d=mm&r=g","url":"https:\/\/secure.gravatar.com\/avatar\/e62818874125131105711e60ec6e0aabbb8b357c5c5100eca07aa1e9a256d55d?s=96&d=mm&r=g","contentUrl":"https:\/\/secure.gravatar.com\/avatar\/e62818874125131105711e60ec6e0aabbb8b357c5c5100eca07aa1e9a256d55d?s=96&d=mm&r=g","caption":"cacclpt"},"sameAs":["https:\/\/cac-cl.pt"],"url":"https:\/\/cac-cl.pt\/pt\/author\/cacclpt1\/"}]}},"_links":{"self":[{"href":"https:\/\/cac-cl.pt\/pt\/wp-json\/wp\/v2\/posts\/13922","targetHints":{"allow":["GET"]}}],"collection":[{"href":"https:\/\/cac-cl.pt\/pt\/wp-json\/wp\/v2\/posts"}],"about":[{"href":"https:\/\/cac-cl.pt\/pt\/wp-json\/wp\/v2\/types\/post"}],"author":[{"embeddable":true,"href":"https:\/\/cac-cl.pt\/pt\/wp-json\/wp\/v2\/users\/1"}],"replies":[{"embeddable":true,"href":"https:\/\/cac-cl.pt\/pt\/wp-json\/wp\/v2\/comments?post=13922"}],"version-history":[{"count":2,"href":"https:\/\/cac-cl.pt\/pt\/wp-json\/wp\/v2\/posts\/13922\/revisions"}],"predecessor-version":[{"id":13942,"href":"https:\/\/cac-cl.pt\/pt\/wp-json\/wp\/v2\/posts\/13922\/revisions\/13942"}],"wp:featuredmedia":[{"embeddable":true,"href":"https:\/\/cac-cl.pt\/pt\/wp-json\/wp\/v2\/media\/13923"}],"wp:attachment":[{"href":"https:\/\/cac-cl.pt\/pt\/wp-json\/wp\/v2\/media?parent=13922"}],"wp:term":[{"taxonomy":"category","embeddable":true,"href":"https:\/\/cac-cl.pt\/pt\/wp-json\/wp\/v2\/categories?post=13922"},{"taxonomy":"post_tag","embeddable":true,"href":"https:\/\/cac-cl.pt\/pt\/wp-json\/wp\/v2\/tags?post=13922"}],"curies":[{"name":"wp","href":"https:\/\/api.w.org\/{rel}","templated":true}]}}