{"id":14025,"date":"2025-11-04T09:19:01","date_gmt":"2025-11-04T09:19:01","guid":{"rendered":"https:\/\/cac-cl.pt\/?p=14025"},"modified":"2025-11-04T09:19:02","modified_gmt":"2025-11-04T09:19:02","slug":"catolica-medical-school-recognized-at-the-5th-national-congress-of-clinical-communication-in-healthcare","status":"publish","type":"post","link":"https:\/\/cac-cl.pt\/pt\/catolica-medical-school-recognized-at-the-5th-national-congress-of-clinical-communication-in-healthcare\/","title":{"rendered":"Cat\u00f3lica Medical School recognized at the 5th National Congress of Clinical Communication in Healthcare"},"content":{"rendered":"<p>The study entitled \u201cSimulated Patients as Evaluators in Admission Interviews: Reliability Analysis\u201d, presented by&nbsp;<a href=\"https:\/\/fm.ucp.pt\/person\/rodrigo-sousa\"><strong>Rodrigo Sousa<\/strong><\/a>&nbsp;in co-authorship with<a href=\"https:\/\/fm.ucp.pt\/person\/paulo-oom\"><strong>&nbsp;Paulo Oom<\/strong><\/a>&nbsp;e a&nbsp;<strong>Sanne Schreurs<\/strong>, was recognized at the 5th National Congress of Clinical Communication in Healthcare, held under the theme \u201cClinical Communication in the Age of Artificial Intelligence\u201d. The event was organized by the Portuguese Society for Clinical Communication in Healthcare (SP3CS) in collaboration with the Faculty of Medicine of Universidade do Porto.<\/p>\n\n\n\n<p>The study analyzed the reliability of simulated patients (trained actors) as evaluators in the Multiple Mini Interviews (MMI) used in the Cat\u00f3lica Medical School admission process. The results showed a strong correlation between the evaluations of simulated patients and interviewers, reinforcing the potential of this model to make selection processes more rigorous, scalable, and focused on communication and empathy &#8211; essential competencies in contemporary medical education.<\/p>","protected":false},"excerpt":{"rendered":"<p>The study entitled \u201cSimulated Patients as Evaluators in Admission Interviews: Reliability Analysis\u201d, presented by&nbsp;Rodrigo Sousa&nbsp;in co-authorship with&nbsp;Paulo Oom&nbsp;and&nbsp;Sanne Schreurs, was recognized at the 5th National Congress of Clinical Communication in Healthcare, held under the theme \u201cClinical Communication in the Age of Artificial Intelligence\u201d. The event was organized by the Portuguese Society for Clinical Communication in [&hellip;]<\/p>\n","protected":false},"author":1,"featured_media":14028,"comment_status":"open","ping_status":"open","sticky":false,"template":"","format":"standard","meta":{"_acf_changed":false,"inline_featured_image":false,"footnotes":""},"categories":[134],"tags":[],"class_list":["post-14025","post","type-post","status-publish","format-standard","has-post-thumbnail","hentry","category-news"],"acf":[],"yoast_head":"<!-- This site is optimized with the Yoast SEO plugin v27.4 - https:\/\/yoast.com\/product\/yoast-seo-wordpress\/ -->\n<title>Cat\u00f3lica Medical School recognized at the 5th National Congress of Clinical Communication in Healthcare | Centro Acad\u00e9mico Cl\u00ednico Cat\u00f3lica Luz (CAC-CL)<\/title>\n<meta name=\"robots\" content=\"index, follow, max-snippet:-1, max-image-preview:large, max-video-preview:-1\" \/>\n<link rel=\"canonical\" href=\"https:\/\/cac-cl.pt\/pt\/catolica-medical-school-recognized-at-the-5th-national-congress-of-clinical-communication-in-healthcare\/\" \/>\n<meta property=\"og:locale\" content=\"pt_PT\" \/>\n<meta property=\"og:type\" content=\"article\" \/>\n<meta property=\"og:title\" content=\"Cat\u00f3lica Medical School recognized at the 5th National Congress of Clinical Communication in Healthcare | Centro Acad\u00e9mico Cl\u00ednico Cat\u00f3lica Luz (CAC-CL)\" \/>\n<meta property=\"og:description\" content=\"The study entitled \u201cSimulated Patients as Evaluators in Admission Interviews: Reliability Analysis\u201d, presented by&nbsp;Rodrigo Sousa&nbsp;in co-authorship with&nbsp;Paulo Oom&nbsp;and&nbsp;Sanne Schreurs, was recognized at the 5th National Congress of Clinical Communication in Healthcare, held under the theme \u201cClinical Communication in the Age of Artificial Intelligence\u201d. The event was organized by the Portuguese Society for Clinical Communication in [&hellip;]\" \/>\n<meta property=\"og:url\" content=\"https:\/\/cac-cl.pt\/pt\/catolica-medical-school-recognized-at-the-5th-national-congress-of-clinical-communication-in-healthcare\/\" \/>\n<meta property=\"og:site_name\" content=\"Centro Acad\u00e9mico Cl\u00ednico Cat\u00f3lica Luz (CAC-CL)\" \/>\n<meta property=\"article:published_time\" content=\"2025-11-04T09:19:01+00:00\" \/>\n<meta property=\"article:modified_time\" content=\"2025-11-04T09:19:02+00:00\" \/>\n<meta property=\"og:image\" content=\"https:\/\/cac-cl.pt\/wp-content\/uploads\/2025\/11\/captura-de-ecra-2022-01-07-as-12.27.49.png\" \/>\n\t<meta property=\"og:image:width\" content=\"268\" \/>\n\t<meta property=\"og:image:height\" content=\"268\" \/>\n\t<meta property=\"og:image:type\" content=\"image\/png\" \/>\n<meta name=\"author\" content=\"cacclpt\" \/>\n<meta name=\"twitter:card\" content=\"summary_large_image\" \/>\n<meta name=\"twitter:label1\" content=\"Escrito por\" \/>\n\t<meta name=\"twitter:data1\" content=\"cacclpt\" \/>\n\t<meta name=\"twitter:label2\" content=\"Tempo estimado de leitura\" \/>\n\t<meta name=\"twitter:data2\" content=\"1 minuto\" \/>\n<script type=\"application\/ld+json\" class=\"yoast-schema-graph\">{\"@context\":\"https:\\\/\\\/schema.org\",\"@graph\":[{\"@type\":\"Article\",\"@id\":\"https:\\\/\\\/cac-cl.pt\\\/catolica-medical-school-recognized-at-the-5th-national-congress-of-clinical-communication-in-healthcare\\\/#article\",\"isPartOf\":{\"@id\":\"https:\\\/\\\/cac-cl.pt\\\/catolica-medical-school-recognized-at-the-5th-national-congress-of-clinical-communication-in-healthcare\\\/\"},\"author\":{\"name\":\"cacclpt\",\"@id\":\"https:\\\/\\\/cac-cl.pt\\\/#\\\/schema\\\/person\\\/c09c41364ed1103a75086a2c00052975\"},\"headline\":\"Cat\u00f3lica Medical School recognized at the 5th National Congress of Clinical Communication in Healthcare\",\"datePublished\":\"2025-11-04T09:19:01+00:00\",\"dateModified\":\"2025-11-04T09:19:02+00:00\",\"mainEntityOfPage\":{\"@id\":\"https:\\\/\\\/cac-cl.pt\\\/catolica-medical-school-recognized-at-the-5th-national-congress-of-clinical-communication-in-healthcare\\\/\"},\"wordCount\":161,\"commentCount\":0,\"publisher\":{\"@id\":\"https:\\\/\\\/cac-cl.pt\\\/#organization\"},\"image\":{\"@id\":\"https:\\\/\\\/cac-cl.pt\\\/catolica-medical-school-recognized-at-the-5th-national-congress-of-clinical-communication-in-healthcare\\\/#primaryimage\"},\"thumbnailUrl\":\"https:\\\/\\\/cac-cl.pt\\\/wp-content\\\/uploads\\\/2025\\\/11\\\/captura-de-ecra-2022-01-07-as-12.27.49.png\",\"articleSection\":[\"News\"],\"inLanguage\":\"pt-PT\",\"potentialAction\":[{\"@type\":\"CommentAction\",\"name\":\"Comment\",\"target\":[\"https:\\\/\\\/cac-cl.pt\\\/catolica-medical-school-recognized-at-the-5th-national-congress-of-clinical-communication-in-healthcare\\\/#respond\"]}]},{\"@type\":\"WebPage\",\"@id\":\"https:\\\/\\\/cac-cl.pt\\\/catolica-medical-school-recognized-at-the-5th-national-congress-of-clinical-communication-in-healthcare\\\/\",\"url\":\"https:\\\/\\\/cac-cl.pt\\\/catolica-medical-school-recognized-at-the-5th-national-congress-of-clinical-communication-in-healthcare\\\/\",\"name\":\"Cat\u00f3lica Medical School recognized at the 5th National Congress of Clinical Communication in Healthcare | Centro Acad\u00e9mico Cl\u00ednico Cat\u00f3lica Luz (CAC-CL)\",\"isPartOf\":{\"@id\":\"https:\\\/\\\/cac-cl.pt\\\/#website\"},\"primaryImageOfPage\":{\"@id\":\"https:\\\/\\\/cac-cl.pt\\\/catolica-medical-school-recognized-at-the-5th-national-congress-of-clinical-communication-in-healthcare\\\/#primaryimage\"},\"image\":{\"@id\":\"https:\\\/\\\/cac-cl.pt\\\/catolica-medical-school-recognized-at-the-5th-national-congress-of-clinical-communication-in-healthcare\\\/#primaryimage\"},\"thumbnailUrl\":\"https:\\\/\\\/cac-cl.pt\\\/wp-content\\\/uploads\\\/2025\\\/11\\\/captura-de-ecra-2022-01-07-as-12.27.49.png\",\"datePublished\":\"2025-11-04T09:19:01+00:00\",\"dateModified\":\"2025-11-04T09:19:02+00:00\",\"breadcrumb\":{\"@id\":\"https:\\\/\\\/cac-cl.pt\\\/catolica-medical-school-recognized-at-the-5th-national-congress-of-clinical-communication-in-healthcare\\\/#breadcrumb\"},\"inLanguage\":\"pt-PT\",\"potentialAction\":[{\"@type\":\"ReadAction\",\"target\":[\"https:\\\/\\\/cac-cl.pt\\\/catolica-medical-school-recognized-at-the-5th-national-congress-of-clinical-communication-in-healthcare\\\/\"]}]},{\"@type\":\"ImageObject\",\"inLanguage\":\"pt-PT\",\"@id\":\"https:\\\/\\\/cac-cl.pt\\\/catolica-medical-school-recognized-at-the-5th-national-congress-of-clinical-communication-in-healthcare\\\/#primaryimage\",\"url\":\"https:\\\/\\\/cac-cl.pt\\\/wp-content\\\/uploads\\\/2025\\\/11\\\/captura-de-ecra-2022-01-07-as-12.27.49.png\",\"contentUrl\":\"https:\\\/\\\/cac-cl.pt\\\/wp-content\\\/uploads\\\/2025\\\/11\\\/captura-de-ecra-2022-01-07-as-12.27.49.png\",\"width\":268,\"height\":268},{\"@type\":\"BreadcrumbList\",\"@id\":\"https:\\\/\\\/cac-cl.pt\\\/catolica-medical-school-recognized-at-the-5th-national-congress-of-clinical-communication-in-healthcare\\\/#breadcrumb\",\"itemListElement\":[{\"@type\":\"ListItem\",\"position\":1,\"name\":\"In\u00edcio\",\"item\":\"https:\\\/\\\/cac-cl.pt\\\/\"},{\"@type\":\"ListItem\",\"position\":2,\"name\":\"Cat\u00f3lica Medical School recognized at the 5th National Congress of Clinical Communication in Healthcare\"}]},{\"@type\":\"WebSite\",\"@id\":\"https:\\\/\\\/cac-cl.pt\\\/#website\",\"url\":\"https:\\\/\\\/cac-cl.pt\\\/\",\"name\":\"Centro Acad\u00e9mico Cl\u00ednico Cat\u00f3lica Luz (CAC-CL)\",\"description\":\"Centro Acad\u00e9mico Cl\u00ednico Cat\u00f3lica Luz\",\"publisher\":{\"@id\":\"https:\\\/\\\/cac-cl.pt\\\/#organization\"},\"alternateName\":\"CAC-CL\",\"potentialAction\":[{\"@type\":\"SearchAction\",\"target\":{\"@type\":\"EntryPoint\",\"urlTemplate\":\"https:\\\/\\\/cac-cl.pt\\\/?s={search_term_string}\"},\"query-input\":{\"@type\":\"PropertyValueSpecification\",\"valueRequired\":true,\"valueName\":\"search_term_string\"}}],\"inLanguage\":\"pt-PT\"},{\"@type\":\"Organization\",\"@id\":\"https:\\\/\\\/cac-cl.pt\\\/#organization\",\"name\":\"Centro Acad\u00e9mico Cl\u00ednico Cat\u00f3lica Luz (CAC-CL)\",\"alternateName\":\"CAC-CL\",\"url\":\"https:\\\/\\\/cac-cl.pt\\\/\",\"logo\":{\"@type\":\"ImageObject\",\"inLanguage\":\"pt-PT\",\"@id\":\"https:\\\/\\\/cac-cl.pt\\\/#\\\/schema\\\/logo\\\/image\\\/\",\"url\":\"https:\\\/\\\/cac-cl.pt\\\/wp-content\\\/uploads\\\/2024\\\/04\\\/cropped-CAC_Logotipo_Principal_Positivo-e1712844263631.png\",\"contentUrl\":\"https:\\\/\\\/cac-cl.pt\\\/wp-content\\\/uploads\\\/2024\\\/04\\\/cropped-CAC_Logotipo_Principal_Positivo-e1712844263631.png\",\"width\":2249,\"height\":1409,\"caption\":\"Centro Acad\u00e9mico Cl\u00ednico Cat\u00f3lica Luz (CAC-CL)\"},\"image\":{\"@id\":\"https:\\\/\\\/cac-cl.pt\\\/#\\\/schema\\\/logo\\\/image\\\/\"},\"sameAs\":[\"https:\\\/\\\/www.linkedin.com\\\/company\\\/caolica-luz-cac\\\/\",\"https:\\\/\\\/www.instagram.com\\\/caccl.pt\\\/\",\"https:\\\/\\\/pt.pinterest.com\\\/catolicaluz\\\/\"]},{\"@type\":\"Person\",\"@id\":\"https:\\\/\\\/cac-cl.pt\\\/#\\\/schema\\\/person\\\/c09c41364ed1103a75086a2c00052975\",\"name\":\"cacclpt\",\"image\":{\"@type\":\"ImageObject\",\"inLanguage\":\"pt-PT\",\"@id\":\"https:\\\/\\\/secure.gravatar.com\\\/avatar\\\/e62818874125131105711e60ec6e0aabbb8b357c5c5100eca07aa1e9a256d55d?s=96&d=mm&r=g\",\"url\":\"https:\\\/\\\/secure.gravatar.com\\\/avatar\\\/e62818874125131105711e60ec6e0aabbb8b357c5c5100eca07aa1e9a256d55d?s=96&d=mm&r=g\",\"contentUrl\":\"https:\\\/\\\/secure.gravatar.com\\\/avatar\\\/e62818874125131105711e60ec6e0aabbb8b357c5c5100eca07aa1e9a256d55d?s=96&d=mm&r=g\",\"caption\":\"cacclpt\"},\"sameAs\":[\"https:\\\/\\\/cac-cl.pt\"],\"url\":\"https:\\\/\\\/cac-cl.pt\\\/pt\\\/author\\\/cacclpt1\\\/\"}]}<\/script>\n<!-- \/ Yoast SEO plugin. -->","yoast_head_json":{"title":"Cat\u00f3lica Medical School recognized at the 5th National Congress of Clinical Communication in Healthcare | Centro Acad\u00e9mico Cl\u00ednico Cat\u00f3lica Luz (CAC-CL)","robots":{"index":"index","follow":"follow","max-snippet":"max-snippet:-1","max-image-preview":"max-image-preview:large","max-video-preview":"max-video-preview:-1"},"canonical":"https:\/\/cac-cl.pt\/pt\/catolica-medical-school-recognized-at-the-5th-national-congress-of-clinical-communication-in-healthcare\/","og_locale":"pt_PT","og_type":"article","og_title":"Cat\u00f3lica Medical School recognized at the 5th National Congress of Clinical Communication in Healthcare | Centro Acad\u00e9mico Cl\u00ednico Cat\u00f3lica Luz (CAC-CL)","og_description":"The study entitled \u201cSimulated Patients as Evaluators in Admission Interviews: Reliability Analysis\u201d, presented by&nbsp;Rodrigo Sousa&nbsp;in co-authorship with&nbsp;Paulo Oom&nbsp;and&nbsp;Sanne Schreurs, was recognized at the 5th National Congress of Clinical Communication in Healthcare, held under the theme \u201cClinical Communication in the Age of Artificial Intelligence\u201d. The event was organized by the Portuguese Society for Clinical Communication in [&hellip;]","og_url":"https:\/\/cac-cl.pt\/pt\/catolica-medical-school-recognized-at-the-5th-national-congress-of-clinical-communication-in-healthcare\/","og_site_name":"Centro Acad\u00e9mico Cl\u00ednico Cat\u00f3lica Luz (CAC-CL)","article_published_time":"2025-11-04T09:19:01+00:00","article_modified_time":"2025-11-04T09:19:02+00:00","og_image":[{"width":268,"height":268,"url":"https:\/\/cac-cl.pt\/wp-content\/uploads\/2025\/11\/captura-de-ecra-2022-01-07-as-12.27.49.png","type":"image\/png"}],"author":"cacclpt","twitter_card":"summary_large_image","twitter_misc":{"Escrito por":"cacclpt","Tempo estimado de leitura":"1 minuto"},"schema":{"@context":"https:\/\/schema.org","@graph":[{"@type":"Article","@id":"https:\/\/cac-cl.pt\/catolica-medical-school-recognized-at-the-5th-national-congress-of-clinical-communication-in-healthcare\/#article","isPartOf":{"@id":"https:\/\/cac-cl.pt\/catolica-medical-school-recognized-at-the-5th-national-congress-of-clinical-communication-in-healthcare\/"},"author":{"name":"cacclpt","@id":"https:\/\/cac-cl.pt\/#\/schema\/person\/c09c41364ed1103a75086a2c00052975"},"headline":"Cat\u00f3lica Medical School recognized at the 5th National Congress of Clinical Communication in Healthcare","datePublished":"2025-11-04T09:19:01+00:00","dateModified":"2025-11-04T09:19:02+00:00","mainEntityOfPage":{"@id":"https:\/\/cac-cl.pt\/catolica-medical-school-recognized-at-the-5th-national-congress-of-clinical-communication-in-healthcare\/"},"wordCount":161,"commentCount":0,"publisher":{"@id":"https:\/\/cac-cl.pt\/#organization"},"image":{"@id":"https:\/\/cac-cl.pt\/catolica-medical-school-recognized-at-the-5th-national-congress-of-clinical-communication-in-healthcare\/#primaryimage"},"thumbnailUrl":"https:\/\/cac-cl.pt\/wp-content\/uploads\/2025\/11\/captura-de-ecra-2022-01-07-as-12.27.49.png","articleSection":["News"],"inLanguage":"pt-PT","potentialAction":[{"@type":"CommentAction","name":"Comment","target":["https:\/\/cac-cl.pt\/catolica-medical-school-recognized-at-the-5th-national-congress-of-clinical-communication-in-healthcare\/#respond"]}]},{"@type":"WebPage","@id":"https:\/\/cac-cl.pt\/catolica-medical-school-recognized-at-the-5th-national-congress-of-clinical-communication-in-healthcare\/","url":"https:\/\/cac-cl.pt\/catolica-medical-school-recognized-at-the-5th-national-congress-of-clinical-communication-in-healthcare\/","name":"Cat\u00f3lica Medical School recognized at the 5th National Congress of Clinical Communication in Healthcare | Centro Acad\u00e9mico Cl\u00ednico Cat\u00f3lica Luz (CAC-CL)","isPartOf":{"@id":"https:\/\/cac-cl.pt\/#website"},"primaryImageOfPage":{"@id":"https:\/\/cac-cl.pt\/catolica-medical-school-recognized-at-the-5th-national-congress-of-clinical-communication-in-healthcare\/#primaryimage"},"image":{"@id":"https:\/\/cac-cl.pt\/catolica-medical-school-recognized-at-the-5th-national-congress-of-clinical-communication-in-healthcare\/#primaryimage"},"thumbnailUrl":"https:\/\/cac-cl.pt\/wp-content\/uploads\/2025\/11\/captura-de-ecra-2022-01-07-as-12.27.49.png","datePublished":"2025-11-04T09:19:01+00:00","dateModified":"2025-11-04T09:19:02+00:00","breadcrumb":{"@id":"https:\/\/cac-cl.pt\/catolica-medical-school-recognized-at-the-5th-national-congress-of-clinical-communication-in-healthcare\/#breadcrumb"},"inLanguage":"pt-PT","potentialAction":[{"@type":"ReadAction","target":["https:\/\/cac-cl.pt\/catolica-medical-school-recognized-at-the-5th-national-congress-of-clinical-communication-in-healthcare\/"]}]},{"@type":"ImageObject","inLanguage":"pt-PT","@id":"https:\/\/cac-cl.pt\/catolica-medical-school-recognized-at-the-5th-national-congress-of-clinical-communication-in-healthcare\/#primaryimage","url":"https:\/\/cac-cl.pt\/wp-content\/uploads\/2025\/11\/captura-de-ecra-2022-01-07-as-12.27.49.png","contentUrl":"https:\/\/cac-cl.pt\/wp-content\/uploads\/2025\/11\/captura-de-ecra-2022-01-07-as-12.27.49.png","width":268,"height":268},{"@type":"BreadcrumbList","@id":"https:\/\/cac-cl.pt\/catolica-medical-school-recognized-at-the-5th-national-congress-of-clinical-communication-in-healthcare\/#breadcrumb","itemListElement":[{"@type":"ListItem","position":1,"name":"In\u00edcio","item":"https:\/\/cac-cl.pt\/"},{"@type":"ListItem","position":2,"name":"Cat\u00f3lica Medical School recognized at the 5th National Congress of Clinical Communication in Healthcare"}]},{"@type":"WebSite","@id":"https:\/\/cac-cl.pt\/#website","url":"https:\/\/cac-cl.pt\/","name":"Centro Acad\u00e9mico Cl\u00ednico Cat\u00f3lica Luz (CAC-CL)","description":"Centro Acad\u00e9mico Cl\u00ednico Cat\u00f3lica Luz","publisher":{"@id":"https:\/\/cac-cl.pt\/#organization"},"alternateName":"CAC-CL","potentialAction":[{"@type":"SearchAction","target":{"@type":"EntryPoint","urlTemplate":"https:\/\/cac-cl.pt\/?s={search_term_string}"},"query-input":{"@type":"PropertyValueSpecification","valueRequired":true,"valueName":"search_term_string"}}],"inLanguage":"pt-PT"},{"@type":"Organization","@id":"https:\/\/cac-cl.pt\/#organization","name":"Centro Acad\u00e9mico Cl\u00ednico Cat\u00f3lica Luz (CAC-CL)","alternateName":"CAC-CL","url":"https:\/\/cac-cl.pt\/","logo":{"@type":"ImageObject","inLanguage":"pt-PT","@id":"https:\/\/cac-cl.pt\/#\/schema\/logo\/image\/","url":"https:\/\/cac-cl.pt\/wp-content\/uploads\/2024\/04\/cropped-CAC_Logotipo_Principal_Positivo-e1712844263631.png","contentUrl":"https:\/\/cac-cl.pt\/wp-content\/uploads\/2024\/04\/cropped-CAC_Logotipo_Principal_Positivo-e1712844263631.png","width":2249,"height":1409,"caption":"Centro Acad\u00e9mico Cl\u00ednico Cat\u00f3lica Luz (CAC-CL)"},"image":{"@id":"https:\/\/cac-cl.pt\/#\/schema\/logo\/image\/"},"sameAs":["https:\/\/www.linkedin.com\/company\/caolica-luz-cac\/","https:\/\/www.instagram.com\/caccl.pt\/","https:\/\/pt.pinterest.com\/catolicaluz\/"]},{"@type":"Person","@id":"https:\/\/cac-cl.pt\/#\/schema\/person\/c09c41364ed1103a75086a2c00052975","name":"cacclpt","image":{"@type":"ImageObject","inLanguage":"pt-PT","@id":"https:\/\/secure.gravatar.com\/avatar\/e62818874125131105711e60ec6e0aabbb8b357c5c5100eca07aa1e9a256d55d?s=96&d=mm&r=g","url":"https:\/\/secure.gravatar.com\/avatar\/e62818874125131105711e60ec6e0aabbb8b357c5c5100eca07aa1e9a256d55d?s=96&d=mm&r=g","contentUrl":"https:\/\/secure.gravatar.com\/avatar\/e62818874125131105711e60ec6e0aabbb8b357c5c5100eca07aa1e9a256d55d?s=96&d=mm&r=g","caption":"cacclpt"},"sameAs":["https:\/\/cac-cl.pt"],"url":"https:\/\/cac-cl.pt\/pt\/author\/cacclpt1\/"}]}},"_links":{"self":[{"href":"https:\/\/cac-cl.pt\/pt\/wp-json\/wp\/v2\/posts\/14025","targetHints":{"allow":["GET"]}}],"collection":[{"href":"https:\/\/cac-cl.pt\/pt\/wp-json\/wp\/v2\/posts"}],"about":[{"href":"https:\/\/cac-cl.pt\/pt\/wp-json\/wp\/v2\/types\/post"}],"author":[{"embeddable":true,"href":"https:\/\/cac-cl.pt\/pt\/wp-json\/wp\/v2\/users\/1"}],"replies":[{"embeddable":true,"href":"https:\/\/cac-cl.pt\/pt\/wp-json\/wp\/v2\/comments?post=14025"}],"version-history":[{"count":1,"href":"https:\/\/cac-cl.pt\/pt\/wp-json\/wp\/v2\/posts\/14025\/revisions"}],"predecessor-version":[{"id":14029,"href":"https:\/\/cac-cl.pt\/pt\/wp-json\/wp\/v2\/posts\/14025\/revisions\/14029"}],"wp:featuredmedia":[{"embeddable":true,"href":"https:\/\/cac-cl.pt\/pt\/wp-json\/wp\/v2\/media\/14028"}],"wp:attachment":[{"href":"https:\/\/cac-cl.pt\/pt\/wp-json\/wp\/v2\/media?parent=14025"}],"wp:term":[{"taxonomy":"category","embeddable":true,"href":"https:\/\/cac-cl.pt\/pt\/wp-json\/wp\/v2\/categories?post=14025"},{"taxonomy":"post_tag","embeddable":true,"href":"https:\/\/cac-cl.pt\/pt\/wp-json\/wp\/v2\/tags?post=14025"}],"curies":[{"name":"wp","href":"https:\/\/api.w.org\/{rel}","templated":true}]}}