{"id":14267,"date":"2025-12-10T12:02:12","date_gmt":"2025-12-10T12:02:12","guid":{"rendered":"https:\/\/cac-cl.pt\/?p=14267"},"modified":"2025-12-10T12:02:13","modified_gmt":"2025-12-10T12:02:13","slug":"catolica-seeks-students-to-represent-the-university-at-european-level","status":"publish","type":"post","link":"https:\/\/cac-cl.pt\/pt\/catolica-seeks-students-to-represent-the-university-at-european-level\/","title":{"rendered":"Cat\u00f3lica seeks students to represent the University at European level"},"content":{"rendered":"<p>Applications are now open for a representative on the&nbsp;<a href=\"https:\/\/www.ucp.pt\/international\/transform4europe\" target=\"_blank\" rel=\"noreferrer noopener\">Transform4Europe&nbsp;<\/a>(T4EU) Student Council. The selected candidate will represent students from the Universidade Cat\u00f3lica Portuguesa on this T4EU body, which is responsible for promoting the interests, needs and opinions of Alliance students.<\/p>\n\n\n\n<p>The Student Council is comprised of students from all T4EU member universities, and it aims to discuss relevant issues and develop measures to improve the academic and social experiences of all European students.<\/p>\n\n\n\n<p>Applications are accepted until December 14th, from students attending any Bachelor\u2019s Academic Degree from all Universidade Cat\u00f3lica Portuguesa&#8217;s campi.<\/p>\n\n\n\n<p>The selected candidate will serve for a minimum period of two years&nbsp;(with active academic enrolment).<\/p>\n\n\n\n<p>Each T4EU institution has in its constitution two active members and one alternate member. The new member will initially be considered an alternate member and then, when a member leaves, will be regarded as an active member of the Student Council.<\/p>\n\n\n\n<p>The new member aims to support all the needs of the Student Council, with active participation in the meetings and work packages related to the T4EU project.&nbsp;As long as they are an alternate member, they can get to know the Student Council. Internally, for Universidade Cat\u00f3lica, all members are considered equal and always work as a team.<\/p>\n\n\n\n<p>To apply, send an e-mail to&nbsp;<a href=\"mailto:t4eu@ucp.pt\" target=\"_blank\" rel=\"noreferrer noopener\">t4eu@ucp.pt<\/a>&nbsp;with the subject \u2018T4EU_SC_ (first and last name)\u2019. The email should include the curriculum vitae (CV): full name; degree; year of degree; UCP campus; and activities carried out during the degree. In addition to the CV, candidates should send a brief personal statement about the value they can bring to T4EU.<\/p>\n\n\n\n<p>\ud83d\udc49 <strong>Learn more about this european university alliance, on\u00a0<a href=\"https:\/\/transform4europe.eu\/\" target=\"_blank\" rel=\"noreferrer noopener\">Transform4Europe<\/a>\u00a0website.<\/strong><\/p>","protected":false},"excerpt":{"rendered":"<p>Applications are now open for a representative on the&nbsp;Transform4Europe&nbsp;(T4EU) Student Council. The selected candidate will represent students from the Universidade Cat\u00f3lica Portuguesa on this T4EU body, which is responsible for promoting the interests, needs and opinions of Alliance students. The Student Council is comprised of students from all T4EU member universities, and it aims to [&hellip;]<\/p>\n","protected":false},"author":1,"featured_media":14268,"comment_status":"open","ping_status":"open","sticky":false,"template":"","format":"standard","meta":{"_acf_changed":false,"inline_featured_image":false,"footnotes":""},"categories":[134],"tags":[],"class_list":["post-14267","post","type-post","status-publish","format-standard","has-post-thumbnail","hentry","category-news"],"acf":[],"yoast_head":"<!-- This site is optimized with the Yoast SEO plugin v27.5 - https:\/\/yoast.com\/product\/yoast-seo-wordpress\/ -->\n<title>Cat\u00f3lica seeks students to represent the University at European level | Centro Acad\u00e9mico Cl\u00ednico Cat\u00f3lica Luz (CAC-CL)<\/title>\n<meta name=\"robots\" content=\"index, follow, max-snippet:-1, max-image-preview:large, max-video-preview:-1\" \/>\n<link rel=\"canonical\" href=\"https:\/\/cac-cl.pt\/pt\/catolica-seeks-students-to-represent-the-university-at-european-level\/\" \/>\n<meta property=\"og:locale\" content=\"pt_PT\" \/>\n<meta property=\"og:type\" content=\"article\" \/>\n<meta property=\"og:title\" content=\"Cat\u00f3lica seeks students to represent the University at European level | Centro Acad\u00e9mico Cl\u00ednico Cat\u00f3lica Luz (CAC-CL)\" \/>\n<meta property=\"og:description\" content=\"Applications are now open for a representative on the&nbsp;Transform4Europe&nbsp;(T4EU) Student Council. The selected candidate will represent students from the Universidade Cat\u00f3lica Portuguesa on this T4EU body, which is responsible for promoting the interests, needs and opinions of Alliance students. The Student Council is comprised of students from all T4EU member universities, and it aims to [&hellip;]\" \/>\n<meta property=\"og:url\" content=\"https:\/\/cac-cl.pt\/pt\/catolica-seeks-students-to-represent-the-university-at-european-level\/\" \/>\n<meta property=\"og:site_name\" content=\"Centro Acad\u00e9mico Cl\u00ednico Cat\u00f3lica Luz (CAC-CL)\" \/>\n<meta property=\"article:published_time\" content=\"2025-12-10T12:02:12+00:00\" \/>\n<meta property=\"article:modified_time\" content=\"2025-12-10T12:02:13+00:00\" \/>\n<meta property=\"og:image\" content=\"https:\/\/cac-cl.pt\/wp-content\/uploads\/2025\/12\/student-council-2024.jpg\" \/>\n\t<meta property=\"og:image:width\" content=\"763\" \/>\n\t<meta property=\"og:image:height\" content=\"430\" \/>\n\t<meta property=\"og:image:type\" content=\"image\/jpeg\" \/>\n<meta name=\"author\" content=\"cacclpt\" \/>\n<meta name=\"twitter:card\" content=\"summary_large_image\" \/>\n<meta name=\"twitter:label1\" content=\"Escrito por\" \/>\n\t<meta name=\"twitter:data1\" content=\"cacclpt\" \/>\n\t<meta name=\"twitter:label2\" content=\"Tempo estimado de leitura\" \/>\n\t<meta name=\"twitter:data2\" content=\"2 minutos\" \/>\n<script type=\"application\/ld+json\" class=\"yoast-schema-graph\">{\"@context\":\"https:\\\/\\\/schema.org\",\"@graph\":[{\"@type\":\"Article\",\"@id\":\"https:\\\/\\\/cac-cl.pt\\\/catolica-seeks-students-to-represent-the-university-at-european-level\\\/#article\",\"isPartOf\":{\"@id\":\"https:\\\/\\\/cac-cl.pt\\\/catolica-seeks-students-to-represent-the-university-at-european-level\\\/\"},\"author\":{\"name\":\"cacclpt\",\"@id\":\"https:\\\/\\\/cac-cl.pt\\\/#\\\/schema\\\/person\\\/c09c41364ed1103a75086a2c00052975\"},\"headline\":\"Cat\u00f3lica seeks students to represent the University at European level\",\"datePublished\":\"2025-12-10T12:02:12+00:00\",\"dateModified\":\"2025-12-10T12:02:13+00:00\",\"mainEntityOfPage\":{\"@id\":\"https:\\\/\\\/cac-cl.pt\\\/catolica-seeks-students-to-represent-the-university-at-european-level\\\/\"},\"wordCount\":311,\"commentCount\":0,\"publisher\":{\"@id\":\"https:\\\/\\\/cac-cl.pt\\\/#organization\"},\"image\":{\"@id\":\"https:\\\/\\\/cac-cl.pt\\\/catolica-seeks-students-to-represent-the-university-at-european-level\\\/#primaryimage\"},\"thumbnailUrl\":\"https:\\\/\\\/cac-cl.pt\\\/wp-content\\\/uploads\\\/2025\\\/12\\\/student-council-2024.jpg\",\"articleSection\":[\"News\"],\"inLanguage\":\"pt-PT\",\"potentialAction\":[{\"@type\":\"CommentAction\",\"name\":\"Comment\",\"target\":[\"https:\\\/\\\/cac-cl.pt\\\/catolica-seeks-students-to-represent-the-university-at-european-level\\\/#respond\"]}]},{\"@type\":\"WebPage\",\"@id\":\"https:\\\/\\\/cac-cl.pt\\\/catolica-seeks-students-to-represent-the-university-at-european-level\\\/\",\"url\":\"https:\\\/\\\/cac-cl.pt\\\/catolica-seeks-students-to-represent-the-university-at-european-level\\\/\",\"name\":\"Cat\u00f3lica seeks students to represent the University at European level | Centro Acad\u00e9mico Cl\u00ednico Cat\u00f3lica Luz (CAC-CL)\",\"isPartOf\":{\"@id\":\"https:\\\/\\\/cac-cl.pt\\\/#website\"},\"primaryImageOfPage\":{\"@id\":\"https:\\\/\\\/cac-cl.pt\\\/catolica-seeks-students-to-represent-the-university-at-european-level\\\/#primaryimage\"},\"image\":{\"@id\":\"https:\\\/\\\/cac-cl.pt\\\/catolica-seeks-students-to-represent-the-university-at-european-level\\\/#primaryimage\"},\"thumbnailUrl\":\"https:\\\/\\\/cac-cl.pt\\\/wp-content\\\/uploads\\\/2025\\\/12\\\/student-council-2024.jpg\",\"datePublished\":\"2025-12-10T12:02:12+00:00\",\"dateModified\":\"2025-12-10T12:02:13+00:00\",\"breadcrumb\":{\"@id\":\"https:\\\/\\\/cac-cl.pt\\\/catolica-seeks-students-to-represent-the-university-at-european-level\\\/#breadcrumb\"},\"inLanguage\":\"pt-PT\",\"potentialAction\":[{\"@type\":\"ReadAction\",\"target\":[\"https:\\\/\\\/cac-cl.pt\\\/catolica-seeks-students-to-represent-the-university-at-european-level\\\/\"]}]},{\"@type\":\"ImageObject\",\"inLanguage\":\"pt-PT\",\"@id\":\"https:\\\/\\\/cac-cl.pt\\\/catolica-seeks-students-to-represent-the-university-at-european-level\\\/#primaryimage\",\"url\":\"https:\\\/\\\/cac-cl.pt\\\/wp-content\\\/uploads\\\/2025\\\/12\\\/student-council-2024.jpg\",\"contentUrl\":\"https:\\\/\\\/cac-cl.pt\\\/wp-content\\\/uploads\\\/2025\\\/12\\\/student-council-2024.jpg\",\"width\":763,\"height\":430},{\"@type\":\"BreadcrumbList\",\"@id\":\"https:\\\/\\\/cac-cl.pt\\\/catolica-seeks-students-to-represent-the-university-at-european-level\\\/#breadcrumb\",\"itemListElement\":[{\"@type\":\"ListItem\",\"position\":1,\"name\":\"In\u00edcio\",\"item\":\"https:\\\/\\\/cac-cl.pt\\\/\"},{\"@type\":\"ListItem\",\"position\":2,\"name\":\"Cat\u00f3lica seeks students to represent the University at European level\"}]},{\"@type\":\"WebSite\",\"@id\":\"https:\\\/\\\/cac-cl.pt\\\/#website\",\"url\":\"https:\\\/\\\/cac-cl.pt\\\/\",\"name\":\"Centro Acad\u00e9mico Cl\u00ednico Cat\u00f3lica Luz (CAC-CL)\",\"description\":\"Centro Acad\u00e9mico Cl\u00ednico Cat\u00f3lica Luz\",\"publisher\":{\"@id\":\"https:\\\/\\\/cac-cl.pt\\\/#organization\"},\"alternateName\":\"CAC-CL\",\"potentialAction\":[{\"@type\":\"SearchAction\",\"target\":{\"@type\":\"EntryPoint\",\"urlTemplate\":\"https:\\\/\\\/cac-cl.pt\\\/?s={search_term_string}\"},\"query-input\":{\"@type\":\"PropertyValueSpecification\",\"valueRequired\":true,\"valueName\":\"search_term_string\"}}],\"inLanguage\":\"pt-PT\"},{\"@type\":\"Organization\",\"@id\":\"https:\\\/\\\/cac-cl.pt\\\/#organization\",\"name\":\"Centro Acad\u00e9mico Cl\u00ednico Cat\u00f3lica Luz (CAC-CL)\",\"alternateName\":\"CAC-CL\",\"url\":\"https:\\\/\\\/cac-cl.pt\\\/\",\"logo\":{\"@type\":\"ImageObject\",\"inLanguage\":\"pt-PT\",\"@id\":\"https:\\\/\\\/cac-cl.pt\\\/#\\\/schema\\\/logo\\\/image\\\/\",\"url\":\"https:\\\/\\\/cac-cl.pt\\\/wp-content\\\/uploads\\\/2024\\\/04\\\/cropped-CAC_Logotipo_Principal_Positivo-e1712844263631.png\",\"contentUrl\":\"https:\\\/\\\/cac-cl.pt\\\/wp-content\\\/uploads\\\/2024\\\/04\\\/cropped-CAC_Logotipo_Principal_Positivo-e1712844263631.png\",\"width\":2249,\"height\":1409,\"caption\":\"Centro Acad\u00e9mico Cl\u00ednico Cat\u00f3lica Luz (CAC-CL)\"},\"image\":{\"@id\":\"https:\\\/\\\/cac-cl.pt\\\/#\\\/schema\\\/logo\\\/image\\\/\"},\"sameAs\":[\"https:\\\/\\\/www.linkedin.com\\\/company\\\/caolica-luz-cac\\\/\",\"https:\\\/\\\/www.instagram.com\\\/caccl.pt\\\/\",\"https:\\\/\\\/pt.pinterest.com\\\/catolicaluz\\\/\"]},{\"@type\":\"Person\",\"@id\":\"https:\\\/\\\/cac-cl.pt\\\/#\\\/schema\\\/person\\\/c09c41364ed1103a75086a2c00052975\",\"name\":\"cacclpt\",\"image\":{\"@type\":\"ImageObject\",\"inLanguage\":\"pt-PT\",\"@id\":\"https:\\\/\\\/secure.gravatar.com\\\/avatar\\\/e62818874125131105711e60ec6e0aabbb8b357c5c5100eca07aa1e9a256d55d?s=96&d=mm&r=g\",\"url\":\"https:\\\/\\\/secure.gravatar.com\\\/avatar\\\/e62818874125131105711e60ec6e0aabbb8b357c5c5100eca07aa1e9a256d55d?s=96&d=mm&r=g\",\"contentUrl\":\"https:\\\/\\\/secure.gravatar.com\\\/avatar\\\/e62818874125131105711e60ec6e0aabbb8b357c5c5100eca07aa1e9a256d55d?s=96&d=mm&r=g\",\"caption\":\"cacclpt\"},\"sameAs\":[\"https:\\\/\\\/cac-cl.pt\"],\"url\":\"https:\\\/\\\/cac-cl.pt\\\/pt\\\/author\\\/cacclpt1\\\/\"}]}<\/script>\n<!-- \/ Yoast SEO plugin. -->","yoast_head_json":{"title":"Cat\u00f3lica seeks students to represent the University at European level | Centro Acad\u00e9mico Cl\u00ednico Cat\u00f3lica Luz (CAC-CL)","robots":{"index":"index","follow":"follow","max-snippet":"max-snippet:-1","max-image-preview":"max-image-preview:large","max-video-preview":"max-video-preview:-1"},"canonical":"https:\/\/cac-cl.pt\/pt\/catolica-seeks-students-to-represent-the-university-at-european-level\/","og_locale":"pt_PT","og_type":"article","og_title":"Cat\u00f3lica seeks students to represent the University at European level | Centro Acad\u00e9mico Cl\u00ednico Cat\u00f3lica Luz (CAC-CL)","og_description":"Applications are now open for a representative on the&nbsp;Transform4Europe&nbsp;(T4EU) Student Council. The selected candidate will represent students from the Universidade Cat\u00f3lica Portuguesa on this T4EU body, which is responsible for promoting the interests, needs and opinions of Alliance students. The Student Council is comprised of students from all T4EU member universities, and it aims to [&hellip;]","og_url":"https:\/\/cac-cl.pt\/pt\/catolica-seeks-students-to-represent-the-university-at-european-level\/","og_site_name":"Centro Acad\u00e9mico Cl\u00ednico Cat\u00f3lica Luz (CAC-CL)","article_published_time":"2025-12-10T12:02:12+00:00","article_modified_time":"2025-12-10T12:02:13+00:00","og_image":[{"width":763,"height":430,"url":"https:\/\/cac-cl.pt\/wp-content\/uploads\/2025\/12\/student-council-2024.jpg","type":"image\/jpeg"}],"author":"cacclpt","twitter_card":"summary_large_image","twitter_misc":{"Escrito por":"cacclpt","Tempo estimado de leitura":"2 minutos"},"schema":{"@context":"https:\/\/schema.org","@graph":[{"@type":"Article","@id":"https:\/\/cac-cl.pt\/catolica-seeks-students-to-represent-the-university-at-european-level\/#article","isPartOf":{"@id":"https:\/\/cac-cl.pt\/catolica-seeks-students-to-represent-the-university-at-european-level\/"},"author":{"name":"cacclpt","@id":"https:\/\/cac-cl.pt\/#\/schema\/person\/c09c41364ed1103a75086a2c00052975"},"headline":"Cat\u00f3lica seeks students to represent the University at European level","datePublished":"2025-12-10T12:02:12+00:00","dateModified":"2025-12-10T12:02:13+00:00","mainEntityOfPage":{"@id":"https:\/\/cac-cl.pt\/catolica-seeks-students-to-represent-the-university-at-european-level\/"},"wordCount":311,"commentCount":0,"publisher":{"@id":"https:\/\/cac-cl.pt\/#organization"},"image":{"@id":"https:\/\/cac-cl.pt\/catolica-seeks-students-to-represent-the-university-at-european-level\/#primaryimage"},"thumbnailUrl":"https:\/\/cac-cl.pt\/wp-content\/uploads\/2025\/12\/student-council-2024.jpg","articleSection":["News"],"inLanguage":"pt-PT","potentialAction":[{"@type":"CommentAction","name":"Comment","target":["https:\/\/cac-cl.pt\/catolica-seeks-students-to-represent-the-university-at-european-level\/#respond"]}]},{"@type":"WebPage","@id":"https:\/\/cac-cl.pt\/catolica-seeks-students-to-represent-the-university-at-european-level\/","url":"https:\/\/cac-cl.pt\/catolica-seeks-students-to-represent-the-university-at-european-level\/","name":"Cat\u00f3lica seeks students to represent the University at European level | Centro Acad\u00e9mico Cl\u00ednico Cat\u00f3lica Luz (CAC-CL)","isPartOf":{"@id":"https:\/\/cac-cl.pt\/#website"},"primaryImageOfPage":{"@id":"https:\/\/cac-cl.pt\/catolica-seeks-students-to-represent-the-university-at-european-level\/#primaryimage"},"image":{"@id":"https:\/\/cac-cl.pt\/catolica-seeks-students-to-represent-the-university-at-european-level\/#primaryimage"},"thumbnailUrl":"https:\/\/cac-cl.pt\/wp-content\/uploads\/2025\/12\/student-council-2024.jpg","datePublished":"2025-12-10T12:02:12+00:00","dateModified":"2025-12-10T12:02:13+00:00","breadcrumb":{"@id":"https:\/\/cac-cl.pt\/catolica-seeks-students-to-represent-the-university-at-european-level\/#breadcrumb"},"inLanguage":"pt-PT","potentialAction":[{"@type":"ReadAction","target":["https:\/\/cac-cl.pt\/catolica-seeks-students-to-represent-the-university-at-european-level\/"]}]},{"@type":"ImageObject","inLanguage":"pt-PT","@id":"https:\/\/cac-cl.pt\/catolica-seeks-students-to-represent-the-university-at-european-level\/#primaryimage","url":"https:\/\/cac-cl.pt\/wp-content\/uploads\/2025\/12\/student-council-2024.jpg","contentUrl":"https:\/\/cac-cl.pt\/wp-content\/uploads\/2025\/12\/student-council-2024.jpg","width":763,"height":430},{"@type":"BreadcrumbList","@id":"https:\/\/cac-cl.pt\/catolica-seeks-students-to-represent-the-university-at-european-level\/#breadcrumb","itemListElement":[{"@type":"ListItem","position":1,"name":"In\u00edcio","item":"https:\/\/cac-cl.pt\/"},{"@type":"ListItem","position":2,"name":"Cat\u00f3lica seeks students to represent the University at European level"}]},{"@type":"WebSite","@id":"https:\/\/cac-cl.pt\/#website","url":"https:\/\/cac-cl.pt\/","name":"Centro Acad\u00e9mico Cl\u00ednico Cat\u00f3lica Luz (CAC-CL)","description":"Centro Acad\u00e9mico Cl\u00ednico Cat\u00f3lica Luz","publisher":{"@id":"https:\/\/cac-cl.pt\/#organization"},"alternateName":"CAC-CL","potentialAction":[{"@type":"SearchAction","target":{"@type":"EntryPoint","urlTemplate":"https:\/\/cac-cl.pt\/?s={search_term_string}"},"query-input":{"@type":"PropertyValueSpecification","valueRequired":true,"valueName":"search_term_string"}}],"inLanguage":"pt-PT"},{"@type":"Organization","@id":"https:\/\/cac-cl.pt\/#organization","name":"Centro Acad\u00e9mico Cl\u00ednico Cat\u00f3lica Luz (CAC-CL)","alternateName":"CAC-CL","url":"https:\/\/cac-cl.pt\/","logo":{"@type":"ImageObject","inLanguage":"pt-PT","@id":"https:\/\/cac-cl.pt\/#\/schema\/logo\/image\/","url":"https:\/\/cac-cl.pt\/wp-content\/uploads\/2024\/04\/cropped-CAC_Logotipo_Principal_Positivo-e1712844263631.png","contentUrl":"https:\/\/cac-cl.pt\/wp-content\/uploads\/2024\/04\/cropped-CAC_Logotipo_Principal_Positivo-e1712844263631.png","width":2249,"height":1409,"caption":"Centro Acad\u00e9mico Cl\u00ednico Cat\u00f3lica Luz (CAC-CL)"},"image":{"@id":"https:\/\/cac-cl.pt\/#\/schema\/logo\/image\/"},"sameAs":["https:\/\/www.linkedin.com\/company\/caolica-luz-cac\/","https:\/\/www.instagram.com\/caccl.pt\/","https:\/\/pt.pinterest.com\/catolicaluz\/"]},{"@type":"Person","@id":"https:\/\/cac-cl.pt\/#\/schema\/person\/c09c41364ed1103a75086a2c00052975","name":"cacclpt","image":{"@type":"ImageObject","inLanguage":"pt-PT","@id":"https:\/\/secure.gravatar.com\/avatar\/e62818874125131105711e60ec6e0aabbb8b357c5c5100eca07aa1e9a256d55d?s=96&d=mm&r=g","url":"https:\/\/secure.gravatar.com\/avatar\/e62818874125131105711e60ec6e0aabbb8b357c5c5100eca07aa1e9a256d55d?s=96&d=mm&r=g","contentUrl":"https:\/\/secure.gravatar.com\/avatar\/e62818874125131105711e60ec6e0aabbb8b357c5c5100eca07aa1e9a256d55d?s=96&d=mm&r=g","caption":"cacclpt"},"sameAs":["https:\/\/cac-cl.pt"],"url":"https:\/\/cac-cl.pt\/pt\/author\/cacclpt1\/"}]}},"_links":{"self":[{"href":"https:\/\/cac-cl.pt\/pt\/wp-json\/wp\/v2\/posts\/14267","targetHints":{"allow":["GET"]}}],"collection":[{"href":"https:\/\/cac-cl.pt\/pt\/wp-json\/wp\/v2\/posts"}],"about":[{"href":"https:\/\/cac-cl.pt\/pt\/wp-json\/wp\/v2\/types\/post"}],"author":[{"embeddable":true,"href":"https:\/\/cac-cl.pt\/pt\/wp-json\/wp\/v2\/users\/1"}],"replies":[{"embeddable":true,"href":"https:\/\/cac-cl.pt\/pt\/wp-json\/wp\/v2\/comments?post=14267"}],"version-history":[{"count":1,"href":"https:\/\/cac-cl.pt\/pt\/wp-json\/wp\/v2\/posts\/14267\/revisions"}],"predecessor-version":[{"id":14269,"href":"https:\/\/cac-cl.pt\/pt\/wp-json\/wp\/v2\/posts\/14267\/revisions\/14269"}],"wp:featuredmedia":[{"embeddable":true,"href":"https:\/\/cac-cl.pt\/pt\/wp-json\/wp\/v2\/media\/14268"}],"wp:attachment":[{"href":"https:\/\/cac-cl.pt\/pt\/wp-json\/wp\/v2\/media?parent=14267"}],"wp:term":[{"taxonomy":"category","embeddable":true,"href":"https:\/\/cac-cl.pt\/pt\/wp-json\/wp\/v2\/categories?post=14267"},{"taxonomy":"post_tag","embeddable":true,"href":"https:\/\/cac-cl.pt\/pt\/wp-json\/wp\/v2\/tags?post=14267"}],"curies":[{"name":"wp","href":"https:\/\/api.w.org\/{rel}","templated":true}]}}