{"id":14295,"date":"2025-12-15T14:00:46","date_gmt":"2025-12-15T14:00:46","guid":{"rendered":"https:\/\/cac-cl.pt\/?p=14295"},"modified":"2025-12-15T14:00:46","modified_gmt":"2025-12-15T14:00:46","slug":"autumn-leaves-professor-vitor-machado-gil","status":"publish","type":"post","link":"https:\/\/cac-cl.pt\/pt\/autumn-leaves-professor-vitor-machado-gil\/","title":{"rendered":"Autumn leaves &#8211; Professor Vitor Machado Gil"},"content":{"rendered":"<p><em>Even accepting the irreversibility of nature, it is possible to strive for healthier aging. But there is still a long way to go; in many areas, almost everything remains to be done.<\/em><\/p>\n\n\n\n<p>Autumn is considered the season of nostalgia: it evokes more twilight than sunrise, the red light of the west prevails over the blue of the dawn; it is the time of the evanescence of days, the approach of rain, of grays and browns, of the creeping cold. Despite the rustic vivacity evoked by Vivaldi, it is above all the melancholy of the song &#8220;Autumn Leaves&#8221;\u2014which evokes sweet memories, though only memories\u2014that imposes itself as a soundtrack, should we imagine a film about Autumn. This season, which precedes the rigors of Winter, is also a metaphor for aging, often interpreted as a sign of finitude or decay. The title of the original French version, &#8220;Les feuilles mortes&#8221; (The Dead Leaves), precisely accentuates this wintry tone.<\/p>\n\n\n\n<p>(&#8230;)&nbsp;<\/p>\n\n\n\n<p>\ud83d\udc49 <strong>Read the full article here:<\/strong> <a href=\"https:\/\/observador.pt\/opiniao\/as-folhas-de-outono\/\">https:\/\/observador.pt\/opiniao\/as-folhas-de-outono\/<\/a><\/p>","protected":false},"excerpt":{"rendered":"<p>Even accepting the irreversibility of nature, it is possible to strive for healthier aging. But there is still a long way to go; in many areas, almost everything remains to be done. Autumn is considered the season of nostalgia: it evokes more twilight than sunrise, the red light of the west prevails over the blue [&hellip;]<\/p>\n","protected":false},"author":1,"featured_media":14296,"comment_status":"open","ping_status":"open","sticky":false,"template":"","format":"standard","meta":{"_acf_changed":false,"inline_featured_image":false,"footnotes":""},"categories":[63],"tags":[],"class_list":["post-14295","post","type-post","status-publish","format-standard","has-post-thumbnail","hentry","category-article"],"acf":[],"yoast_head":"<!-- This site is optimized with the Yoast SEO plugin v27.5 - https:\/\/yoast.com\/product\/yoast-seo-wordpress\/ -->\n<title>Autumn leaves - Professor Vitor Machado Gil | Centro Acad\u00e9mico Cl\u00ednico Cat\u00f3lica Luz (CAC-CL)<\/title>\n<meta name=\"robots\" content=\"index, follow, max-snippet:-1, max-image-preview:large, max-video-preview:-1\" \/>\n<link rel=\"canonical\" href=\"https:\/\/cac-cl.pt\/pt\/autumn-leaves-professor-vitor-machado-gil\/\" \/>\n<meta property=\"og:locale\" content=\"pt_PT\" \/>\n<meta property=\"og:type\" content=\"article\" \/>\n<meta property=\"og:title\" content=\"Autumn leaves - Professor Vitor Machado Gil | Centro Acad\u00e9mico Cl\u00ednico Cat\u00f3lica Luz (CAC-CL)\" \/>\n<meta property=\"og:description\" content=\"Even accepting the irreversibility of nature, it is possible to strive for healthier aging. But there is still a long way to go; in many areas, almost everything remains to be done. Autumn is considered the season of nostalgia: it evokes more twilight than sunrise, the red light of the west prevails over the blue [&hellip;]\" \/>\n<meta property=\"og:url\" content=\"https:\/\/cac-cl.pt\/pt\/autumn-leaves-professor-vitor-machado-gil\/\" \/>\n<meta property=\"og:site_name\" content=\"Centro Acad\u00e9mico Cl\u00ednico Cat\u00f3lica Luz (CAC-CL)\" \/>\n<meta property=\"article:published_time\" content=\"2025-12-15T14:00:46+00:00\" \/>\n<meta property=\"og:image\" content=\"https:\/\/cac-cl.pt\/wp-content\/uploads\/2025\/12\/image-45-2.jpg\" \/>\n\t<meta property=\"og:image:width\" content=\"763\" \/>\n\t<meta property=\"og:image:height\" content=\"430\" \/>\n\t<meta property=\"og:image:type\" content=\"image\/jpeg\" \/>\n<meta name=\"author\" content=\"cacclpt\" \/>\n<meta name=\"twitter:card\" content=\"summary_large_image\" \/>\n<meta name=\"twitter:label1\" content=\"Escrito por\" \/>\n\t<meta name=\"twitter:data1\" content=\"cacclpt\" \/>\n\t<meta name=\"twitter:label2\" content=\"Tempo estimado de leitura\" \/>\n\t<meta name=\"twitter:data2\" content=\"2 minutos\" \/>\n<script type=\"application\/ld+json\" class=\"yoast-schema-graph\">{\"@context\":\"https:\\\/\\\/schema.org\",\"@graph\":[{\"@type\":\"Article\",\"@id\":\"https:\\\/\\\/cac-cl.pt\\\/autumn-leaves-professor-vitor-machado-gil\\\/#article\",\"isPartOf\":{\"@id\":\"https:\\\/\\\/cac-cl.pt\\\/autumn-leaves-professor-vitor-machado-gil\\\/\"},\"author\":{\"name\":\"cacclpt\",\"@id\":\"https:\\\/\\\/cac-cl.pt\\\/#\\\/schema\\\/person\\\/c09c41364ed1103a75086a2c00052975\"},\"headline\":\"Autumn leaves &#8211; Professor Vitor Machado Gil\",\"datePublished\":\"2025-12-15T14:00:46+00:00\",\"mainEntityOfPage\":{\"@id\":\"https:\\\/\\\/cac-cl.pt\\\/autumn-leaves-professor-vitor-machado-gil\\\/\"},\"wordCount\":176,\"commentCount\":0,\"publisher\":{\"@id\":\"https:\\\/\\\/cac-cl.pt\\\/#organization\"},\"image\":{\"@id\":\"https:\\\/\\\/cac-cl.pt\\\/autumn-leaves-professor-vitor-machado-gil\\\/#primaryimage\"},\"thumbnailUrl\":\"https:\\\/\\\/cac-cl.pt\\\/wp-content\\\/uploads\\\/2025\\\/12\\\/image-45-2.jpg\",\"articleSection\":[\"Article\"],\"inLanguage\":\"pt-PT\",\"potentialAction\":[{\"@type\":\"CommentAction\",\"name\":\"Comment\",\"target\":[\"https:\\\/\\\/cac-cl.pt\\\/autumn-leaves-professor-vitor-machado-gil\\\/#respond\"]}]},{\"@type\":\"WebPage\",\"@id\":\"https:\\\/\\\/cac-cl.pt\\\/autumn-leaves-professor-vitor-machado-gil\\\/\",\"url\":\"https:\\\/\\\/cac-cl.pt\\\/autumn-leaves-professor-vitor-machado-gil\\\/\",\"name\":\"Autumn leaves - Professor Vitor Machado Gil | Centro Acad\u00e9mico Cl\u00ednico Cat\u00f3lica Luz (CAC-CL)\",\"isPartOf\":{\"@id\":\"https:\\\/\\\/cac-cl.pt\\\/#website\"},\"primaryImageOfPage\":{\"@id\":\"https:\\\/\\\/cac-cl.pt\\\/autumn-leaves-professor-vitor-machado-gil\\\/#primaryimage\"},\"image\":{\"@id\":\"https:\\\/\\\/cac-cl.pt\\\/autumn-leaves-professor-vitor-machado-gil\\\/#primaryimage\"},\"thumbnailUrl\":\"https:\\\/\\\/cac-cl.pt\\\/wp-content\\\/uploads\\\/2025\\\/12\\\/image-45-2.jpg\",\"datePublished\":\"2025-12-15T14:00:46+00:00\",\"breadcrumb\":{\"@id\":\"https:\\\/\\\/cac-cl.pt\\\/autumn-leaves-professor-vitor-machado-gil\\\/#breadcrumb\"},\"inLanguage\":\"pt-PT\",\"potentialAction\":[{\"@type\":\"ReadAction\",\"target\":[\"https:\\\/\\\/cac-cl.pt\\\/autumn-leaves-professor-vitor-machado-gil\\\/\"]}]},{\"@type\":\"ImageObject\",\"inLanguage\":\"pt-PT\",\"@id\":\"https:\\\/\\\/cac-cl.pt\\\/autumn-leaves-professor-vitor-machado-gil\\\/#primaryimage\",\"url\":\"https:\\\/\\\/cac-cl.pt\\\/wp-content\\\/uploads\\\/2025\\\/12\\\/image-45-2.jpg\",\"contentUrl\":\"https:\\\/\\\/cac-cl.pt\\\/wp-content\\\/uploads\\\/2025\\\/12\\\/image-45-2.jpg\",\"width\":763,\"height\":430},{\"@type\":\"BreadcrumbList\",\"@id\":\"https:\\\/\\\/cac-cl.pt\\\/autumn-leaves-professor-vitor-machado-gil\\\/#breadcrumb\",\"itemListElement\":[{\"@type\":\"ListItem\",\"position\":1,\"name\":\"In\u00edcio\",\"item\":\"https:\\\/\\\/cac-cl.pt\\\/\"},{\"@type\":\"ListItem\",\"position\":2,\"name\":\"Autumn leaves &#8211; Professor Vitor Machado Gil\"}]},{\"@type\":\"WebSite\",\"@id\":\"https:\\\/\\\/cac-cl.pt\\\/#website\",\"url\":\"https:\\\/\\\/cac-cl.pt\\\/\",\"name\":\"Centro Acad\u00e9mico Cl\u00ednico Cat\u00f3lica Luz (CAC-CL)\",\"description\":\"Centro Acad\u00e9mico Cl\u00ednico Cat\u00f3lica Luz\",\"publisher\":{\"@id\":\"https:\\\/\\\/cac-cl.pt\\\/#organization\"},\"alternateName\":\"CAC-CL\",\"potentialAction\":[{\"@type\":\"SearchAction\",\"target\":{\"@type\":\"EntryPoint\",\"urlTemplate\":\"https:\\\/\\\/cac-cl.pt\\\/?s={search_term_string}\"},\"query-input\":{\"@type\":\"PropertyValueSpecification\",\"valueRequired\":true,\"valueName\":\"search_term_string\"}}],\"inLanguage\":\"pt-PT\"},{\"@type\":\"Organization\",\"@id\":\"https:\\\/\\\/cac-cl.pt\\\/#organization\",\"name\":\"Centro Acad\u00e9mico Cl\u00ednico Cat\u00f3lica Luz (CAC-CL)\",\"alternateName\":\"CAC-CL\",\"url\":\"https:\\\/\\\/cac-cl.pt\\\/\",\"logo\":{\"@type\":\"ImageObject\",\"inLanguage\":\"pt-PT\",\"@id\":\"https:\\\/\\\/cac-cl.pt\\\/#\\\/schema\\\/logo\\\/image\\\/\",\"url\":\"https:\\\/\\\/cac-cl.pt\\\/wp-content\\\/uploads\\\/2024\\\/04\\\/cropped-CAC_Logotipo_Principal_Positivo-e1712844263631.png\",\"contentUrl\":\"https:\\\/\\\/cac-cl.pt\\\/wp-content\\\/uploads\\\/2024\\\/04\\\/cropped-CAC_Logotipo_Principal_Positivo-e1712844263631.png\",\"width\":2249,\"height\":1409,\"caption\":\"Centro Acad\u00e9mico Cl\u00ednico Cat\u00f3lica Luz (CAC-CL)\"},\"image\":{\"@id\":\"https:\\\/\\\/cac-cl.pt\\\/#\\\/schema\\\/logo\\\/image\\\/\"},\"sameAs\":[\"https:\\\/\\\/www.linkedin.com\\\/company\\\/caolica-luz-cac\\\/\",\"https:\\\/\\\/www.instagram.com\\\/caccl.pt\\\/\",\"https:\\\/\\\/pt.pinterest.com\\\/catolicaluz\\\/\"]},{\"@type\":\"Person\",\"@id\":\"https:\\\/\\\/cac-cl.pt\\\/#\\\/schema\\\/person\\\/c09c41364ed1103a75086a2c00052975\",\"name\":\"cacclpt\",\"image\":{\"@type\":\"ImageObject\",\"inLanguage\":\"pt-PT\",\"@id\":\"https:\\\/\\\/secure.gravatar.com\\\/avatar\\\/e62818874125131105711e60ec6e0aabbb8b357c5c5100eca07aa1e9a256d55d?s=96&d=mm&r=g\",\"url\":\"https:\\\/\\\/secure.gravatar.com\\\/avatar\\\/e62818874125131105711e60ec6e0aabbb8b357c5c5100eca07aa1e9a256d55d?s=96&d=mm&r=g\",\"contentUrl\":\"https:\\\/\\\/secure.gravatar.com\\\/avatar\\\/e62818874125131105711e60ec6e0aabbb8b357c5c5100eca07aa1e9a256d55d?s=96&d=mm&r=g\",\"caption\":\"cacclpt\"},\"sameAs\":[\"https:\\\/\\\/cac-cl.pt\"],\"url\":\"https:\\\/\\\/cac-cl.pt\\\/pt\\\/author\\\/cacclpt1\\\/\"}]}<\/script>\n<!-- \/ Yoast SEO plugin. -->","yoast_head_json":{"title":"Autumn leaves - Professor Vitor Machado Gil | Centro Acad\u00e9mico Cl\u00ednico Cat\u00f3lica Luz (CAC-CL)","robots":{"index":"index","follow":"follow","max-snippet":"max-snippet:-1","max-image-preview":"max-image-preview:large","max-video-preview":"max-video-preview:-1"},"canonical":"https:\/\/cac-cl.pt\/pt\/autumn-leaves-professor-vitor-machado-gil\/","og_locale":"pt_PT","og_type":"article","og_title":"Autumn leaves - Professor Vitor Machado Gil | Centro Acad\u00e9mico Cl\u00ednico Cat\u00f3lica Luz (CAC-CL)","og_description":"Even accepting the irreversibility of nature, it is possible to strive for healthier aging. But there is still a long way to go; in many areas, almost everything remains to be done. Autumn is considered the season of nostalgia: it evokes more twilight than sunrise, the red light of the west prevails over the blue [&hellip;]","og_url":"https:\/\/cac-cl.pt\/pt\/autumn-leaves-professor-vitor-machado-gil\/","og_site_name":"Centro Acad\u00e9mico Cl\u00ednico Cat\u00f3lica Luz (CAC-CL)","article_published_time":"2025-12-15T14:00:46+00:00","og_image":[{"width":763,"height":430,"url":"https:\/\/cac-cl.pt\/wp-content\/uploads\/2025\/12\/image-45-2.jpg","type":"image\/jpeg"}],"author":"cacclpt","twitter_card":"summary_large_image","twitter_misc":{"Escrito por":"cacclpt","Tempo estimado de leitura":"2 minutos"},"schema":{"@context":"https:\/\/schema.org","@graph":[{"@type":"Article","@id":"https:\/\/cac-cl.pt\/autumn-leaves-professor-vitor-machado-gil\/#article","isPartOf":{"@id":"https:\/\/cac-cl.pt\/autumn-leaves-professor-vitor-machado-gil\/"},"author":{"name":"cacclpt","@id":"https:\/\/cac-cl.pt\/#\/schema\/person\/c09c41364ed1103a75086a2c00052975"},"headline":"Autumn leaves &#8211; Professor Vitor Machado Gil","datePublished":"2025-12-15T14:00:46+00:00","mainEntityOfPage":{"@id":"https:\/\/cac-cl.pt\/autumn-leaves-professor-vitor-machado-gil\/"},"wordCount":176,"commentCount":0,"publisher":{"@id":"https:\/\/cac-cl.pt\/#organization"},"image":{"@id":"https:\/\/cac-cl.pt\/autumn-leaves-professor-vitor-machado-gil\/#primaryimage"},"thumbnailUrl":"https:\/\/cac-cl.pt\/wp-content\/uploads\/2025\/12\/image-45-2.jpg","articleSection":["Article"],"inLanguage":"pt-PT","potentialAction":[{"@type":"CommentAction","name":"Comment","target":["https:\/\/cac-cl.pt\/autumn-leaves-professor-vitor-machado-gil\/#respond"]}]},{"@type":"WebPage","@id":"https:\/\/cac-cl.pt\/autumn-leaves-professor-vitor-machado-gil\/","url":"https:\/\/cac-cl.pt\/autumn-leaves-professor-vitor-machado-gil\/","name":"Autumn leaves - Professor Vitor Machado Gil | Centro Acad\u00e9mico Cl\u00ednico Cat\u00f3lica Luz (CAC-CL)","isPartOf":{"@id":"https:\/\/cac-cl.pt\/#website"},"primaryImageOfPage":{"@id":"https:\/\/cac-cl.pt\/autumn-leaves-professor-vitor-machado-gil\/#primaryimage"},"image":{"@id":"https:\/\/cac-cl.pt\/autumn-leaves-professor-vitor-machado-gil\/#primaryimage"},"thumbnailUrl":"https:\/\/cac-cl.pt\/wp-content\/uploads\/2025\/12\/image-45-2.jpg","datePublished":"2025-12-15T14:00:46+00:00","breadcrumb":{"@id":"https:\/\/cac-cl.pt\/autumn-leaves-professor-vitor-machado-gil\/#breadcrumb"},"inLanguage":"pt-PT","potentialAction":[{"@type":"ReadAction","target":["https:\/\/cac-cl.pt\/autumn-leaves-professor-vitor-machado-gil\/"]}]},{"@type":"ImageObject","inLanguage":"pt-PT","@id":"https:\/\/cac-cl.pt\/autumn-leaves-professor-vitor-machado-gil\/#primaryimage","url":"https:\/\/cac-cl.pt\/wp-content\/uploads\/2025\/12\/image-45-2.jpg","contentUrl":"https:\/\/cac-cl.pt\/wp-content\/uploads\/2025\/12\/image-45-2.jpg","width":763,"height":430},{"@type":"BreadcrumbList","@id":"https:\/\/cac-cl.pt\/autumn-leaves-professor-vitor-machado-gil\/#breadcrumb","itemListElement":[{"@type":"ListItem","position":1,"name":"In\u00edcio","item":"https:\/\/cac-cl.pt\/"},{"@type":"ListItem","position":2,"name":"Autumn leaves &#8211; Professor Vitor Machado Gil"}]},{"@type":"WebSite","@id":"https:\/\/cac-cl.pt\/#website","url":"https:\/\/cac-cl.pt\/","name":"Centro Acad\u00e9mico Cl\u00ednico Cat\u00f3lica Luz (CAC-CL)","description":"Centro Acad\u00e9mico Cl\u00ednico Cat\u00f3lica Luz","publisher":{"@id":"https:\/\/cac-cl.pt\/#organization"},"alternateName":"CAC-CL","potentialAction":[{"@type":"SearchAction","target":{"@type":"EntryPoint","urlTemplate":"https:\/\/cac-cl.pt\/?s={search_term_string}"},"query-input":{"@type":"PropertyValueSpecification","valueRequired":true,"valueName":"search_term_string"}}],"inLanguage":"pt-PT"},{"@type":"Organization","@id":"https:\/\/cac-cl.pt\/#organization","name":"Centro Acad\u00e9mico Cl\u00ednico Cat\u00f3lica Luz (CAC-CL)","alternateName":"CAC-CL","url":"https:\/\/cac-cl.pt\/","logo":{"@type":"ImageObject","inLanguage":"pt-PT","@id":"https:\/\/cac-cl.pt\/#\/schema\/logo\/image\/","url":"https:\/\/cac-cl.pt\/wp-content\/uploads\/2024\/04\/cropped-CAC_Logotipo_Principal_Positivo-e1712844263631.png","contentUrl":"https:\/\/cac-cl.pt\/wp-content\/uploads\/2024\/04\/cropped-CAC_Logotipo_Principal_Positivo-e1712844263631.png","width":2249,"height":1409,"caption":"Centro Acad\u00e9mico Cl\u00ednico Cat\u00f3lica Luz (CAC-CL)"},"image":{"@id":"https:\/\/cac-cl.pt\/#\/schema\/logo\/image\/"},"sameAs":["https:\/\/www.linkedin.com\/company\/caolica-luz-cac\/","https:\/\/www.instagram.com\/caccl.pt\/","https:\/\/pt.pinterest.com\/catolicaluz\/"]},{"@type":"Person","@id":"https:\/\/cac-cl.pt\/#\/schema\/person\/c09c41364ed1103a75086a2c00052975","name":"cacclpt","image":{"@type":"ImageObject","inLanguage":"pt-PT","@id":"https:\/\/secure.gravatar.com\/avatar\/e62818874125131105711e60ec6e0aabbb8b357c5c5100eca07aa1e9a256d55d?s=96&d=mm&r=g","url":"https:\/\/secure.gravatar.com\/avatar\/e62818874125131105711e60ec6e0aabbb8b357c5c5100eca07aa1e9a256d55d?s=96&d=mm&r=g","contentUrl":"https:\/\/secure.gravatar.com\/avatar\/e62818874125131105711e60ec6e0aabbb8b357c5c5100eca07aa1e9a256d55d?s=96&d=mm&r=g","caption":"cacclpt"},"sameAs":["https:\/\/cac-cl.pt"],"url":"https:\/\/cac-cl.pt\/pt\/author\/cacclpt1\/"}]}},"_links":{"self":[{"href":"https:\/\/cac-cl.pt\/pt\/wp-json\/wp\/v2\/posts\/14295","targetHints":{"allow":["GET"]}}],"collection":[{"href":"https:\/\/cac-cl.pt\/pt\/wp-json\/wp\/v2\/posts"}],"about":[{"href":"https:\/\/cac-cl.pt\/pt\/wp-json\/wp\/v2\/types\/post"}],"author":[{"embeddable":true,"href":"https:\/\/cac-cl.pt\/pt\/wp-json\/wp\/v2\/users\/1"}],"replies":[{"embeddable":true,"href":"https:\/\/cac-cl.pt\/pt\/wp-json\/wp\/v2\/comments?post=14295"}],"version-history":[{"count":1,"href":"https:\/\/cac-cl.pt\/pt\/wp-json\/wp\/v2\/posts\/14295\/revisions"}],"predecessor-version":[{"id":14297,"href":"https:\/\/cac-cl.pt\/pt\/wp-json\/wp\/v2\/posts\/14295\/revisions\/14297"}],"wp:featuredmedia":[{"embeddable":true,"href":"https:\/\/cac-cl.pt\/pt\/wp-json\/wp\/v2\/media\/14296"}],"wp:attachment":[{"href":"https:\/\/cac-cl.pt\/pt\/wp-json\/wp\/v2\/media?parent=14295"}],"wp:term":[{"taxonomy":"category","embeddable":true,"href":"https:\/\/cac-cl.pt\/pt\/wp-json\/wp\/v2\/categories?post=14295"},{"taxonomy":"post_tag","embeddable":true,"href":"https:\/\/cac-cl.pt\/pt\/wp-json\/wp\/v2\/tags?post=14295"}],"curies":[{"name":"wp","href":"https:\/\/api.w.org\/{rel}","templated":true}]}}