{"id":14299,"date":"2025-12-17T09:38:58","date_gmt":"2025-12-17T09:38:58","guid":{"rendered":"https:\/\/cac-cl.pt\/?p=14299"},"modified":"2025-12-17T09:38:59","modified_gmt":"2025-12-17T09:38:59","slug":"catolica-taught-me-life-lessons-reveals-mahdiya-erfani-an-afghan-refugee-living-in-lisbon","status":"publish","type":"post","link":"https:\/\/cac-cl.pt\/pt\/catolica-taught-me-life-lessons-reveals-mahdiya-erfani-an-afghan-refugee-living-in-lisbon\/","title":{"rendered":"\u201cCat\u00f3lica taught me life lessons,\u201d reveals Mahdiya Erfani, an Afghan refugee living in Lisbon"},"content":{"rendered":"<p>Mahdiya Erfani was born in Afeghanistan, but today she says that her &#8220;home&#8221; is Lisbon, the city that gave her \u2018safety in a way she had never experienced before.&#8221;<\/p>\n\n\n\n<p>She arrived in Portugal in November 2021, &#8220;not only as a young woman in pursue of a career but a as a person in pursue of a safe and happy life&#8221;&nbsp;believing that &#8220;many opportunities&#8221; awaited her.<\/p>\n\n\n\n<p><em>&#8220;The life of a refugee begins in uncertainty,&#8221;<\/em> but <em>&#8220;but Portugal welcomed us with generosity<\/em>,&#8221; Mahdiya recalls. With a degree in Political Science and Public Administration from the American University of Afeghanistan, the Afghan felt, however, that she had another calling: medicine. She followed it, enrolling at the Kabul Medical University where she studied until August 2021.<\/p>\n\n\n\n<p><em>&#8220;When the Taliban took over, my education \u2014 like the future of countless Afghan women \u2014 was abruptly interrupted,&#8221;<\/em> says Mahdiya, who nevertheless did not give up.<\/p>\n\n\n\n<p>After the evacuation and during the integration process, she learned about the\u00a0<a href=\"https:\/\/fm.ucp.pt\/integrated-master-medicine\/integrated-master-medicine\">integrated master&#8217;s degree in medicine in English at Cat\u00f3lica Medical School<\/a>, to which she applied and was admitted, obtaining one of the university&#8217;s scholarships dedicated to refugees. &#8220;<em>The scholarship, in particular, was a turning point. It allowed me to restart my medical education without the weight of overwhelming financial constraints.&#8221;<\/em>\u00a0the student emphasises.<\/p>\n\n\n\n<p>Regarding her career path and university, she\u00a0highlights the innovative teaching methods, the experience of the lecturers and\u00a0<a href=\"https:\/\/fm.ucp.pt\/integrated-master-medicine\/teaching-methods\" target=\"_blank\" rel=\"noreferrer noopener\">the problem-based learning system, which &#8220;has been transformative&#8221;<\/a>.\u00a0<em>&#8220;It is dynamic, intellectually stimulating, and closely mirrors real-world medical practice. For me, medicine is more than a profession; it is a bridge between science and humanity,&#8221;<\/em> reveals Mahdiya, who also wants to be involved in research, innovation, and global health policies.<\/p>\n\n\n\n<p><em>&#8220;Cat\u00f3lica taught me life lessons,<\/em>&#8221; sums up the future doctor, pointing out that, academically, it broadened her &#8220;<em>ability to think critically, apply knowledge, and navigate complex cases&#8221;\u00a0<\/em>and, personally, developed her <em>&#8220;resilience, adaptability, and a deeper understanding of cultural diversity and its value<\/em>&#8220;.<\/p>\n\n\n\n<p>During the course, she has found the tools to deal with complexity, but also to act with precision and empathy. There have also been many memorable moments, such as anatomy classes, the first time she had a fluent medical conversation in Portuguese with a patient, lab work, and Christmas and New Year celebrations, where teachers and students celebrate the season with humorous songs about medical life in a <em>&#8220;raw, kind, and full of joy&#8221;.<\/em><\/p>\n\n\n\n<p>&#8220;<em>Cat\u00f3lica has also become a platform for me to advocate for the rights of Afghan women, which have been eliminated under an extremist regime, and to promote the voices of vulnerable groups,<\/em>&#8221; Mahdiya adds.<\/p>\n\n\n\n<p>Enchanted by Portugal&#8217;s nature, the Atlantic Ocean and beaches, and knowledgeable about Portuguese cuisine, Lisbon&#8217;s most secret corners and the language,\u00a0Mahdiya says she has a <em>&#8220;sense of belonging&#8221; and the ambition to &#8220;become a force for good&#8221;.<\/em><\/p>\n\n\n\n<p><em>&#8220;I want to reach a stage where I can give back \u2014 to Portuguese society, to my university, and to everyone who stood by me during the complex journey and those who did not summarize me to just a medical student and a refugee status holder,&#8221;\u00a0she sums up, adding that her dream is &#8220;to serve humanity through scientific innovation\u2014 to create solutions that genuinely improve lives. I also want to be a reliable resource for those in need, especially the women of Afeghanistan.&#8221;<\/em><\/p>","protected":false},"excerpt":{"rendered":"<p>Mahdiya Erfani was born in Afeghanistan, but today she says that her &#8220;home&#8221; is Lisbon, the city that gave her \u2018safety in a way she had never experienced before.&#8221; She arrived in Portugal in November 2021, &#8220;not only as a young woman in pursue of a career but a as a person in pursue of [&hellip;]<\/p>\n","protected":false},"author":1,"featured_media":14300,"comment_status":"open","ping_status":"open","sticky":false,"template":"","format":"standard","meta":{"_acf_changed":false,"inline_featured_image":false,"footnotes":""},"categories":[134],"tags":[],"class_list":["post-14299","post","type-post","status-publish","format-standard","has-post-thumbnail","hentry","category-news"],"acf":[],"yoast_head":"<!-- This site is optimized with the Yoast SEO plugin v27.5 - https:\/\/yoast.com\/product\/yoast-seo-wordpress\/ -->\n<title>\u201cCat\u00f3lica taught me life lessons,\u201d reveals Mahdiya Erfani, an Afghan refugee living in Lisbon | Centro Acad\u00e9mico Cl\u00ednico Cat\u00f3lica Luz (CAC-CL)<\/title>\n<meta name=\"robots\" content=\"index, follow, max-snippet:-1, max-image-preview:large, max-video-preview:-1\" \/>\n<link rel=\"canonical\" href=\"https:\/\/cac-cl.pt\/pt\/catolica-taught-me-life-lessons-reveals-mahdiya-erfani-an-afghan-refugee-living-in-lisbon\/\" \/>\n<meta property=\"og:locale\" content=\"pt_PT\" \/>\n<meta property=\"og:type\" content=\"article\" \/>\n<meta property=\"og:title\" content=\"\u201cCat\u00f3lica taught me life lessons,\u201d reveals Mahdiya Erfani, an Afghan refugee living in Lisbon | Centro Acad\u00e9mico Cl\u00ednico Cat\u00f3lica Luz (CAC-CL)\" \/>\n<meta property=\"og:description\" content=\"Mahdiya Erfani was born in Afeghanistan, but today she says that her &#8220;home&#8221; is Lisbon, the city that gave her \u2018safety in a way she had never experienced before.&#8221; She arrived in Portugal in November 2021, &#8220;not only as a young woman in pursue of a career but a as a person in pursue of [&hellip;]\" \/>\n<meta property=\"og:url\" content=\"https:\/\/cac-cl.pt\/pt\/catolica-taught-me-life-lessons-reveals-mahdiya-erfani-an-afghan-refugee-living-in-lisbon\/\" \/>\n<meta property=\"og:site_name\" content=\"Centro Acad\u00e9mico Cl\u00ednico Cat\u00f3lica Luz (CAC-CL)\" \/>\n<meta property=\"article:published_time\" content=\"2025-12-17T09:38:58+00:00\" \/>\n<meta property=\"article:modified_time\" content=\"2025-12-17T09:38:59+00:00\" \/>\n<meta property=\"og:image\" content=\"https:\/\/cac-cl.pt\/wp-content\/uploads\/2025\/12\/img-6230_1.png\" \/>\n\t<meta property=\"og:image:width\" content=\"763\" \/>\n\t<meta property=\"og:image:height\" content=\"511\" \/>\n\t<meta property=\"og:image:type\" content=\"image\/png\" \/>\n<meta name=\"author\" content=\"cacclpt\" \/>\n<meta name=\"twitter:card\" content=\"summary_large_image\" \/>\n<meta name=\"twitter:label1\" content=\"Escrito por\" \/>\n\t<meta name=\"twitter:data1\" content=\"cacclpt\" \/>\n\t<meta name=\"twitter:label2\" content=\"Tempo estimado de leitura\" \/>\n\t<meta name=\"twitter:data2\" content=\"4 minutos\" \/>\n<script type=\"application\/ld+json\" class=\"yoast-schema-graph\">{\"@context\":\"https:\\\/\\\/schema.org\",\"@graph\":[{\"@type\":\"Article\",\"@id\":\"https:\\\/\\\/cac-cl.pt\\\/catolica-taught-me-life-lessons-reveals-mahdiya-erfani-an-afghan-refugee-living-in-lisbon\\\/#article\",\"isPartOf\":{\"@id\":\"https:\\\/\\\/cac-cl.pt\\\/catolica-taught-me-life-lessons-reveals-mahdiya-erfani-an-afghan-refugee-living-in-lisbon\\\/\"},\"author\":{\"name\":\"cacclpt\",\"@id\":\"https:\\\/\\\/cac-cl.pt\\\/#\\\/schema\\\/person\\\/c09c41364ed1103a75086a2c00052975\"},\"headline\":\"\u201cCat\u00f3lica taught me life lessons,\u201d reveals Mahdiya Erfani, an Afghan refugee living in Lisbon\",\"datePublished\":\"2025-12-17T09:38:58+00:00\",\"dateModified\":\"2025-12-17T09:38:59+00:00\",\"mainEntityOfPage\":{\"@id\":\"https:\\\/\\\/cac-cl.pt\\\/catolica-taught-me-life-lessons-reveals-mahdiya-erfani-an-afghan-refugee-living-in-lisbon\\\/\"},\"wordCount\":574,\"commentCount\":0,\"publisher\":{\"@id\":\"https:\\\/\\\/cac-cl.pt\\\/#organization\"},\"image\":{\"@id\":\"https:\\\/\\\/cac-cl.pt\\\/catolica-taught-me-life-lessons-reveals-mahdiya-erfani-an-afghan-refugee-living-in-lisbon\\\/#primaryimage\"},\"thumbnailUrl\":\"https:\\\/\\\/cac-cl.pt\\\/wp-content\\\/uploads\\\/2025\\\/12\\\/img-6230_1.png\",\"articleSection\":[\"News\"],\"inLanguage\":\"pt-PT\",\"potentialAction\":[{\"@type\":\"CommentAction\",\"name\":\"Comment\",\"target\":[\"https:\\\/\\\/cac-cl.pt\\\/catolica-taught-me-life-lessons-reveals-mahdiya-erfani-an-afghan-refugee-living-in-lisbon\\\/#respond\"]}]},{\"@type\":\"WebPage\",\"@id\":\"https:\\\/\\\/cac-cl.pt\\\/catolica-taught-me-life-lessons-reveals-mahdiya-erfani-an-afghan-refugee-living-in-lisbon\\\/\",\"url\":\"https:\\\/\\\/cac-cl.pt\\\/catolica-taught-me-life-lessons-reveals-mahdiya-erfani-an-afghan-refugee-living-in-lisbon\\\/\",\"name\":\"\u201cCat\u00f3lica taught me life lessons,\u201d reveals Mahdiya Erfani, an Afghan refugee living in Lisbon | Centro Acad\u00e9mico Cl\u00ednico Cat\u00f3lica Luz (CAC-CL)\",\"isPartOf\":{\"@id\":\"https:\\\/\\\/cac-cl.pt\\\/#website\"},\"primaryImageOfPage\":{\"@id\":\"https:\\\/\\\/cac-cl.pt\\\/catolica-taught-me-life-lessons-reveals-mahdiya-erfani-an-afghan-refugee-living-in-lisbon\\\/#primaryimage\"},\"image\":{\"@id\":\"https:\\\/\\\/cac-cl.pt\\\/catolica-taught-me-life-lessons-reveals-mahdiya-erfani-an-afghan-refugee-living-in-lisbon\\\/#primaryimage\"},\"thumbnailUrl\":\"https:\\\/\\\/cac-cl.pt\\\/wp-content\\\/uploads\\\/2025\\\/12\\\/img-6230_1.png\",\"datePublished\":\"2025-12-17T09:38:58+00:00\",\"dateModified\":\"2025-12-17T09:38:59+00:00\",\"breadcrumb\":{\"@id\":\"https:\\\/\\\/cac-cl.pt\\\/catolica-taught-me-life-lessons-reveals-mahdiya-erfani-an-afghan-refugee-living-in-lisbon\\\/#breadcrumb\"},\"inLanguage\":\"pt-PT\",\"potentialAction\":[{\"@type\":\"ReadAction\",\"target\":[\"https:\\\/\\\/cac-cl.pt\\\/catolica-taught-me-life-lessons-reveals-mahdiya-erfani-an-afghan-refugee-living-in-lisbon\\\/\"]}]},{\"@type\":\"ImageObject\",\"inLanguage\":\"pt-PT\",\"@id\":\"https:\\\/\\\/cac-cl.pt\\\/catolica-taught-me-life-lessons-reveals-mahdiya-erfani-an-afghan-refugee-living-in-lisbon\\\/#primaryimage\",\"url\":\"https:\\\/\\\/cac-cl.pt\\\/wp-content\\\/uploads\\\/2025\\\/12\\\/img-6230_1.png\",\"contentUrl\":\"https:\\\/\\\/cac-cl.pt\\\/wp-content\\\/uploads\\\/2025\\\/12\\\/img-6230_1.png\",\"width\":763,\"height\":511},{\"@type\":\"BreadcrumbList\",\"@id\":\"https:\\\/\\\/cac-cl.pt\\\/catolica-taught-me-life-lessons-reveals-mahdiya-erfani-an-afghan-refugee-living-in-lisbon\\\/#breadcrumb\",\"itemListElement\":[{\"@type\":\"ListItem\",\"position\":1,\"name\":\"In\u00edcio\",\"item\":\"https:\\\/\\\/cac-cl.pt\\\/\"},{\"@type\":\"ListItem\",\"position\":2,\"name\":\"\u201cCat\u00f3lica taught me life lessons,\u201d reveals Mahdiya Erfani, an Afghan refugee living in Lisbon\"}]},{\"@type\":\"WebSite\",\"@id\":\"https:\\\/\\\/cac-cl.pt\\\/#website\",\"url\":\"https:\\\/\\\/cac-cl.pt\\\/\",\"name\":\"Centro Acad\u00e9mico Cl\u00ednico Cat\u00f3lica Luz (CAC-CL)\",\"description\":\"Centro Acad\u00e9mico Cl\u00ednico Cat\u00f3lica Luz\",\"publisher\":{\"@id\":\"https:\\\/\\\/cac-cl.pt\\\/#organization\"},\"alternateName\":\"CAC-CL\",\"potentialAction\":[{\"@type\":\"SearchAction\",\"target\":{\"@type\":\"EntryPoint\",\"urlTemplate\":\"https:\\\/\\\/cac-cl.pt\\\/?s={search_term_string}\"},\"query-input\":{\"@type\":\"PropertyValueSpecification\",\"valueRequired\":true,\"valueName\":\"search_term_string\"}}],\"inLanguage\":\"pt-PT\"},{\"@type\":\"Organization\",\"@id\":\"https:\\\/\\\/cac-cl.pt\\\/#organization\",\"name\":\"Centro Acad\u00e9mico Cl\u00ednico Cat\u00f3lica Luz (CAC-CL)\",\"alternateName\":\"CAC-CL\",\"url\":\"https:\\\/\\\/cac-cl.pt\\\/\",\"logo\":{\"@type\":\"ImageObject\",\"inLanguage\":\"pt-PT\",\"@id\":\"https:\\\/\\\/cac-cl.pt\\\/#\\\/schema\\\/logo\\\/image\\\/\",\"url\":\"https:\\\/\\\/cac-cl.pt\\\/wp-content\\\/uploads\\\/2024\\\/04\\\/cropped-CAC_Logotipo_Principal_Positivo-e1712844263631.png\",\"contentUrl\":\"https:\\\/\\\/cac-cl.pt\\\/wp-content\\\/uploads\\\/2024\\\/04\\\/cropped-CAC_Logotipo_Principal_Positivo-e1712844263631.png\",\"width\":2249,\"height\":1409,\"caption\":\"Centro Acad\u00e9mico Cl\u00ednico Cat\u00f3lica Luz (CAC-CL)\"},\"image\":{\"@id\":\"https:\\\/\\\/cac-cl.pt\\\/#\\\/schema\\\/logo\\\/image\\\/\"},\"sameAs\":[\"https:\\\/\\\/www.linkedin.com\\\/company\\\/caolica-luz-cac\\\/\",\"https:\\\/\\\/www.instagram.com\\\/caccl.pt\\\/\",\"https:\\\/\\\/pt.pinterest.com\\\/catolicaluz\\\/\"]},{\"@type\":\"Person\",\"@id\":\"https:\\\/\\\/cac-cl.pt\\\/#\\\/schema\\\/person\\\/c09c41364ed1103a75086a2c00052975\",\"name\":\"cacclpt\",\"image\":{\"@type\":\"ImageObject\",\"inLanguage\":\"pt-PT\",\"@id\":\"https:\\\/\\\/secure.gravatar.com\\\/avatar\\\/e62818874125131105711e60ec6e0aabbb8b357c5c5100eca07aa1e9a256d55d?s=96&d=mm&r=g\",\"url\":\"https:\\\/\\\/secure.gravatar.com\\\/avatar\\\/e62818874125131105711e60ec6e0aabbb8b357c5c5100eca07aa1e9a256d55d?s=96&d=mm&r=g\",\"contentUrl\":\"https:\\\/\\\/secure.gravatar.com\\\/avatar\\\/e62818874125131105711e60ec6e0aabbb8b357c5c5100eca07aa1e9a256d55d?s=96&d=mm&r=g\",\"caption\":\"cacclpt\"},\"sameAs\":[\"https:\\\/\\\/cac-cl.pt\"],\"url\":\"https:\\\/\\\/cac-cl.pt\\\/pt\\\/author\\\/cacclpt1\\\/\"}]}<\/script>\n<!-- \/ Yoast SEO plugin. -->","yoast_head_json":{"title":"\u201cCat\u00f3lica taught me life lessons,\u201d reveals Mahdiya Erfani, an Afghan refugee living in Lisbon | Centro Acad\u00e9mico Cl\u00ednico Cat\u00f3lica Luz (CAC-CL)","robots":{"index":"index","follow":"follow","max-snippet":"max-snippet:-1","max-image-preview":"max-image-preview:large","max-video-preview":"max-video-preview:-1"},"canonical":"https:\/\/cac-cl.pt\/pt\/catolica-taught-me-life-lessons-reveals-mahdiya-erfani-an-afghan-refugee-living-in-lisbon\/","og_locale":"pt_PT","og_type":"article","og_title":"\u201cCat\u00f3lica taught me life lessons,\u201d reveals Mahdiya Erfani, an Afghan refugee living in Lisbon | Centro Acad\u00e9mico Cl\u00ednico Cat\u00f3lica Luz (CAC-CL)","og_description":"Mahdiya Erfani was born in Afeghanistan, but today she says that her &#8220;home&#8221; is Lisbon, the city that gave her \u2018safety in a way she had never experienced before.&#8221; She arrived in Portugal in November 2021, &#8220;not only as a young woman in pursue of a career but a as a person in pursue of [&hellip;]","og_url":"https:\/\/cac-cl.pt\/pt\/catolica-taught-me-life-lessons-reveals-mahdiya-erfani-an-afghan-refugee-living-in-lisbon\/","og_site_name":"Centro Acad\u00e9mico Cl\u00ednico Cat\u00f3lica Luz (CAC-CL)","article_published_time":"2025-12-17T09:38:58+00:00","article_modified_time":"2025-12-17T09:38:59+00:00","og_image":[{"width":763,"height":511,"url":"https:\/\/cac-cl.pt\/wp-content\/uploads\/2025\/12\/img-6230_1.png","type":"image\/png"}],"author":"cacclpt","twitter_card":"summary_large_image","twitter_misc":{"Escrito por":"cacclpt","Tempo estimado de leitura":"4 minutos"},"schema":{"@context":"https:\/\/schema.org","@graph":[{"@type":"Article","@id":"https:\/\/cac-cl.pt\/catolica-taught-me-life-lessons-reveals-mahdiya-erfani-an-afghan-refugee-living-in-lisbon\/#article","isPartOf":{"@id":"https:\/\/cac-cl.pt\/catolica-taught-me-life-lessons-reveals-mahdiya-erfani-an-afghan-refugee-living-in-lisbon\/"},"author":{"name":"cacclpt","@id":"https:\/\/cac-cl.pt\/#\/schema\/person\/c09c41364ed1103a75086a2c00052975"},"headline":"\u201cCat\u00f3lica taught me life lessons,\u201d reveals Mahdiya Erfani, an Afghan refugee living in Lisbon","datePublished":"2025-12-17T09:38:58+00:00","dateModified":"2025-12-17T09:38:59+00:00","mainEntityOfPage":{"@id":"https:\/\/cac-cl.pt\/catolica-taught-me-life-lessons-reveals-mahdiya-erfani-an-afghan-refugee-living-in-lisbon\/"},"wordCount":574,"commentCount":0,"publisher":{"@id":"https:\/\/cac-cl.pt\/#organization"},"image":{"@id":"https:\/\/cac-cl.pt\/catolica-taught-me-life-lessons-reveals-mahdiya-erfani-an-afghan-refugee-living-in-lisbon\/#primaryimage"},"thumbnailUrl":"https:\/\/cac-cl.pt\/wp-content\/uploads\/2025\/12\/img-6230_1.png","articleSection":["News"],"inLanguage":"pt-PT","potentialAction":[{"@type":"CommentAction","name":"Comment","target":["https:\/\/cac-cl.pt\/catolica-taught-me-life-lessons-reveals-mahdiya-erfani-an-afghan-refugee-living-in-lisbon\/#respond"]}]},{"@type":"WebPage","@id":"https:\/\/cac-cl.pt\/catolica-taught-me-life-lessons-reveals-mahdiya-erfani-an-afghan-refugee-living-in-lisbon\/","url":"https:\/\/cac-cl.pt\/catolica-taught-me-life-lessons-reveals-mahdiya-erfani-an-afghan-refugee-living-in-lisbon\/","name":"\u201cCat\u00f3lica taught me life lessons,\u201d reveals Mahdiya Erfani, an Afghan refugee living in Lisbon | Centro Acad\u00e9mico Cl\u00ednico Cat\u00f3lica Luz (CAC-CL)","isPartOf":{"@id":"https:\/\/cac-cl.pt\/#website"},"primaryImageOfPage":{"@id":"https:\/\/cac-cl.pt\/catolica-taught-me-life-lessons-reveals-mahdiya-erfani-an-afghan-refugee-living-in-lisbon\/#primaryimage"},"image":{"@id":"https:\/\/cac-cl.pt\/catolica-taught-me-life-lessons-reveals-mahdiya-erfani-an-afghan-refugee-living-in-lisbon\/#primaryimage"},"thumbnailUrl":"https:\/\/cac-cl.pt\/wp-content\/uploads\/2025\/12\/img-6230_1.png","datePublished":"2025-12-17T09:38:58+00:00","dateModified":"2025-12-17T09:38:59+00:00","breadcrumb":{"@id":"https:\/\/cac-cl.pt\/catolica-taught-me-life-lessons-reveals-mahdiya-erfani-an-afghan-refugee-living-in-lisbon\/#breadcrumb"},"inLanguage":"pt-PT","potentialAction":[{"@type":"ReadAction","target":["https:\/\/cac-cl.pt\/catolica-taught-me-life-lessons-reveals-mahdiya-erfani-an-afghan-refugee-living-in-lisbon\/"]}]},{"@type":"ImageObject","inLanguage":"pt-PT","@id":"https:\/\/cac-cl.pt\/catolica-taught-me-life-lessons-reveals-mahdiya-erfani-an-afghan-refugee-living-in-lisbon\/#primaryimage","url":"https:\/\/cac-cl.pt\/wp-content\/uploads\/2025\/12\/img-6230_1.png","contentUrl":"https:\/\/cac-cl.pt\/wp-content\/uploads\/2025\/12\/img-6230_1.png","width":763,"height":511},{"@type":"BreadcrumbList","@id":"https:\/\/cac-cl.pt\/catolica-taught-me-life-lessons-reveals-mahdiya-erfani-an-afghan-refugee-living-in-lisbon\/#breadcrumb","itemListElement":[{"@type":"ListItem","position":1,"name":"In\u00edcio","item":"https:\/\/cac-cl.pt\/"},{"@type":"ListItem","position":2,"name":"\u201cCat\u00f3lica taught me life lessons,\u201d reveals Mahdiya Erfani, an Afghan refugee living in Lisbon"}]},{"@type":"WebSite","@id":"https:\/\/cac-cl.pt\/#website","url":"https:\/\/cac-cl.pt\/","name":"Centro Acad\u00e9mico Cl\u00ednico Cat\u00f3lica Luz (CAC-CL)","description":"Centro Acad\u00e9mico Cl\u00ednico Cat\u00f3lica Luz","publisher":{"@id":"https:\/\/cac-cl.pt\/#organization"},"alternateName":"CAC-CL","potentialAction":[{"@type":"SearchAction","target":{"@type":"EntryPoint","urlTemplate":"https:\/\/cac-cl.pt\/?s={search_term_string}"},"query-input":{"@type":"PropertyValueSpecification","valueRequired":true,"valueName":"search_term_string"}}],"inLanguage":"pt-PT"},{"@type":"Organization","@id":"https:\/\/cac-cl.pt\/#organization","name":"Centro Acad\u00e9mico Cl\u00ednico Cat\u00f3lica Luz (CAC-CL)","alternateName":"CAC-CL","url":"https:\/\/cac-cl.pt\/","logo":{"@type":"ImageObject","inLanguage":"pt-PT","@id":"https:\/\/cac-cl.pt\/#\/schema\/logo\/image\/","url":"https:\/\/cac-cl.pt\/wp-content\/uploads\/2024\/04\/cropped-CAC_Logotipo_Principal_Positivo-e1712844263631.png","contentUrl":"https:\/\/cac-cl.pt\/wp-content\/uploads\/2024\/04\/cropped-CAC_Logotipo_Principal_Positivo-e1712844263631.png","width":2249,"height":1409,"caption":"Centro Acad\u00e9mico Cl\u00ednico Cat\u00f3lica Luz (CAC-CL)"},"image":{"@id":"https:\/\/cac-cl.pt\/#\/schema\/logo\/image\/"},"sameAs":["https:\/\/www.linkedin.com\/company\/caolica-luz-cac\/","https:\/\/www.instagram.com\/caccl.pt\/","https:\/\/pt.pinterest.com\/catolicaluz\/"]},{"@type":"Person","@id":"https:\/\/cac-cl.pt\/#\/schema\/person\/c09c41364ed1103a75086a2c00052975","name":"cacclpt","image":{"@type":"ImageObject","inLanguage":"pt-PT","@id":"https:\/\/secure.gravatar.com\/avatar\/e62818874125131105711e60ec6e0aabbb8b357c5c5100eca07aa1e9a256d55d?s=96&d=mm&r=g","url":"https:\/\/secure.gravatar.com\/avatar\/e62818874125131105711e60ec6e0aabbb8b357c5c5100eca07aa1e9a256d55d?s=96&d=mm&r=g","contentUrl":"https:\/\/secure.gravatar.com\/avatar\/e62818874125131105711e60ec6e0aabbb8b357c5c5100eca07aa1e9a256d55d?s=96&d=mm&r=g","caption":"cacclpt"},"sameAs":["https:\/\/cac-cl.pt"],"url":"https:\/\/cac-cl.pt\/pt\/author\/cacclpt1\/"}]}},"_links":{"self":[{"href":"https:\/\/cac-cl.pt\/pt\/wp-json\/wp\/v2\/posts\/14299","targetHints":{"allow":["GET"]}}],"collection":[{"href":"https:\/\/cac-cl.pt\/pt\/wp-json\/wp\/v2\/posts"}],"about":[{"href":"https:\/\/cac-cl.pt\/pt\/wp-json\/wp\/v2\/types\/post"}],"author":[{"embeddable":true,"href":"https:\/\/cac-cl.pt\/pt\/wp-json\/wp\/v2\/users\/1"}],"replies":[{"embeddable":true,"href":"https:\/\/cac-cl.pt\/pt\/wp-json\/wp\/v2\/comments?post=14299"}],"version-history":[{"count":1,"href":"https:\/\/cac-cl.pt\/pt\/wp-json\/wp\/v2\/posts\/14299\/revisions"}],"predecessor-version":[{"id":14301,"href":"https:\/\/cac-cl.pt\/pt\/wp-json\/wp\/v2\/posts\/14299\/revisions\/14301"}],"wp:featuredmedia":[{"embeddable":true,"href":"https:\/\/cac-cl.pt\/pt\/wp-json\/wp\/v2\/media\/14300"}],"wp:attachment":[{"href":"https:\/\/cac-cl.pt\/pt\/wp-json\/wp\/v2\/media?parent=14299"}],"wp:term":[{"taxonomy":"category","embeddable":true,"href":"https:\/\/cac-cl.pt\/pt\/wp-json\/wp\/v2\/categories?post=14299"},{"taxonomy":"post_tag","embeddable":true,"href":"https:\/\/cac-cl.pt\/pt\/wp-json\/wp\/v2\/tags?post=14299"}],"curies":[{"name":"wp","href":"https:\/\/api.w.org\/{rel}","templated":true}]}}