{"id":14302,"date":"2025-12-17T12:36:24","date_gmt":"2025-12-17T12:36:24","guid":{"rendered":"https:\/\/cac-cl.pt\/?p=14302"},"modified":"2025-12-17T12:36:25","modified_gmt":"2025-12-17T12:36:25","slug":"catolica-medical-school-launches-new-advanced-course-in-sleep-pediatric-medicine","status":"publish","type":"post","link":"https:\/\/cac-cl.pt\/pt\/catolica-medical-school-launches-new-advanced-course-in-sleep-pediatric-medicine\/","title":{"rendered":"Cat\u00f3lica Medical School launches new advanced course in Sleep Pediatric Medicine"},"content":{"rendered":"<p><a href=\"https:\/\/fm.ucp.pt\/catolica-medical-school\">Faculdade de Medicina da Universidade Cat\u00f3lica <\/a>will launch the first edition of a pioneering program in Portugal dedicated to the study and clinical practice of sleep in childhood. <\/p>\n\n\n\n<p>The international course starts on January 16th, in a blended learning format, and will be taught in English.<\/p>\n\n\n\n<p>\ud83d\udc49 <strong>Read more about: <\/strong><a href=\"https:\/\/medjournal.pt\/2025\/12\/15\/faculdade-de-medicina-da-catolica-lanca-novo-curso-avancado-em-medicina-do-sono-pediatrico\/\">https:\/\/medjournal.pt\/2025\/12\/15\/faculdade-de-medicina-da-catolica-lanca-novo-curso-avancado-em-medicina-do-sono-pediatrico\/<\/a><\/p>","protected":false},"excerpt":{"rendered":"<p>Cat\u00f3lica Medical School will launch the first edition of a pioneering program in Portugal dedicated to the study and clinical practice of sleep in childhood. The international course starts on January 16th, in a blended learning format, and will be taught in English. \ud83d\udc49 Read more about: https:\/\/medjournal.pt\/2025\/12\/15\/faculdade-de-medicina-da-catolica-lanca-novo-curso-avancado-em-medicina-do-sono-pediatrico\/<\/p>","protected":false},"author":1,"featured_media":14303,"comment_status":"open","ping_status":"open","sticky":false,"template":"","format":"standard","meta":{"_acf_changed":false,"inline_featured_image":false,"footnotes":""},"categories":[134],"tags":[],"class_list":["post-14302","post","type-post","status-publish","format-standard","has-post-thumbnail","hentry","category-news"],"acf":[],"yoast_head":"<!-- This site is optimized with the Yoast SEO plugin v27.5 - https:\/\/yoast.com\/product\/yoast-seo-wordpress\/ -->\n<title>Cat\u00f3lica Medical School launches new advanced course in Sleep Pediatric Medicine | Centro Acad\u00e9mico Cl\u00ednico Cat\u00f3lica Luz (CAC-CL)<\/title>\n<meta name=\"robots\" content=\"index, follow, max-snippet:-1, max-image-preview:large, max-video-preview:-1\" \/>\n<link rel=\"canonical\" href=\"https:\/\/cac-cl.pt\/pt\/catolica-medical-school-launches-new-advanced-course-in-sleep-pediatric-medicine\/\" \/>\n<meta property=\"og:locale\" content=\"pt_PT\" \/>\n<meta property=\"og:type\" content=\"article\" \/>\n<meta property=\"og:title\" content=\"Cat\u00f3lica Medical School launches new advanced course in Sleep Pediatric Medicine | Centro Acad\u00e9mico Cl\u00ednico Cat\u00f3lica Luz (CAC-CL)\" \/>\n<meta property=\"og:description\" content=\"Cat\u00f3lica Medical School will launch the first edition of a pioneering program in Portugal dedicated to the study and clinical practice of sleep in childhood. The international course starts on January 16th, in a blended learning format, and will be taught in English. \ud83d\udc49 Read more about: https:\/\/medjournal.pt\/2025\/12\/15\/faculdade-de-medicina-da-catolica-lanca-novo-curso-avancado-em-medicina-do-sono-pediatrico\/\" \/>\n<meta property=\"og:url\" content=\"https:\/\/cac-cl.pt\/pt\/catolica-medical-school-launches-new-advanced-course-in-sleep-pediatric-medicine\/\" \/>\n<meta property=\"og:site_name\" content=\"Centro Acad\u00e9mico Cl\u00ednico Cat\u00f3lica Luz (CAC-CL)\" \/>\n<meta property=\"article:published_time\" content=\"2025-12-17T12:36:24+00:00\" \/>\n<meta property=\"article:modified_time\" content=\"2025-12-17T12:36:25+00:00\" \/>\n<meta property=\"og:image\" content=\"https:\/\/cac-cl.pt\/wp-content\/uploads\/2025\/12\/sleeping-girl-bed.jpg\" \/>\n\t<meta property=\"og:image:width\" content=\"763\" \/>\n\t<meta property=\"og:image:height\" content=\"430\" \/>\n\t<meta property=\"og:image:type\" content=\"image\/jpeg\" \/>\n<meta name=\"author\" content=\"cacclpt\" \/>\n<meta name=\"twitter:card\" content=\"summary_large_image\" \/>\n<meta name=\"twitter:label1\" content=\"Escrito por\" \/>\n\t<meta name=\"twitter:data1\" content=\"cacclpt\" \/>\n\t<meta name=\"twitter:label2\" content=\"Tempo estimado de leitura\" \/>\n\t<meta name=\"twitter:data2\" content=\"1 minuto\" \/>\n<script type=\"application\/ld+json\" class=\"yoast-schema-graph\">{\"@context\":\"https:\\\/\\\/schema.org\",\"@graph\":[{\"@type\":\"Article\",\"@id\":\"https:\\\/\\\/cac-cl.pt\\\/catolica-medical-school-launches-new-advanced-course-in-sleep-pediatric-medicine\\\/#article\",\"isPartOf\":{\"@id\":\"https:\\\/\\\/cac-cl.pt\\\/catolica-medical-school-launches-new-advanced-course-in-sleep-pediatric-medicine\\\/\"},\"author\":{\"name\":\"cacclpt\",\"@id\":\"https:\\\/\\\/cac-cl.pt\\\/#\\\/schema\\\/person\\\/c09c41364ed1103a75086a2c00052975\"},\"headline\":\"Cat\u00f3lica Medical School launches new advanced course in Sleep Pediatric Medicine\",\"datePublished\":\"2025-12-17T12:36:24+00:00\",\"dateModified\":\"2025-12-17T12:36:25+00:00\",\"mainEntityOfPage\":{\"@id\":\"https:\\\/\\\/cac-cl.pt\\\/catolica-medical-school-launches-new-advanced-course-in-sleep-pediatric-medicine\\\/\"},\"wordCount\":63,\"commentCount\":0,\"publisher\":{\"@id\":\"https:\\\/\\\/cac-cl.pt\\\/#organization\"},\"image\":{\"@id\":\"https:\\\/\\\/cac-cl.pt\\\/catolica-medical-school-launches-new-advanced-course-in-sleep-pediatric-medicine\\\/#primaryimage\"},\"thumbnailUrl\":\"https:\\\/\\\/cac-cl.pt\\\/wp-content\\\/uploads\\\/2025\\\/12\\\/sleeping-girl-bed.jpg\",\"articleSection\":[\"News\"],\"inLanguage\":\"pt-PT\",\"potentialAction\":[{\"@type\":\"CommentAction\",\"name\":\"Comment\",\"target\":[\"https:\\\/\\\/cac-cl.pt\\\/catolica-medical-school-launches-new-advanced-course-in-sleep-pediatric-medicine\\\/#respond\"]}]},{\"@type\":\"WebPage\",\"@id\":\"https:\\\/\\\/cac-cl.pt\\\/catolica-medical-school-launches-new-advanced-course-in-sleep-pediatric-medicine\\\/\",\"url\":\"https:\\\/\\\/cac-cl.pt\\\/catolica-medical-school-launches-new-advanced-course-in-sleep-pediatric-medicine\\\/\",\"name\":\"Cat\u00f3lica Medical School launches new advanced course in Sleep Pediatric Medicine | Centro Acad\u00e9mico Cl\u00ednico Cat\u00f3lica Luz (CAC-CL)\",\"isPartOf\":{\"@id\":\"https:\\\/\\\/cac-cl.pt\\\/#website\"},\"primaryImageOfPage\":{\"@id\":\"https:\\\/\\\/cac-cl.pt\\\/catolica-medical-school-launches-new-advanced-course-in-sleep-pediatric-medicine\\\/#primaryimage\"},\"image\":{\"@id\":\"https:\\\/\\\/cac-cl.pt\\\/catolica-medical-school-launches-new-advanced-course-in-sleep-pediatric-medicine\\\/#primaryimage\"},\"thumbnailUrl\":\"https:\\\/\\\/cac-cl.pt\\\/wp-content\\\/uploads\\\/2025\\\/12\\\/sleeping-girl-bed.jpg\",\"datePublished\":\"2025-12-17T12:36:24+00:00\",\"dateModified\":\"2025-12-17T12:36:25+00:00\",\"breadcrumb\":{\"@id\":\"https:\\\/\\\/cac-cl.pt\\\/catolica-medical-school-launches-new-advanced-course-in-sleep-pediatric-medicine\\\/#breadcrumb\"},\"inLanguage\":\"pt-PT\",\"potentialAction\":[{\"@type\":\"ReadAction\",\"target\":[\"https:\\\/\\\/cac-cl.pt\\\/catolica-medical-school-launches-new-advanced-course-in-sleep-pediatric-medicine\\\/\"]}]},{\"@type\":\"ImageObject\",\"inLanguage\":\"pt-PT\",\"@id\":\"https:\\\/\\\/cac-cl.pt\\\/catolica-medical-school-launches-new-advanced-course-in-sleep-pediatric-medicine\\\/#primaryimage\",\"url\":\"https:\\\/\\\/cac-cl.pt\\\/wp-content\\\/uploads\\\/2025\\\/12\\\/sleeping-girl-bed.jpg\",\"contentUrl\":\"https:\\\/\\\/cac-cl.pt\\\/wp-content\\\/uploads\\\/2025\\\/12\\\/sleeping-girl-bed.jpg\",\"width\":763,\"height\":430},{\"@type\":\"BreadcrumbList\",\"@id\":\"https:\\\/\\\/cac-cl.pt\\\/catolica-medical-school-launches-new-advanced-course-in-sleep-pediatric-medicine\\\/#breadcrumb\",\"itemListElement\":[{\"@type\":\"ListItem\",\"position\":1,\"name\":\"In\u00edcio\",\"item\":\"https:\\\/\\\/cac-cl.pt\\\/\"},{\"@type\":\"ListItem\",\"position\":2,\"name\":\"Cat\u00f3lica Medical School launches new advanced course in Sleep Pediatric Medicine\"}]},{\"@type\":\"WebSite\",\"@id\":\"https:\\\/\\\/cac-cl.pt\\\/#website\",\"url\":\"https:\\\/\\\/cac-cl.pt\\\/\",\"name\":\"Centro Acad\u00e9mico Cl\u00ednico Cat\u00f3lica Luz (CAC-CL)\",\"description\":\"Centro Acad\u00e9mico Cl\u00ednico Cat\u00f3lica Luz\",\"publisher\":{\"@id\":\"https:\\\/\\\/cac-cl.pt\\\/#organization\"},\"alternateName\":\"CAC-CL\",\"potentialAction\":[{\"@type\":\"SearchAction\",\"target\":{\"@type\":\"EntryPoint\",\"urlTemplate\":\"https:\\\/\\\/cac-cl.pt\\\/?s={search_term_string}\"},\"query-input\":{\"@type\":\"PropertyValueSpecification\",\"valueRequired\":true,\"valueName\":\"search_term_string\"}}],\"inLanguage\":\"pt-PT\"},{\"@type\":\"Organization\",\"@id\":\"https:\\\/\\\/cac-cl.pt\\\/#organization\",\"name\":\"Centro Acad\u00e9mico Cl\u00ednico Cat\u00f3lica Luz (CAC-CL)\",\"alternateName\":\"CAC-CL\",\"url\":\"https:\\\/\\\/cac-cl.pt\\\/\",\"logo\":{\"@type\":\"ImageObject\",\"inLanguage\":\"pt-PT\",\"@id\":\"https:\\\/\\\/cac-cl.pt\\\/#\\\/schema\\\/logo\\\/image\\\/\",\"url\":\"https:\\\/\\\/cac-cl.pt\\\/wp-content\\\/uploads\\\/2024\\\/04\\\/cropped-CAC_Logotipo_Principal_Positivo-e1712844263631.png\",\"contentUrl\":\"https:\\\/\\\/cac-cl.pt\\\/wp-content\\\/uploads\\\/2024\\\/04\\\/cropped-CAC_Logotipo_Principal_Positivo-e1712844263631.png\",\"width\":2249,\"height\":1409,\"caption\":\"Centro Acad\u00e9mico Cl\u00ednico Cat\u00f3lica Luz (CAC-CL)\"},\"image\":{\"@id\":\"https:\\\/\\\/cac-cl.pt\\\/#\\\/schema\\\/logo\\\/image\\\/\"},\"sameAs\":[\"https:\\\/\\\/www.linkedin.com\\\/company\\\/caolica-luz-cac\\\/\",\"https:\\\/\\\/www.instagram.com\\\/caccl.pt\\\/\",\"https:\\\/\\\/pt.pinterest.com\\\/catolicaluz\\\/\"]},{\"@type\":\"Person\",\"@id\":\"https:\\\/\\\/cac-cl.pt\\\/#\\\/schema\\\/person\\\/c09c41364ed1103a75086a2c00052975\",\"name\":\"cacclpt\",\"image\":{\"@type\":\"ImageObject\",\"inLanguage\":\"pt-PT\",\"@id\":\"https:\\\/\\\/secure.gravatar.com\\\/avatar\\\/e62818874125131105711e60ec6e0aabbb8b357c5c5100eca07aa1e9a256d55d?s=96&d=mm&r=g\",\"url\":\"https:\\\/\\\/secure.gravatar.com\\\/avatar\\\/e62818874125131105711e60ec6e0aabbb8b357c5c5100eca07aa1e9a256d55d?s=96&d=mm&r=g\",\"contentUrl\":\"https:\\\/\\\/secure.gravatar.com\\\/avatar\\\/e62818874125131105711e60ec6e0aabbb8b357c5c5100eca07aa1e9a256d55d?s=96&d=mm&r=g\",\"caption\":\"cacclpt\"},\"sameAs\":[\"https:\\\/\\\/cac-cl.pt\"],\"url\":\"https:\\\/\\\/cac-cl.pt\\\/pt\\\/author\\\/cacclpt1\\\/\"}]}<\/script>\n<!-- \/ Yoast SEO plugin. -->","yoast_head_json":{"title":"Cat\u00f3lica Medical School launches new advanced course in Sleep Pediatric Medicine | Centro Acad\u00e9mico Cl\u00ednico Cat\u00f3lica Luz (CAC-CL)","robots":{"index":"index","follow":"follow","max-snippet":"max-snippet:-1","max-image-preview":"max-image-preview:large","max-video-preview":"max-video-preview:-1"},"canonical":"https:\/\/cac-cl.pt\/pt\/catolica-medical-school-launches-new-advanced-course-in-sleep-pediatric-medicine\/","og_locale":"pt_PT","og_type":"article","og_title":"Cat\u00f3lica Medical School launches new advanced course in Sleep Pediatric Medicine | Centro Acad\u00e9mico Cl\u00ednico Cat\u00f3lica Luz (CAC-CL)","og_description":"Cat\u00f3lica Medical School will launch the first edition of a pioneering program in Portugal dedicated to the study and clinical practice of sleep in childhood. The international course starts on January 16th, in a blended learning format, and will be taught in English. \ud83d\udc49 Read more about: https:\/\/medjournal.pt\/2025\/12\/15\/faculdade-de-medicina-da-catolica-lanca-novo-curso-avancado-em-medicina-do-sono-pediatrico\/","og_url":"https:\/\/cac-cl.pt\/pt\/catolica-medical-school-launches-new-advanced-course-in-sleep-pediatric-medicine\/","og_site_name":"Centro Acad\u00e9mico Cl\u00ednico Cat\u00f3lica Luz (CAC-CL)","article_published_time":"2025-12-17T12:36:24+00:00","article_modified_time":"2025-12-17T12:36:25+00:00","og_image":[{"width":763,"height":430,"url":"https:\/\/cac-cl.pt\/wp-content\/uploads\/2025\/12\/sleeping-girl-bed.jpg","type":"image\/jpeg"}],"author":"cacclpt","twitter_card":"summary_large_image","twitter_misc":{"Escrito por":"cacclpt","Tempo estimado de leitura":"1 minuto"},"schema":{"@context":"https:\/\/schema.org","@graph":[{"@type":"Article","@id":"https:\/\/cac-cl.pt\/catolica-medical-school-launches-new-advanced-course-in-sleep-pediatric-medicine\/#article","isPartOf":{"@id":"https:\/\/cac-cl.pt\/catolica-medical-school-launches-new-advanced-course-in-sleep-pediatric-medicine\/"},"author":{"name":"cacclpt","@id":"https:\/\/cac-cl.pt\/#\/schema\/person\/c09c41364ed1103a75086a2c00052975"},"headline":"Cat\u00f3lica Medical School launches new advanced course in Sleep Pediatric Medicine","datePublished":"2025-12-17T12:36:24+00:00","dateModified":"2025-12-17T12:36:25+00:00","mainEntityOfPage":{"@id":"https:\/\/cac-cl.pt\/catolica-medical-school-launches-new-advanced-course-in-sleep-pediatric-medicine\/"},"wordCount":63,"commentCount":0,"publisher":{"@id":"https:\/\/cac-cl.pt\/#organization"},"image":{"@id":"https:\/\/cac-cl.pt\/catolica-medical-school-launches-new-advanced-course-in-sleep-pediatric-medicine\/#primaryimage"},"thumbnailUrl":"https:\/\/cac-cl.pt\/wp-content\/uploads\/2025\/12\/sleeping-girl-bed.jpg","articleSection":["News"],"inLanguage":"pt-PT","potentialAction":[{"@type":"CommentAction","name":"Comment","target":["https:\/\/cac-cl.pt\/catolica-medical-school-launches-new-advanced-course-in-sleep-pediatric-medicine\/#respond"]}]},{"@type":"WebPage","@id":"https:\/\/cac-cl.pt\/catolica-medical-school-launches-new-advanced-course-in-sleep-pediatric-medicine\/","url":"https:\/\/cac-cl.pt\/catolica-medical-school-launches-new-advanced-course-in-sleep-pediatric-medicine\/","name":"Cat\u00f3lica Medical School launches new advanced course in Sleep Pediatric Medicine | Centro Acad\u00e9mico Cl\u00ednico Cat\u00f3lica Luz (CAC-CL)","isPartOf":{"@id":"https:\/\/cac-cl.pt\/#website"},"primaryImageOfPage":{"@id":"https:\/\/cac-cl.pt\/catolica-medical-school-launches-new-advanced-course-in-sleep-pediatric-medicine\/#primaryimage"},"image":{"@id":"https:\/\/cac-cl.pt\/catolica-medical-school-launches-new-advanced-course-in-sleep-pediatric-medicine\/#primaryimage"},"thumbnailUrl":"https:\/\/cac-cl.pt\/wp-content\/uploads\/2025\/12\/sleeping-girl-bed.jpg","datePublished":"2025-12-17T12:36:24+00:00","dateModified":"2025-12-17T12:36:25+00:00","breadcrumb":{"@id":"https:\/\/cac-cl.pt\/catolica-medical-school-launches-new-advanced-course-in-sleep-pediatric-medicine\/#breadcrumb"},"inLanguage":"pt-PT","potentialAction":[{"@type":"ReadAction","target":["https:\/\/cac-cl.pt\/catolica-medical-school-launches-new-advanced-course-in-sleep-pediatric-medicine\/"]}]},{"@type":"ImageObject","inLanguage":"pt-PT","@id":"https:\/\/cac-cl.pt\/catolica-medical-school-launches-new-advanced-course-in-sleep-pediatric-medicine\/#primaryimage","url":"https:\/\/cac-cl.pt\/wp-content\/uploads\/2025\/12\/sleeping-girl-bed.jpg","contentUrl":"https:\/\/cac-cl.pt\/wp-content\/uploads\/2025\/12\/sleeping-girl-bed.jpg","width":763,"height":430},{"@type":"BreadcrumbList","@id":"https:\/\/cac-cl.pt\/catolica-medical-school-launches-new-advanced-course-in-sleep-pediatric-medicine\/#breadcrumb","itemListElement":[{"@type":"ListItem","position":1,"name":"In\u00edcio","item":"https:\/\/cac-cl.pt\/"},{"@type":"ListItem","position":2,"name":"Cat\u00f3lica Medical School launches new advanced course in Sleep Pediatric Medicine"}]},{"@type":"WebSite","@id":"https:\/\/cac-cl.pt\/#website","url":"https:\/\/cac-cl.pt\/","name":"Centro Acad\u00e9mico Cl\u00ednico Cat\u00f3lica Luz (CAC-CL)","description":"Centro Acad\u00e9mico Cl\u00ednico Cat\u00f3lica Luz","publisher":{"@id":"https:\/\/cac-cl.pt\/#organization"},"alternateName":"CAC-CL","potentialAction":[{"@type":"SearchAction","target":{"@type":"EntryPoint","urlTemplate":"https:\/\/cac-cl.pt\/?s={search_term_string}"},"query-input":{"@type":"PropertyValueSpecification","valueRequired":true,"valueName":"search_term_string"}}],"inLanguage":"pt-PT"},{"@type":"Organization","@id":"https:\/\/cac-cl.pt\/#organization","name":"Centro Acad\u00e9mico Cl\u00ednico Cat\u00f3lica Luz (CAC-CL)","alternateName":"CAC-CL","url":"https:\/\/cac-cl.pt\/","logo":{"@type":"ImageObject","inLanguage":"pt-PT","@id":"https:\/\/cac-cl.pt\/#\/schema\/logo\/image\/","url":"https:\/\/cac-cl.pt\/wp-content\/uploads\/2024\/04\/cropped-CAC_Logotipo_Principal_Positivo-e1712844263631.png","contentUrl":"https:\/\/cac-cl.pt\/wp-content\/uploads\/2024\/04\/cropped-CAC_Logotipo_Principal_Positivo-e1712844263631.png","width":2249,"height":1409,"caption":"Centro Acad\u00e9mico Cl\u00ednico Cat\u00f3lica Luz (CAC-CL)"},"image":{"@id":"https:\/\/cac-cl.pt\/#\/schema\/logo\/image\/"},"sameAs":["https:\/\/www.linkedin.com\/company\/caolica-luz-cac\/","https:\/\/www.instagram.com\/caccl.pt\/","https:\/\/pt.pinterest.com\/catolicaluz\/"]},{"@type":"Person","@id":"https:\/\/cac-cl.pt\/#\/schema\/person\/c09c41364ed1103a75086a2c00052975","name":"cacclpt","image":{"@type":"ImageObject","inLanguage":"pt-PT","@id":"https:\/\/secure.gravatar.com\/avatar\/e62818874125131105711e60ec6e0aabbb8b357c5c5100eca07aa1e9a256d55d?s=96&d=mm&r=g","url":"https:\/\/secure.gravatar.com\/avatar\/e62818874125131105711e60ec6e0aabbb8b357c5c5100eca07aa1e9a256d55d?s=96&d=mm&r=g","contentUrl":"https:\/\/secure.gravatar.com\/avatar\/e62818874125131105711e60ec6e0aabbb8b357c5c5100eca07aa1e9a256d55d?s=96&d=mm&r=g","caption":"cacclpt"},"sameAs":["https:\/\/cac-cl.pt"],"url":"https:\/\/cac-cl.pt\/pt\/author\/cacclpt1\/"}]}},"_links":{"self":[{"href":"https:\/\/cac-cl.pt\/pt\/wp-json\/wp\/v2\/posts\/14302","targetHints":{"allow":["GET"]}}],"collection":[{"href":"https:\/\/cac-cl.pt\/pt\/wp-json\/wp\/v2\/posts"}],"about":[{"href":"https:\/\/cac-cl.pt\/pt\/wp-json\/wp\/v2\/types\/post"}],"author":[{"embeddable":true,"href":"https:\/\/cac-cl.pt\/pt\/wp-json\/wp\/v2\/users\/1"}],"replies":[{"embeddable":true,"href":"https:\/\/cac-cl.pt\/pt\/wp-json\/wp\/v2\/comments?post=14302"}],"version-history":[{"count":1,"href":"https:\/\/cac-cl.pt\/pt\/wp-json\/wp\/v2\/posts\/14302\/revisions"}],"predecessor-version":[{"id":14304,"href":"https:\/\/cac-cl.pt\/pt\/wp-json\/wp\/v2\/posts\/14302\/revisions\/14304"}],"wp:featuredmedia":[{"embeddable":true,"href":"https:\/\/cac-cl.pt\/pt\/wp-json\/wp\/v2\/media\/14303"}],"wp:attachment":[{"href":"https:\/\/cac-cl.pt\/pt\/wp-json\/wp\/v2\/media?parent=14302"}],"wp:term":[{"taxonomy":"category","embeddable":true,"href":"https:\/\/cac-cl.pt\/pt\/wp-json\/wp\/v2\/categories?post=14302"},{"taxonomy":"post_tag","embeddable":true,"href":"https:\/\/cac-cl.pt\/pt\/wp-json\/wp\/v2\/tags?post=14302"}],"curies":[{"name":"wp","href":"https:\/\/api.w.org\/{rel}","templated":true}]}}