{"id":14388,"date":"2026-01-09T10:54:49","date_gmt":"2026-01-09T10:54:49","guid":{"rendered":"https:\/\/cac-cl.pt\/?p=14388"},"modified":"2026-01-09T11:10:04","modified_gmt":"2026-01-09T11:10:04","slug":"global-pharma-2026-executive-course-brings-together-leaders-of-the-pharmaceutical-industry-in-portugal","status":"publish","type":"post","link":"https:\/\/cac-cl.pt\/pt\/global-pharma-2026-executive-course-brings-together-leaders-of-the-pharmaceutical-industry-in-portugal\/","title":{"rendered":"Global Pharma 2026: Executive Course Brings Together Leaders of the Pharmaceutical Industry in Portugal"},"content":{"rendered":"<p>Between March and May 2026, the <a href=\"https:\/\/fm.ucp.pt\/catolica-medical-school\"><strong>Faculdade de Medicina da Universidade Cat\u00f3lica<\/strong> <\/a>e a <a href=\"https:\/\/www.hospitaldaluz.pt\/pt\/?_gl=1*1l1vvy6*_up*mq..*_gs*mq..&amp;gclid=cjwkcaia64llbhbheiwa-pxgu0qlxozi9s4pu8vepgsub553xkpxqrrq15yajorlk-twj91lcsgmbhocbxmqavd_bwe\"><strong>Hospital da Luz Lisboa<\/strong><\/a> will host the fourth edition of the Global Pharma Executive Course, a flagship training program aimed at leaders in the pharmaceutical industry.<\/p>\n\n\n\n<p>According to <a href=\"https:\/\/fm.ucp.pt\/pt-pt\/pessoa\/joao-pereira\"><strong>Jo\u00e3o Santos Pereira<\/strong><\/a>, Executive Director of the <a href=\"https:\/\/fm.ucp.pt\/\"><strong>Faculdade de Medicina da Universidade Cat\u00f3lica<\/strong>,<\/a> <em>\u201cFor the Cat\u00f3lica Medical School, it is very important to partner with initiatives like this that promote an integrated vision between science, clinical practice, and industry.\u201d<\/em> He also adds: <em>\u201cThe Global Pharma program is already establishing itself as a national reference for pharmaceutical industry executives who wish to strengthen their network and stay up to date with the latest knowledge in the sector.\u201d<\/em><\/p>\n\n\n\n<p><strong><a href=\"https:\/\/fm.ucp.pt\/person\/daniel-guedelha\">Daniel Guedelha<\/a>,<\/strong> Founder &amp; CEO of <a href=\"https:\/\/www.thegenh.com\/\"><strong>GenH<\/strong><\/a>, highlights that: <em>\u201cThis program was born from the desire to lead, from Portugal, a European program of excellence and to establish the pharmaceutical industry as a strategic pillar of national development. Four editions later, the results speak for themselves.\u201d<\/em><\/p>\n\n\n\n<p>Our Executive Director,<strong> <a href=\"https:\/\/fm.ucp.pt\/person\/ana-rita-constante\">Ana Rita Constante<\/a>, <\/strong>emphasizes that: <em>\u201cThe Global Pharma Executive Course is a leading program in the sector, creating value for any professional with interest and ambition in the pharmaceutical industry. Regardless of their background \u2013 whether in Health, Pharmaceutical Sciences, Management, or Law \u2013 this course provides access to current and critical topics, taught by an international team of excellence, preparing participants to address the present and future challenges of the industry.\u201d<\/em><\/p>\n\n\n\n<p>\ud83d\udc49 <strong>Read more about<\/strong> <strong>here<\/strong>: <a href=\" https:\/\/healthnews.pt\/2026\/01\/05\/global-pharma-2026-curso-executivo-reune-lideres-da-industria-farmaceutica-em-portugal\/\">https:\/\/healthnews.pt\/2026\/01\/05\/global-pharma-2026-curso-executivo-reune-lideres-da-industria-farmaceutica-em-portugal\/<\/a><\/p>\n\n\n\n<p>\ud83d\udd17 <strong>More news about this executive course:<\/strong> <a href=\"https:\/\/www.netfarma.pt\/global-pharma-quarta-edicao-reune-lideres-da-pfizer-msd-jj-sanofi-e-roche\/\">https:\/\/www.netfarma.pt\/global-pharma-quarta-edicao-reune-lideres-da-pfizer-msd-jj-sanofi-e-roche\/<\/a> e a <a href=\"https:\/\/newsfarma.pt\/atualidade\/global-pharma-quarta-edicao-reune-lideres-da-pfizer-msd-jj-sanofi-e-roche-em-programa-executivo-de-referencia\/\">https:\/\/newsfarma.pt\/atualidade\/global-pharma-quarta-edicao-reune-lideres-da-pfizer-msd-jj-sanofi-e-roche-em-programa-executivo-de-referencia\/<\/a><\/p>","protected":false},"excerpt":{"rendered":"<p>Between March and May 2026, the Cat\u00f3lica Medical School and Hospital da Luz Lisboa will host the fourth edition of the Global Pharma Executive Course, a flagship training program aimed at leaders in the pharmaceutical industry. According to Jo\u00e3o Santos Pereira, Executive Director of the Cat\u00f3lica Medical School, \u201cFor the Cat\u00f3lica Medical School, it is [&hellip;]<\/p>\n","protected":false},"author":1,"featured_media":14389,"comment_status":"open","ping_status":"open","sticky":false,"template":"","format":"standard","meta":{"_acf_changed":false,"inline_featured_image":false,"footnotes":""},"categories":[134,75],"tags":[],"class_list":["post-14388","post","type-post","status-publish","format-standard","has-post-thumbnail","hentry","category-news","category-press_release"],"acf":[],"yoast_head":"<!-- This site is optimized with the Yoast SEO plugin v27.5 - https:\/\/yoast.com\/product\/yoast-seo-wordpress\/ -->\n<title>Global Pharma 2026: Executive Course Brings Together Leaders of the Pharmaceutical Industry in Portugal | Centro Acad\u00e9mico Cl\u00ednico Cat\u00f3lica Luz (CAC-CL)<\/title>\n<meta name=\"robots\" content=\"index, follow, max-snippet:-1, max-image-preview:large, max-video-preview:-1\" \/>\n<link rel=\"canonical\" href=\"https:\/\/cac-cl.pt\/pt\/global-pharma-2026-executive-course-brings-together-leaders-of-the-pharmaceutical-industry-in-portugal\/\" \/>\n<meta property=\"og:locale\" content=\"pt_PT\" \/>\n<meta property=\"og:type\" content=\"article\" \/>\n<meta property=\"og:title\" content=\"Global Pharma 2026: Executive Course Brings Together Leaders of the Pharmaceutical Industry in Portugal | Centro Acad\u00e9mico Cl\u00ednico Cat\u00f3lica Luz (CAC-CL)\" \/>\n<meta property=\"og:description\" content=\"Between March and May 2026, the Cat\u00f3lica Medical School and Hospital da Luz Lisboa will host the fourth edition of the Global Pharma Executive Course, a flagship training program aimed at leaders in the pharmaceutical industry. According to Jo\u00e3o Santos Pereira, Executive Director of the Cat\u00f3lica Medical School, \u201cFor the Cat\u00f3lica Medical School, it is [&hellip;]\" \/>\n<meta property=\"og:url\" content=\"https:\/\/cac-cl.pt\/pt\/global-pharma-2026-executive-course-brings-together-leaders-of-the-pharmaceutical-industry-in-portugal\/\" \/>\n<meta property=\"og:site_name\" content=\"Centro Acad\u00e9mico Cl\u00ednico Cat\u00f3lica Luz (CAC-CL)\" \/>\n<meta property=\"article:published_time\" content=\"2026-01-09T10:54:49+00:00\" \/>\n<meta property=\"article:modified_time\" content=\"2026-01-09T11:10:04+00:00\" \/>\n<meta property=\"og:image\" content=\"https:\/\/cac-cl.pt\/wp-content\/uploads\/2026\/01\/Global-Pharma-2026-_JPG.jpg\" \/>\n\t<meta property=\"og:image:width\" content=\"1024\" \/>\n\t<meta property=\"og:image:height\" content=\"596\" \/>\n\t<meta property=\"og:image:type\" content=\"image\/jpeg\" \/>\n<meta name=\"author\" content=\"cacclpt\" \/>\n<meta name=\"twitter:card\" content=\"summary_large_image\" \/>\n<meta name=\"twitter:label1\" content=\"Escrito por\" \/>\n\t<meta name=\"twitter:data1\" content=\"cacclpt\" \/>\n\t<meta name=\"twitter:label2\" content=\"Tempo estimado de leitura\" \/>\n\t<meta name=\"twitter:data2\" content=\"2 minutos\" \/>\n<script type=\"application\/ld+json\" class=\"yoast-schema-graph\">{\"@context\":\"https:\\\/\\\/schema.org\",\"@graph\":[{\"@type\":\"Article\",\"@id\":\"https:\\\/\\\/cac-cl.pt\\\/global-pharma-2026-executive-course-brings-together-leaders-of-the-pharmaceutical-industry-in-portugal\\\/#article\",\"isPartOf\":{\"@id\":\"https:\\\/\\\/cac-cl.pt\\\/global-pharma-2026-executive-course-brings-together-leaders-of-the-pharmaceutical-industry-in-portugal\\\/\"},\"author\":{\"name\":\"cacclpt\",\"@id\":\"https:\\\/\\\/cac-cl.pt\\\/#\\\/schema\\\/person\\\/c09c41364ed1103a75086a2c00052975\"},\"headline\":\"Global Pharma 2026: Executive Course Brings Together Leaders of the Pharmaceutical Industry in Portugal\",\"datePublished\":\"2026-01-09T10:54:49+00:00\",\"dateModified\":\"2026-01-09T11:10:04+00:00\",\"mainEntityOfPage\":{\"@id\":\"https:\\\/\\\/cac-cl.pt\\\/global-pharma-2026-executive-course-brings-together-leaders-of-the-pharmaceutical-industry-in-portugal\\\/\"},\"wordCount\":272,\"commentCount\":0,\"publisher\":{\"@id\":\"https:\\\/\\\/cac-cl.pt\\\/#organization\"},\"image\":{\"@id\":\"https:\\\/\\\/cac-cl.pt\\\/global-pharma-2026-executive-course-brings-together-leaders-of-the-pharmaceutical-industry-in-portugal\\\/#primaryimage\"},\"thumbnailUrl\":\"https:\\\/\\\/cac-cl.pt\\\/wp-content\\\/uploads\\\/2026\\\/01\\\/Global-Pharma-2026-_JPG.jpg\",\"articleSection\":[\"News\",\"Press Release\"],\"inLanguage\":\"pt-PT\",\"potentialAction\":[{\"@type\":\"CommentAction\",\"name\":\"Comment\",\"target\":[\"https:\\\/\\\/cac-cl.pt\\\/global-pharma-2026-executive-course-brings-together-leaders-of-the-pharmaceutical-industry-in-portugal\\\/#respond\"]}]},{\"@type\":\"WebPage\",\"@id\":\"https:\\\/\\\/cac-cl.pt\\\/global-pharma-2026-executive-course-brings-together-leaders-of-the-pharmaceutical-industry-in-portugal\\\/\",\"url\":\"https:\\\/\\\/cac-cl.pt\\\/global-pharma-2026-executive-course-brings-together-leaders-of-the-pharmaceutical-industry-in-portugal\\\/\",\"name\":\"Global Pharma 2026: Executive Course Brings Together Leaders of the Pharmaceutical Industry in Portugal | Centro Acad\u00e9mico Cl\u00ednico Cat\u00f3lica Luz (CAC-CL)\",\"isPartOf\":{\"@id\":\"https:\\\/\\\/cac-cl.pt\\\/#website\"},\"primaryImageOfPage\":{\"@id\":\"https:\\\/\\\/cac-cl.pt\\\/global-pharma-2026-executive-course-brings-together-leaders-of-the-pharmaceutical-industry-in-portugal\\\/#primaryimage\"},\"image\":{\"@id\":\"https:\\\/\\\/cac-cl.pt\\\/global-pharma-2026-executive-course-brings-together-leaders-of-the-pharmaceutical-industry-in-portugal\\\/#primaryimage\"},\"thumbnailUrl\":\"https:\\\/\\\/cac-cl.pt\\\/wp-content\\\/uploads\\\/2026\\\/01\\\/Global-Pharma-2026-_JPG.jpg\",\"datePublished\":\"2026-01-09T10:54:49+00:00\",\"dateModified\":\"2026-01-09T11:10:04+00:00\",\"breadcrumb\":{\"@id\":\"https:\\\/\\\/cac-cl.pt\\\/global-pharma-2026-executive-course-brings-together-leaders-of-the-pharmaceutical-industry-in-portugal\\\/#breadcrumb\"},\"inLanguage\":\"pt-PT\",\"potentialAction\":[{\"@type\":\"ReadAction\",\"target\":[\"https:\\\/\\\/cac-cl.pt\\\/global-pharma-2026-executive-course-brings-together-leaders-of-the-pharmaceutical-industry-in-portugal\\\/\"]}]},{\"@type\":\"ImageObject\",\"inLanguage\":\"pt-PT\",\"@id\":\"https:\\\/\\\/cac-cl.pt\\\/global-pharma-2026-executive-course-brings-together-leaders-of-the-pharmaceutical-industry-in-portugal\\\/#primaryimage\",\"url\":\"https:\\\/\\\/cac-cl.pt\\\/wp-content\\\/uploads\\\/2026\\\/01\\\/Global-Pharma-2026-_JPG.jpg\",\"contentUrl\":\"https:\\\/\\\/cac-cl.pt\\\/wp-content\\\/uploads\\\/2026\\\/01\\\/Global-Pharma-2026-_JPG.jpg\",\"width\":1024,\"height\":596},{\"@type\":\"BreadcrumbList\",\"@id\":\"https:\\\/\\\/cac-cl.pt\\\/global-pharma-2026-executive-course-brings-together-leaders-of-the-pharmaceutical-industry-in-portugal\\\/#breadcrumb\",\"itemListElement\":[{\"@type\":\"ListItem\",\"position\":1,\"name\":\"In\u00edcio\",\"item\":\"https:\\\/\\\/cac-cl.pt\\\/\"},{\"@type\":\"ListItem\",\"position\":2,\"name\":\"Global Pharma 2026: Executive Course Brings Together Leaders of the Pharmaceutical Industry in Portugal\"}]},{\"@type\":\"WebSite\",\"@id\":\"https:\\\/\\\/cac-cl.pt\\\/#website\",\"url\":\"https:\\\/\\\/cac-cl.pt\\\/\",\"name\":\"Centro Acad\u00e9mico Cl\u00ednico Cat\u00f3lica Luz (CAC-CL)\",\"description\":\"Centro Acad\u00e9mico Cl\u00ednico Cat\u00f3lica Luz\",\"publisher\":{\"@id\":\"https:\\\/\\\/cac-cl.pt\\\/#organization\"},\"alternateName\":\"CAC-CL\",\"potentialAction\":[{\"@type\":\"SearchAction\",\"target\":{\"@type\":\"EntryPoint\",\"urlTemplate\":\"https:\\\/\\\/cac-cl.pt\\\/?s={search_term_string}\"},\"query-input\":{\"@type\":\"PropertyValueSpecification\",\"valueRequired\":true,\"valueName\":\"search_term_string\"}}],\"inLanguage\":\"pt-PT\"},{\"@type\":\"Organization\",\"@id\":\"https:\\\/\\\/cac-cl.pt\\\/#organization\",\"name\":\"Centro Acad\u00e9mico Cl\u00ednico Cat\u00f3lica Luz (CAC-CL)\",\"alternateName\":\"CAC-CL\",\"url\":\"https:\\\/\\\/cac-cl.pt\\\/\",\"logo\":{\"@type\":\"ImageObject\",\"inLanguage\":\"pt-PT\",\"@id\":\"https:\\\/\\\/cac-cl.pt\\\/#\\\/schema\\\/logo\\\/image\\\/\",\"url\":\"https:\\\/\\\/cac-cl.pt\\\/wp-content\\\/uploads\\\/2024\\\/04\\\/cropped-CAC_Logotipo_Principal_Positivo-e1712844263631.png\",\"contentUrl\":\"https:\\\/\\\/cac-cl.pt\\\/wp-content\\\/uploads\\\/2024\\\/04\\\/cropped-CAC_Logotipo_Principal_Positivo-e1712844263631.png\",\"width\":2249,\"height\":1409,\"caption\":\"Centro Acad\u00e9mico Cl\u00ednico Cat\u00f3lica Luz (CAC-CL)\"},\"image\":{\"@id\":\"https:\\\/\\\/cac-cl.pt\\\/#\\\/schema\\\/logo\\\/image\\\/\"},\"sameAs\":[\"https:\\\/\\\/www.linkedin.com\\\/company\\\/caolica-luz-cac\\\/\",\"https:\\\/\\\/www.instagram.com\\\/caccl.pt\\\/\",\"https:\\\/\\\/pt.pinterest.com\\\/catolicaluz\\\/\"]},{\"@type\":\"Person\",\"@id\":\"https:\\\/\\\/cac-cl.pt\\\/#\\\/schema\\\/person\\\/c09c41364ed1103a75086a2c00052975\",\"name\":\"cacclpt\",\"image\":{\"@type\":\"ImageObject\",\"inLanguage\":\"pt-PT\",\"@id\":\"https:\\\/\\\/secure.gravatar.com\\\/avatar\\\/e62818874125131105711e60ec6e0aabbb8b357c5c5100eca07aa1e9a256d55d?s=96&d=mm&r=g\",\"url\":\"https:\\\/\\\/secure.gravatar.com\\\/avatar\\\/e62818874125131105711e60ec6e0aabbb8b357c5c5100eca07aa1e9a256d55d?s=96&d=mm&r=g\",\"contentUrl\":\"https:\\\/\\\/secure.gravatar.com\\\/avatar\\\/e62818874125131105711e60ec6e0aabbb8b357c5c5100eca07aa1e9a256d55d?s=96&d=mm&r=g\",\"caption\":\"cacclpt\"},\"sameAs\":[\"https:\\\/\\\/cac-cl.pt\"],\"url\":\"https:\\\/\\\/cac-cl.pt\\\/pt\\\/author\\\/cacclpt1\\\/\"}]}<\/script>\n<!-- \/ Yoast SEO plugin. -->","yoast_head_json":{"title":"Global Pharma 2026: Executive Course Brings Together Leaders of the Pharmaceutical Industry in Portugal | Centro Acad\u00e9mico Cl\u00ednico Cat\u00f3lica Luz (CAC-CL)","robots":{"index":"index","follow":"follow","max-snippet":"max-snippet:-1","max-image-preview":"max-image-preview:large","max-video-preview":"max-video-preview:-1"},"canonical":"https:\/\/cac-cl.pt\/pt\/global-pharma-2026-executive-course-brings-together-leaders-of-the-pharmaceutical-industry-in-portugal\/","og_locale":"pt_PT","og_type":"article","og_title":"Global Pharma 2026: Executive Course Brings Together Leaders of the Pharmaceutical Industry in Portugal | Centro Acad\u00e9mico Cl\u00ednico Cat\u00f3lica Luz (CAC-CL)","og_description":"Between March and May 2026, the Cat\u00f3lica Medical School and Hospital da Luz Lisboa will host the fourth edition of the Global Pharma Executive Course, a flagship training program aimed at leaders in the pharmaceutical industry. According to Jo\u00e3o Santos Pereira, Executive Director of the Cat\u00f3lica Medical School, \u201cFor the Cat\u00f3lica Medical School, it is [&hellip;]","og_url":"https:\/\/cac-cl.pt\/pt\/global-pharma-2026-executive-course-brings-together-leaders-of-the-pharmaceutical-industry-in-portugal\/","og_site_name":"Centro Acad\u00e9mico Cl\u00ednico Cat\u00f3lica Luz (CAC-CL)","article_published_time":"2026-01-09T10:54:49+00:00","article_modified_time":"2026-01-09T11:10:04+00:00","og_image":[{"width":1024,"height":596,"url":"https:\/\/cac-cl.pt\/wp-content\/uploads\/2026\/01\/Global-Pharma-2026-_JPG.jpg","type":"image\/jpeg"}],"author":"cacclpt","twitter_card":"summary_large_image","twitter_misc":{"Escrito por":"cacclpt","Tempo estimado de leitura":"2 minutos"},"schema":{"@context":"https:\/\/schema.org","@graph":[{"@type":"Article","@id":"https:\/\/cac-cl.pt\/global-pharma-2026-executive-course-brings-together-leaders-of-the-pharmaceutical-industry-in-portugal\/#article","isPartOf":{"@id":"https:\/\/cac-cl.pt\/global-pharma-2026-executive-course-brings-together-leaders-of-the-pharmaceutical-industry-in-portugal\/"},"author":{"name":"cacclpt","@id":"https:\/\/cac-cl.pt\/#\/schema\/person\/c09c41364ed1103a75086a2c00052975"},"headline":"Global Pharma 2026: Executive Course Brings Together Leaders of the Pharmaceutical Industry in Portugal","datePublished":"2026-01-09T10:54:49+00:00","dateModified":"2026-01-09T11:10:04+00:00","mainEntityOfPage":{"@id":"https:\/\/cac-cl.pt\/global-pharma-2026-executive-course-brings-together-leaders-of-the-pharmaceutical-industry-in-portugal\/"},"wordCount":272,"commentCount":0,"publisher":{"@id":"https:\/\/cac-cl.pt\/#organization"},"image":{"@id":"https:\/\/cac-cl.pt\/global-pharma-2026-executive-course-brings-together-leaders-of-the-pharmaceutical-industry-in-portugal\/#primaryimage"},"thumbnailUrl":"https:\/\/cac-cl.pt\/wp-content\/uploads\/2026\/01\/Global-Pharma-2026-_JPG.jpg","articleSection":["News","Press Release"],"inLanguage":"pt-PT","potentialAction":[{"@type":"CommentAction","name":"Comment","target":["https:\/\/cac-cl.pt\/global-pharma-2026-executive-course-brings-together-leaders-of-the-pharmaceutical-industry-in-portugal\/#respond"]}]},{"@type":"WebPage","@id":"https:\/\/cac-cl.pt\/global-pharma-2026-executive-course-brings-together-leaders-of-the-pharmaceutical-industry-in-portugal\/","url":"https:\/\/cac-cl.pt\/global-pharma-2026-executive-course-brings-together-leaders-of-the-pharmaceutical-industry-in-portugal\/","name":"Global Pharma 2026: Executive Course Brings Together Leaders of the Pharmaceutical Industry in Portugal | Centro Acad\u00e9mico Cl\u00ednico Cat\u00f3lica Luz (CAC-CL)","isPartOf":{"@id":"https:\/\/cac-cl.pt\/#website"},"primaryImageOfPage":{"@id":"https:\/\/cac-cl.pt\/global-pharma-2026-executive-course-brings-together-leaders-of-the-pharmaceutical-industry-in-portugal\/#primaryimage"},"image":{"@id":"https:\/\/cac-cl.pt\/global-pharma-2026-executive-course-brings-together-leaders-of-the-pharmaceutical-industry-in-portugal\/#primaryimage"},"thumbnailUrl":"https:\/\/cac-cl.pt\/wp-content\/uploads\/2026\/01\/Global-Pharma-2026-_JPG.jpg","datePublished":"2026-01-09T10:54:49+00:00","dateModified":"2026-01-09T11:10:04+00:00","breadcrumb":{"@id":"https:\/\/cac-cl.pt\/global-pharma-2026-executive-course-brings-together-leaders-of-the-pharmaceutical-industry-in-portugal\/#breadcrumb"},"inLanguage":"pt-PT","potentialAction":[{"@type":"ReadAction","target":["https:\/\/cac-cl.pt\/global-pharma-2026-executive-course-brings-together-leaders-of-the-pharmaceutical-industry-in-portugal\/"]}]},{"@type":"ImageObject","inLanguage":"pt-PT","@id":"https:\/\/cac-cl.pt\/global-pharma-2026-executive-course-brings-together-leaders-of-the-pharmaceutical-industry-in-portugal\/#primaryimage","url":"https:\/\/cac-cl.pt\/wp-content\/uploads\/2026\/01\/Global-Pharma-2026-_JPG.jpg","contentUrl":"https:\/\/cac-cl.pt\/wp-content\/uploads\/2026\/01\/Global-Pharma-2026-_JPG.jpg","width":1024,"height":596},{"@type":"BreadcrumbList","@id":"https:\/\/cac-cl.pt\/global-pharma-2026-executive-course-brings-together-leaders-of-the-pharmaceutical-industry-in-portugal\/#breadcrumb","itemListElement":[{"@type":"ListItem","position":1,"name":"In\u00edcio","item":"https:\/\/cac-cl.pt\/"},{"@type":"ListItem","position":2,"name":"Global Pharma 2026: Executive Course Brings Together Leaders of the Pharmaceutical Industry in Portugal"}]},{"@type":"WebSite","@id":"https:\/\/cac-cl.pt\/#website","url":"https:\/\/cac-cl.pt\/","name":"Centro Acad\u00e9mico Cl\u00ednico Cat\u00f3lica Luz (CAC-CL)","description":"Centro Acad\u00e9mico Cl\u00ednico Cat\u00f3lica Luz","publisher":{"@id":"https:\/\/cac-cl.pt\/#organization"},"alternateName":"CAC-CL","potentialAction":[{"@type":"SearchAction","target":{"@type":"EntryPoint","urlTemplate":"https:\/\/cac-cl.pt\/?s={search_term_string}"},"query-input":{"@type":"PropertyValueSpecification","valueRequired":true,"valueName":"search_term_string"}}],"inLanguage":"pt-PT"},{"@type":"Organization","@id":"https:\/\/cac-cl.pt\/#organization","name":"Centro Acad\u00e9mico Cl\u00ednico Cat\u00f3lica Luz (CAC-CL)","alternateName":"CAC-CL","url":"https:\/\/cac-cl.pt\/","logo":{"@type":"ImageObject","inLanguage":"pt-PT","@id":"https:\/\/cac-cl.pt\/#\/schema\/logo\/image\/","url":"https:\/\/cac-cl.pt\/wp-content\/uploads\/2024\/04\/cropped-CAC_Logotipo_Principal_Positivo-e1712844263631.png","contentUrl":"https:\/\/cac-cl.pt\/wp-content\/uploads\/2024\/04\/cropped-CAC_Logotipo_Principal_Positivo-e1712844263631.png","width":2249,"height":1409,"caption":"Centro Acad\u00e9mico Cl\u00ednico Cat\u00f3lica Luz (CAC-CL)"},"image":{"@id":"https:\/\/cac-cl.pt\/#\/schema\/logo\/image\/"},"sameAs":["https:\/\/www.linkedin.com\/company\/caolica-luz-cac\/","https:\/\/www.instagram.com\/caccl.pt\/","https:\/\/pt.pinterest.com\/catolicaluz\/"]},{"@type":"Person","@id":"https:\/\/cac-cl.pt\/#\/schema\/person\/c09c41364ed1103a75086a2c00052975","name":"cacclpt","image":{"@type":"ImageObject","inLanguage":"pt-PT","@id":"https:\/\/secure.gravatar.com\/avatar\/e62818874125131105711e60ec6e0aabbb8b357c5c5100eca07aa1e9a256d55d?s=96&d=mm&r=g","url":"https:\/\/secure.gravatar.com\/avatar\/e62818874125131105711e60ec6e0aabbb8b357c5c5100eca07aa1e9a256d55d?s=96&d=mm&r=g","contentUrl":"https:\/\/secure.gravatar.com\/avatar\/e62818874125131105711e60ec6e0aabbb8b357c5c5100eca07aa1e9a256d55d?s=96&d=mm&r=g","caption":"cacclpt"},"sameAs":["https:\/\/cac-cl.pt"],"url":"https:\/\/cac-cl.pt\/pt\/author\/cacclpt1\/"}]}},"_links":{"self":[{"href":"https:\/\/cac-cl.pt\/pt\/wp-json\/wp\/v2\/posts\/14388","targetHints":{"allow":["GET"]}}],"collection":[{"href":"https:\/\/cac-cl.pt\/pt\/wp-json\/wp\/v2\/posts"}],"about":[{"href":"https:\/\/cac-cl.pt\/pt\/wp-json\/wp\/v2\/types\/post"}],"author":[{"embeddable":true,"href":"https:\/\/cac-cl.pt\/pt\/wp-json\/wp\/v2\/users\/1"}],"replies":[{"embeddable":true,"href":"https:\/\/cac-cl.pt\/pt\/wp-json\/wp\/v2\/comments?post=14388"}],"version-history":[{"count":3,"href":"https:\/\/cac-cl.pt\/pt\/wp-json\/wp\/v2\/posts\/14388\/revisions"}],"predecessor-version":[{"id":14393,"href":"https:\/\/cac-cl.pt\/pt\/wp-json\/wp\/v2\/posts\/14388\/revisions\/14393"}],"wp:featuredmedia":[{"embeddable":true,"href":"https:\/\/cac-cl.pt\/pt\/wp-json\/wp\/v2\/media\/14389"}],"wp:attachment":[{"href":"https:\/\/cac-cl.pt\/pt\/wp-json\/wp\/v2\/media?parent=14388"}],"wp:term":[{"taxonomy":"category","embeddable":true,"href":"https:\/\/cac-cl.pt\/pt\/wp-json\/wp\/v2\/categories?post=14388"},{"taxonomy":"post_tag","embeddable":true,"href":"https:\/\/cac-cl.pt\/pt\/wp-json\/wp\/v2\/tags?post=14388"}],"curies":[{"name":"wp","href":"https:\/\/api.w.org\/{rel}","templated":true}]}}