{"id":14429,"date":"2026-01-16T11:07:39","date_gmt":"2026-01-16T11:07:39","guid":{"rendered":"https:\/\/cac-cl.pt\/?p=14429"},"modified":"2026-01-16T13:29:58","modified_gmt":"2026-01-16T13:29:58","slug":"professor-paula-ravasco-participates-as-keynote-speaker-at-the-iscort-2026-congress","status":"publish","type":"post","link":"https:\/\/cac-cl.pt\/pt\/professor-paula-ravasco-participates-as-keynote-speaker-at-the-iscort-2026-congress\/","title":{"rendered":"Professor Paula Ravasco participates as keynote speaker at the ISCORT 2026 Congress"},"content":{"rendered":"<p>Professor <strong><a href=\"https:\/\/fm.ucp.pt\/pt-pt\/pessoa\/paula-cristina-ravasco\">Paula Ravasco<\/a><\/strong>, from the <a href=\"https:\/\/fm.ucp.pt\/catolica-medical-school\"><strong>Faculdade de Medicina da Universidade Cat\u00f3lica<\/strong><\/a>, was invited to deliver a <strong>scientific keynote lecture<\/strong> at the <strong>ISCORT 2026 Congress<\/strong>, organised by the <em>Israeli Society of Clinical Oncology and Radiation Therapy<\/em>.<\/p>\n\n\n\n<p>The lecture, entitled <strong>\u201c<em>Nutrition in cancer care: fundamental knowledge for oncologists\u201d<\/em><\/strong>, focused on the essential role of nutrition in oncology care, highlighting the importance of integrating nutritional knowledge into routine clinical practice to improve patient outcomes and quality of life.<\/p>\n\n\n\n<p>These international participations by professors from the Cat\u00f3lica Medical School (CMS) play a key role in enhancing the recognition and professional standing of CMS across different regions of the world, reinforcing the School\u2019s global academic and scientific impact.<\/p>","protected":false},"excerpt":{"rendered":"<p>Professor Paula Ravasco, from the Cat\u00f3lica Medical School, was invited to deliver a scientific keynote lecture at the ISCORT 2026 Congress, organised by the Israeli Society of Clinical Oncology and Radiation Therapy. The lecture, entitled \u201cNutrition in cancer care: fundamental knowledge for oncologists\u201d, focused on the essential role of nutrition in oncology care, highlighting the [&hellip;]<\/p>\n","protected":false},"author":1,"featured_media":14430,"comment_status":"open","ping_status":"open","sticky":false,"template":"","format":"standard","meta":{"_acf_changed":false,"inline_featured_image":false,"footnotes":""},"categories":[134],"tags":[],"class_list":["post-14429","post","type-post","status-publish","format-standard","has-post-thumbnail","hentry","category-news"],"acf":[],"yoast_head":"<!-- This site is optimized with the Yoast SEO plugin v27.5 - https:\/\/yoast.com\/product\/yoast-seo-wordpress\/ -->\n<title>Professor Paula Ravasco participates as keynote speaker at the ISCORT 2026 Congress | Centro Acad\u00e9mico Cl\u00ednico Cat\u00f3lica Luz (CAC-CL)<\/title>\n<meta name=\"robots\" content=\"index, follow, max-snippet:-1, max-image-preview:large, max-video-preview:-1\" \/>\n<link rel=\"canonical\" href=\"https:\/\/cac-cl.pt\/pt\/professor-paula-ravasco-participates-as-keynote-speaker-at-the-iscort-2026-congress\/\" \/>\n<meta property=\"og:locale\" content=\"pt_PT\" \/>\n<meta property=\"og:type\" content=\"article\" \/>\n<meta property=\"og:title\" content=\"Professor Paula Ravasco participates as keynote speaker at the ISCORT 2026 Congress | Centro Acad\u00e9mico Cl\u00ednico Cat\u00f3lica Luz (CAC-CL)\" \/>\n<meta property=\"og:description\" content=\"Professor Paula Ravasco, from the Cat\u00f3lica Medical School, was invited to deliver a scientific keynote lecture at the ISCORT 2026 Congress, organised by the Israeli Society of Clinical Oncology and Radiation Therapy. The lecture, entitled \u201cNutrition in cancer care: fundamental knowledge for oncologists\u201d, focused on the essential role of nutrition in oncology care, highlighting the [&hellip;]\" \/>\n<meta property=\"og:url\" content=\"https:\/\/cac-cl.pt\/pt\/professor-paula-ravasco-participates-as-keynote-speaker-at-the-iscort-2026-congress\/\" \/>\n<meta property=\"og:site_name\" content=\"Centro Acad\u00e9mico Cl\u00ednico Cat\u00f3lica Luz (CAC-CL)\" \/>\n<meta property=\"article:published_time\" content=\"2026-01-16T11:07:39+00:00\" \/>\n<meta property=\"article:modified_time\" content=\"2026-01-16T13:29:58+00:00\" \/>\n<meta property=\"og:image\" content=\"https:\/\/cac-cl.pt\/wp-content\/uploads\/2026\/01\/1768375361331-1-e1768561782483.jpeg\" \/>\n\t<meta property=\"og:image:width\" content=\"1048\" \/>\n\t<meta property=\"og:image:height\" content=\"730\" \/>\n\t<meta property=\"og:image:type\" content=\"image\/jpeg\" \/>\n<meta name=\"author\" content=\"cacclpt\" \/>\n<meta name=\"twitter:card\" content=\"summary_large_image\" \/>\n<meta name=\"twitter:label1\" content=\"Escrito por\" \/>\n\t<meta name=\"twitter:data1\" content=\"cacclpt\" \/>\n\t<meta name=\"twitter:label2\" content=\"Tempo estimado de leitura\" \/>\n\t<meta name=\"twitter:data2\" content=\"1 minuto\" \/>\n<script type=\"application\/ld+json\" class=\"yoast-schema-graph\">{\"@context\":\"https:\\\/\\\/schema.org\",\"@graph\":[{\"@type\":\"Article\",\"@id\":\"https:\\\/\\\/cac-cl.pt\\\/professor-paula-ravasco-participates-as-keynote-speaker-at-the-iscort-2026-congress\\\/#article\",\"isPartOf\":{\"@id\":\"https:\\\/\\\/cac-cl.pt\\\/professor-paula-ravasco-participates-as-keynote-speaker-at-the-iscort-2026-congress\\\/\"},\"author\":{\"name\":\"cacclpt\",\"@id\":\"https:\\\/\\\/cac-cl.pt\\\/#\\\/schema\\\/person\\\/c09c41364ed1103a75086a2c00052975\"},\"headline\":\"Professor Paula Ravasco participates as keynote speaker at the ISCORT 2026 Congress\",\"datePublished\":\"2026-01-16T11:07:39+00:00\",\"dateModified\":\"2026-01-16T13:29:58+00:00\",\"mainEntityOfPage\":{\"@id\":\"https:\\\/\\\/cac-cl.pt\\\/professor-paula-ravasco-participates-as-keynote-speaker-at-the-iscort-2026-congress\\\/\"},\"wordCount\":123,\"commentCount\":0,\"publisher\":{\"@id\":\"https:\\\/\\\/cac-cl.pt\\\/#organization\"},\"image\":{\"@id\":\"https:\\\/\\\/cac-cl.pt\\\/professor-paula-ravasco-participates-as-keynote-speaker-at-the-iscort-2026-congress\\\/#primaryimage\"},\"thumbnailUrl\":\"https:\\\/\\\/cac-cl.pt\\\/wp-content\\\/uploads\\\/2026\\\/01\\\/1768375361331-1-e1768561782483.jpeg\",\"articleSection\":[\"News\"],\"inLanguage\":\"pt-PT\",\"potentialAction\":[{\"@type\":\"CommentAction\",\"name\":\"Comment\",\"target\":[\"https:\\\/\\\/cac-cl.pt\\\/professor-paula-ravasco-participates-as-keynote-speaker-at-the-iscort-2026-congress\\\/#respond\"]}]},{\"@type\":\"WebPage\",\"@id\":\"https:\\\/\\\/cac-cl.pt\\\/professor-paula-ravasco-participates-as-keynote-speaker-at-the-iscort-2026-congress\\\/\",\"url\":\"https:\\\/\\\/cac-cl.pt\\\/professor-paula-ravasco-participates-as-keynote-speaker-at-the-iscort-2026-congress\\\/\",\"name\":\"Professor Paula Ravasco participates as keynote speaker at the ISCORT 2026 Congress | Centro Acad\u00e9mico Cl\u00ednico Cat\u00f3lica Luz (CAC-CL)\",\"isPartOf\":{\"@id\":\"https:\\\/\\\/cac-cl.pt\\\/#website\"},\"primaryImageOfPage\":{\"@id\":\"https:\\\/\\\/cac-cl.pt\\\/professor-paula-ravasco-participates-as-keynote-speaker-at-the-iscort-2026-congress\\\/#primaryimage\"},\"image\":{\"@id\":\"https:\\\/\\\/cac-cl.pt\\\/professor-paula-ravasco-participates-as-keynote-speaker-at-the-iscort-2026-congress\\\/#primaryimage\"},\"thumbnailUrl\":\"https:\\\/\\\/cac-cl.pt\\\/wp-content\\\/uploads\\\/2026\\\/01\\\/1768375361331-1-e1768561782483.jpeg\",\"datePublished\":\"2026-01-16T11:07:39+00:00\",\"dateModified\":\"2026-01-16T13:29:58+00:00\",\"breadcrumb\":{\"@id\":\"https:\\\/\\\/cac-cl.pt\\\/professor-paula-ravasco-participates-as-keynote-speaker-at-the-iscort-2026-congress\\\/#breadcrumb\"},\"inLanguage\":\"pt-PT\",\"potentialAction\":[{\"@type\":\"ReadAction\",\"target\":[\"https:\\\/\\\/cac-cl.pt\\\/professor-paula-ravasco-participates-as-keynote-speaker-at-the-iscort-2026-congress\\\/\"]}]},{\"@type\":\"ImageObject\",\"inLanguage\":\"pt-PT\",\"@id\":\"https:\\\/\\\/cac-cl.pt\\\/professor-paula-ravasco-participates-as-keynote-speaker-at-the-iscort-2026-congress\\\/#primaryimage\",\"url\":\"https:\\\/\\\/cac-cl.pt\\\/wp-content\\\/uploads\\\/2026\\\/01\\\/1768375361331-1-e1768561782483.jpeg\",\"contentUrl\":\"https:\\\/\\\/cac-cl.pt\\\/wp-content\\\/uploads\\\/2026\\\/01\\\/1768375361331-1-e1768561782483.jpeg\",\"width\":1048,\"height\":730},{\"@type\":\"BreadcrumbList\",\"@id\":\"https:\\\/\\\/cac-cl.pt\\\/professor-paula-ravasco-participates-as-keynote-speaker-at-the-iscort-2026-congress\\\/#breadcrumb\",\"itemListElement\":[{\"@type\":\"ListItem\",\"position\":1,\"name\":\"In\u00edcio\",\"item\":\"https:\\\/\\\/cac-cl.pt\\\/\"},{\"@type\":\"ListItem\",\"position\":2,\"name\":\"Professor Paula Ravasco participates as keynote speaker at the ISCORT 2026 Congress\"}]},{\"@type\":\"WebSite\",\"@id\":\"https:\\\/\\\/cac-cl.pt\\\/#website\",\"url\":\"https:\\\/\\\/cac-cl.pt\\\/\",\"name\":\"Centro Acad\u00e9mico Cl\u00ednico Cat\u00f3lica Luz (CAC-CL)\",\"description\":\"Centro Acad\u00e9mico Cl\u00ednico Cat\u00f3lica Luz\",\"publisher\":{\"@id\":\"https:\\\/\\\/cac-cl.pt\\\/#organization\"},\"alternateName\":\"CAC-CL\",\"potentialAction\":[{\"@type\":\"SearchAction\",\"target\":{\"@type\":\"EntryPoint\",\"urlTemplate\":\"https:\\\/\\\/cac-cl.pt\\\/?s={search_term_string}\"},\"query-input\":{\"@type\":\"PropertyValueSpecification\",\"valueRequired\":true,\"valueName\":\"search_term_string\"}}],\"inLanguage\":\"pt-PT\"},{\"@type\":\"Organization\",\"@id\":\"https:\\\/\\\/cac-cl.pt\\\/#organization\",\"name\":\"Centro Acad\u00e9mico Cl\u00ednico Cat\u00f3lica Luz (CAC-CL)\",\"alternateName\":\"CAC-CL\",\"url\":\"https:\\\/\\\/cac-cl.pt\\\/\",\"logo\":{\"@type\":\"ImageObject\",\"inLanguage\":\"pt-PT\",\"@id\":\"https:\\\/\\\/cac-cl.pt\\\/#\\\/schema\\\/logo\\\/image\\\/\",\"url\":\"https:\\\/\\\/cac-cl.pt\\\/wp-content\\\/uploads\\\/2024\\\/04\\\/cropped-CAC_Logotipo_Principal_Positivo-e1712844263631.png\",\"contentUrl\":\"https:\\\/\\\/cac-cl.pt\\\/wp-content\\\/uploads\\\/2024\\\/04\\\/cropped-CAC_Logotipo_Principal_Positivo-e1712844263631.png\",\"width\":2249,\"height\":1409,\"caption\":\"Centro Acad\u00e9mico Cl\u00ednico Cat\u00f3lica Luz (CAC-CL)\"},\"image\":{\"@id\":\"https:\\\/\\\/cac-cl.pt\\\/#\\\/schema\\\/logo\\\/image\\\/\"},\"sameAs\":[\"https:\\\/\\\/www.linkedin.com\\\/company\\\/caolica-luz-cac\\\/\",\"https:\\\/\\\/www.instagram.com\\\/caccl.pt\\\/\",\"https:\\\/\\\/pt.pinterest.com\\\/catolicaluz\\\/\"]},{\"@type\":\"Person\",\"@id\":\"https:\\\/\\\/cac-cl.pt\\\/#\\\/schema\\\/person\\\/c09c41364ed1103a75086a2c00052975\",\"name\":\"cacclpt\",\"image\":{\"@type\":\"ImageObject\",\"inLanguage\":\"pt-PT\",\"@id\":\"https:\\\/\\\/secure.gravatar.com\\\/avatar\\\/e62818874125131105711e60ec6e0aabbb8b357c5c5100eca07aa1e9a256d55d?s=96&d=mm&r=g\",\"url\":\"https:\\\/\\\/secure.gravatar.com\\\/avatar\\\/e62818874125131105711e60ec6e0aabbb8b357c5c5100eca07aa1e9a256d55d?s=96&d=mm&r=g\",\"contentUrl\":\"https:\\\/\\\/secure.gravatar.com\\\/avatar\\\/e62818874125131105711e60ec6e0aabbb8b357c5c5100eca07aa1e9a256d55d?s=96&d=mm&r=g\",\"caption\":\"cacclpt\"},\"sameAs\":[\"https:\\\/\\\/cac-cl.pt\"],\"url\":\"https:\\\/\\\/cac-cl.pt\\\/pt\\\/author\\\/cacclpt1\\\/\"}]}<\/script>\n<!-- \/ Yoast SEO plugin. -->","yoast_head_json":{"title":"Professor Paula Ravasco participates as keynote speaker at the ISCORT 2026 Congress | Centro Acad\u00e9mico Cl\u00ednico Cat\u00f3lica Luz (CAC-CL)","robots":{"index":"index","follow":"follow","max-snippet":"max-snippet:-1","max-image-preview":"max-image-preview:large","max-video-preview":"max-video-preview:-1"},"canonical":"https:\/\/cac-cl.pt\/pt\/professor-paula-ravasco-participates-as-keynote-speaker-at-the-iscort-2026-congress\/","og_locale":"pt_PT","og_type":"article","og_title":"Professor Paula Ravasco participates as keynote speaker at the ISCORT 2026 Congress | Centro Acad\u00e9mico Cl\u00ednico Cat\u00f3lica Luz (CAC-CL)","og_description":"Professor Paula Ravasco, from the Cat\u00f3lica Medical School, was invited to deliver a scientific keynote lecture at the ISCORT 2026 Congress, organised by the Israeli Society of Clinical Oncology and Radiation Therapy. The lecture, entitled \u201cNutrition in cancer care: fundamental knowledge for oncologists\u201d, focused on the essential role of nutrition in oncology care, highlighting the [&hellip;]","og_url":"https:\/\/cac-cl.pt\/pt\/professor-paula-ravasco-participates-as-keynote-speaker-at-the-iscort-2026-congress\/","og_site_name":"Centro Acad\u00e9mico Cl\u00ednico Cat\u00f3lica Luz (CAC-CL)","article_published_time":"2026-01-16T11:07:39+00:00","article_modified_time":"2026-01-16T13:29:58+00:00","og_image":[{"width":1048,"height":730,"url":"https:\/\/cac-cl.pt\/wp-content\/uploads\/2026\/01\/1768375361331-1-e1768561782483.jpeg","type":"image\/jpeg"}],"author":"cacclpt","twitter_card":"summary_large_image","twitter_misc":{"Escrito por":"cacclpt","Tempo estimado de leitura":"1 minuto"},"schema":{"@context":"https:\/\/schema.org","@graph":[{"@type":"Article","@id":"https:\/\/cac-cl.pt\/professor-paula-ravasco-participates-as-keynote-speaker-at-the-iscort-2026-congress\/#article","isPartOf":{"@id":"https:\/\/cac-cl.pt\/professor-paula-ravasco-participates-as-keynote-speaker-at-the-iscort-2026-congress\/"},"author":{"name":"cacclpt","@id":"https:\/\/cac-cl.pt\/#\/schema\/person\/c09c41364ed1103a75086a2c00052975"},"headline":"Professor Paula Ravasco participates as keynote speaker at the ISCORT 2026 Congress","datePublished":"2026-01-16T11:07:39+00:00","dateModified":"2026-01-16T13:29:58+00:00","mainEntityOfPage":{"@id":"https:\/\/cac-cl.pt\/professor-paula-ravasco-participates-as-keynote-speaker-at-the-iscort-2026-congress\/"},"wordCount":123,"commentCount":0,"publisher":{"@id":"https:\/\/cac-cl.pt\/#organization"},"image":{"@id":"https:\/\/cac-cl.pt\/professor-paula-ravasco-participates-as-keynote-speaker-at-the-iscort-2026-congress\/#primaryimage"},"thumbnailUrl":"https:\/\/cac-cl.pt\/wp-content\/uploads\/2026\/01\/1768375361331-1-e1768561782483.jpeg","articleSection":["News"],"inLanguage":"pt-PT","potentialAction":[{"@type":"CommentAction","name":"Comment","target":["https:\/\/cac-cl.pt\/professor-paula-ravasco-participates-as-keynote-speaker-at-the-iscort-2026-congress\/#respond"]}]},{"@type":"WebPage","@id":"https:\/\/cac-cl.pt\/professor-paula-ravasco-participates-as-keynote-speaker-at-the-iscort-2026-congress\/","url":"https:\/\/cac-cl.pt\/professor-paula-ravasco-participates-as-keynote-speaker-at-the-iscort-2026-congress\/","name":"Professor Paula Ravasco participates as keynote speaker at the ISCORT 2026 Congress | Centro Acad\u00e9mico Cl\u00ednico Cat\u00f3lica Luz (CAC-CL)","isPartOf":{"@id":"https:\/\/cac-cl.pt\/#website"},"primaryImageOfPage":{"@id":"https:\/\/cac-cl.pt\/professor-paula-ravasco-participates-as-keynote-speaker-at-the-iscort-2026-congress\/#primaryimage"},"image":{"@id":"https:\/\/cac-cl.pt\/professor-paula-ravasco-participates-as-keynote-speaker-at-the-iscort-2026-congress\/#primaryimage"},"thumbnailUrl":"https:\/\/cac-cl.pt\/wp-content\/uploads\/2026\/01\/1768375361331-1-e1768561782483.jpeg","datePublished":"2026-01-16T11:07:39+00:00","dateModified":"2026-01-16T13:29:58+00:00","breadcrumb":{"@id":"https:\/\/cac-cl.pt\/professor-paula-ravasco-participates-as-keynote-speaker-at-the-iscort-2026-congress\/#breadcrumb"},"inLanguage":"pt-PT","potentialAction":[{"@type":"ReadAction","target":["https:\/\/cac-cl.pt\/professor-paula-ravasco-participates-as-keynote-speaker-at-the-iscort-2026-congress\/"]}]},{"@type":"ImageObject","inLanguage":"pt-PT","@id":"https:\/\/cac-cl.pt\/professor-paula-ravasco-participates-as-keynote-speaker-at-the-iscort-2026-congress\/#primaryimage","url":"https:\/\/cac-cl.pt\/wp-content\/uploads\/2026\/01\/1768375361331-1-e1768561782483.jpeg","contentUrl":"https:\/\/cac-cl.pt\/wp-content\/uploads\/2026\/01\/1768375361331-1-e1768561782483.jpeg","width":1048,"height":730},{"@type":"BreadcrumbList","@id":"https:\/\/cac-cl.pt\/professor-paula-ravasco-participates-as-keynote-speaker-at-the-iscort-2026-congress\/#breadcrumb","itemListElement":[{"@type":"ListItem","position":1,"name":"In\u00edcio","item":"https:\/\/cac-cl.pt\/"},{"@type":"ListItem","position":2,"name":"Professor Paula Ravasco participates as keynote speaker at the ISCORT 2026 Congress"}]},{"@type":"WebSite","@id":"https:\/\/cac-cl.pt\/#website","url":"https:\/\/cac-cl.pt\/","name":"Centro Acad\u00e9mico Cl\u00ednico Cat\u00f3lica Luz (CAC-CL)","description":"Centro Acad\u00e9mico Cl\u00ednico Cat\u00f3lica Luz","publisher":{"@id":"https:\/\/cac-cl.pt\/#organization"},"alternateName":"CAC-CL","potentialAction":[{"@type":"SearchAction","target":{"@type":"EntryPoint","urlTemplate":"https:\/\/cac-cl.pt\/?s={search_term_string}"},"query-input":{"@type":"PropertyValueSpecification","valueRequired":true,"valueName":"search_term_string"}}],"inLanguage":"pt-PT"},{"@type":"Organization","@id":"https:\/\/cac-cl.pt\/#organization","name":"Centro Acad\u00e9mico Cl\u00ednico Cat\u00f3lica Luz (CAC-CL)","alternateName":"CAC-CL","url":"https:\/\/cac-cl.pt\/","logo":{"@type":"ImageObject","inLanguage":"pt-PT","@id":"https:\/\/cac-cl.pt\/#\/schema\/logo\/image\/","url":"https:\/\/cac-cl.pt\/wp-content\/uploads\/2024\/04\/cropped-CAC_Logotipo_Principal_Positivo-e1712844263631.png","contentUrl":"https:\/\/cac-cl.pt\/wp-content\/uploads\/2024\/04\/cropped-CAC_Logotipo_Principal_Positivo-e1712844263631.png","width":2249,"height":1409,"caption":"Centro Acad\u00e9mico Cl\u00ednico Cat\u00f3lica Luz (CAC-CL)"},"image":{"@id":"https:\/\/cac-cl.pt\/#\/schema\/logo\/image\/"},"sameAs":["https:\/\/www.linkedin.com\/company\/caolica-luz-cac\/","https:\/\/www.instagram.com\/caccl.pt\/","https:\/\/pt.pinterest.com\/catolicaluz\/"]},{"@type":"Person","@id":"https:\/\/cac-cl.pt\/#\/schema\/person\/c09c41364ed1103a75086a2c00052975","name":"cacclpt","image":{"@type":"ImageObject","inLanguage":"pt-PT","@id":"https:\/\/secure.gravatar.com\/avatar\/e62818874125131105711e60ec6e0aabbb8b357c5c5100eca07aa1e9a256d55d?s=96&d=mm&r=g","url":"https:\/\/secure.gravatar.com\/avatar\/e62818874125131105711e60ec6e0aabbb8b357c5c5100eca07aa1e9a256d55d?s=96&d=mm&r=g","contentUrl":"https:\/\/secure.gravatar.com\/avatar\/e62818874125131105711e60ec6e0aabbb8b357c5c5100eca07aa1e9a256d55d?s=96&d=mm&r=g","caption":"cacclpt"},"sameAs":["https:\/\/cac-cl.pt"],"url":"https:\/\/cac-cl.pt\/pt\/author\/cacclpt1\/"}]}},"_links":{"self":[{"href":"https:\/\/cac-cl.pt\/pt\/wp-json\/wp\/v2\/posts\/14429","targetHints":{"allow":["GET"]}}],"collection":[{"href":"https:\/\/cac-cl.pt\/pt\/wp-json\/wp\/v2\/posts"}],"about":[{"href":"https:\/\/cac-cl.pt\/pt\/wp-json\/wp\/v2\/types\/post"}],"author":[{"embeddable":true,"href":"https:\/\/cac-cl.pt\/pt\/wp-json\/wp\/v2\/users\/1"}],"replies":[{"embeddable":true,"href":"https:\/\/cac-cl.pt\/pt\/wp-json\/wp\/v2\/comments?post=14429"}],"version-history":[{"count":5,"href":"https:\/\/cac-cl.pt\/pt\/wp-json\/wp\/v2\/posts\/14429\/revisions"}],"predecessor-version":[{"id":14436,"href":"https:\/\/cac-cl.pt\/pt\/wp-json\/wp\/v2\/posts\/14429\/revisions\/14436"}],"wp:featuredmedia":[{"embeddable":true,"href":"https:\/\/cac-cl.pt\/pt\/wp-json\/wp\/v2\/media\/14430"}],"wp:attachment":[{"href":"https:\/\/cac-cl.pt\/pt\/wp-json\/wp\/v2\/media?parent=14429"}],"wp:term":[{"taxonomy":"category","embeddable":true,"href":"https:\/\/cac-cl.pt\/pt\/wp-json\/wp\/v2\/categories?post=14429"},{"taxonomy":"post_tag","embeddable":true,"href":"https:\/\/cac-cl.pt\/pt\/wp-json\/wp\/v2\/tags?post=14429"}],"curies":[{"name":"wp","href":"https:\/\/api.w.org\/{rel}","templated":true}]}}