{"id":14438,"date":"2026-01-19T14:10:52","date_gmt":"2026-01-19T14:10:52","guid":{"rendered":"https:\/\/cac-cl.pt\/?p=14438"},"modified":"2026-01-19T14:10:53","modified_gmt":"2026-01-19T14:10:53","slug":"up-to-e2500-for-student-initiatives-that-contribute-to-inclusion-and-diversity-sustainability-or-wellbeing","status":"publish","type":"post","link":"https:\/\/cac-cl.pt\/pt\/up-to-e2500-for-student-initiatives-that-contribute-to-inclusion-and-diversity-sustainability-or-wellbeing\/","title":{"rendered":"Up to \u20ac2,500 for student initiatives that contribute to inclusion and diversity, sustainability, or wellbeing"},"content":{"rendered":"<p>As part of the&nbsp;<a href=\"https:\/\/www.ucp.pt\/international\/transform4europe\" target=\"_blank\" rel=\"noreferrer noopener\">Transform4Europe<\/a>&nbsp;(T4EU) Alliance, the third call for Student Initiatives is now open, offering student clubs or individual teams of students at Cat\u00f3lica the opportunity to receive funding to bring their ideas to life and contribute to the improvement of their campi and the European university community.<\/p>\n\n\n\n<p>This initiative aims to encourage the creation of projects that promote cooperation, sustainability and student well-being, while strengthening collaboration between student communities and creating a sense of belonging to a shared T4EU community.<\/p>\n\n\n\n<p>The selected initiatives should be developed by international teams composed of students from three different universities in the alliance. Each proposal should be presented as a project with defined start and end dates and a budget, and should demonstrate a positive impact on the Alliance&#8217;s interconnectivity, promoting mutual understanding and cooperation among students.<\/p>\n\n\n\n<p>The focus of the initiatives should include at least one of these areas: inclusion and diversity, sustainability or well-being, with the aim of strengthening the sense of belonging to a common transnational campus. Students can form their team through the&nbsp;<a href=\"https:\/\/chat.whatsapp.com\/Ed5RlTKP0py7P0TGgyriRs\" target=\"_blank\" rel=\"noreferrer noopener\">WhatsApp&nbsp;<\/a>group or join new colleagues at T4EU events.<\/p>\n\n\n\n<p>Students can use the&nbsp;<a href=\"https:\/\/transform4europe.eu\/t4eu-green-campus\/\" target=\"_blank\" rel=\"noreferrer noopener\">T4EU Green Campus Catalogue<\/a>&nbsp;to search and find more information<br>about existing student groups at their universities.<\/p>\n\n\n\n<p><strong>Applications conditions:<\/strong><a href=\" https:\/\/transform4europe.eu\/student-initiatives\/\"> https:\/\/transform4europe.eu\/student-initiatives\/<\/a><\/p>\n\n\n\n<p>For questions, please contact&nbsp;<a href=\"mailto:transform4europe@upr.si\" target=\"_blank\" rel=\"noreferrer noopener\">transform4europe@upr.si<\/a>.<\/p>","protected":false},"excerpt":{"rendered":"<p>As part of the&nbsp;Transform4Europe&nbsp;(T4EU) Alliance, the third call for Student Initiatives is now open, offering student clubs or individual teams of students at Cat\u00f3lica the opportunity to receive funding to bring their ideas to life and contribute to the improvement of their campi and the European university community. This initiative aims to encourage the creation [&hellip;]<\/p>\n","protected":false},"author":1,"featured_media":14439,"comment_status":"open","ping_status":"open","sticky":false,"template":"","format":"standard","meta":{"_acf_changed":false,"inline_featured_image":false,"footnotes":""},"categories":[134],"tags":[],"class_list":["post-14438","post","type-post","status-publish","format-standard","has-post-thumbnail","hentry","category-news"],"acf":[],"yoast_head":"<!-- This site is optimized with the Yoast SEO plugin v27.5 - https:\/\/yoast.com\/product\/yoast-seo-wordpress\/ -->\n<title>Up to \u20ac2,500 for student initiatives that contribute to inclusion and diversity, sustainability, or wellbeing | Centro Acad\u00e9mico Cl\u00ednico Cat\u00f3lica Luz (CAC-CL)<\/title>\n<meta name=\"robots\" content=\"index, follow, max-snippet:-1, max-image-preview:large, max-video-preview:-1\" \/>\n<link rel=\"canonical\" href=\"https:\/\/cac-cl.pt\/pt\/up-to-e2500-for-student-initiatives-that-contribute-to-inclusion-and-diversity-sustainability-or-wellbeing\/\" \/>\n<meta property=\"og:locale\" content=\"pt_PT\" \/>\n<meta property=\"og:type\" content=\"article\" \/>\n<meta property=\"og:title\" content=\"Up to \u20ac2,500 for student initiatives that contribute to inclusion and diversity, sustainability, or wellbeing | Centro Acad\u00e9mico Cl\u00ednico Cat\u00f3lica Luz (CAC-CL)\" \/>\n<meta property=\"og:description\" content=\"As part of the&nbsp;Transform4Europe&nbsp;(T4EU) Alliance, the third call for Student Initiatives is now open, offering student clubs or individual teams of students at Cat\u00f3lica the opportunity to receive funding to bring their ideas to life and contribute to the improvement of their campi and the European university community. This initiative aims to encourage the creation [&hellip;]\" \/>\n<meta property=\"og:url\" content=\"https:\/\/cac-cl.pt\/pt\/up-to-e2500-for-student-initiatives-that-contribute-to-inclusion-and-diversity-sustainability-or-wellbeing\/\" \/>\n<meta property=\"og:site_name\" content=\"Centro Acad\u00e9mico Cl\u00ednico Cat\u00f3lica Luz (CAC-CL)\" \/>\n<meta property=\"article:published_time\" content=\"2026-01-19T14:10:52+00:00\" \/>\n<meta property=\"article:modified_time\" content=\"2026-01-19T14:10:53+00:00\" \/>\n<meta property=\"og:image\" content=\"https:\/\/cac-cl.pt\/wp-content\/uploads\/2026\/01\/DSC_5188.jpg\" \/>\n\t<meta property=\"og:image:width\" content=\"575\" \/>\n\t<meta property=\"og:image:height\" content=\"370\" \/>\n\t<meta property=\"og:image:type\" content=\"image\/jpeg\" \/>\n<meta name=\"author\" content=\"cacclpt\" \/>\n<meta name=\"twitter:card\" content=\"summary_large_image\" \/>\n<meta name=\"twitter:label1\" content=\"Escrito por\" \/>\n\t<meta name=\"twitter:data1\" content=\"cacclpt\" \/>\n\t<meta name=\"twitter:label2\" content=\"Tempo estimado de leitura\" \/>\n\t<meta name=\"twitter:data2\" content=\"2 minutos\" \/>\n<script type=\"application\/ld+json\" class=\"yoast-schema-graph\">{\"@context\":\"https:\\\/\\\/schema.org\",\"@graph\":[{\"@type\":\"Article\",\"@id\":\"https:\\\/\\\/cac-cl.pt\\\/up-to-e2500-for-student-initiatives-that-contribute-to-inclusion-and-diversity-sustainability-or-wellbeing\\\/#article\",\"isPartOf\":{\"@id\":\"https:\\\/\\\/cac-cl.pt\\\/up-to-e2500-for-student-initiatives-that-contribute-to-inclusion-and-diversity-sustainability-or-wellbeing\\\/\"},\"author\":{\"name\":\"cacclpt\",\"@id\":\"https:\\\/\\\/cac-cl.pt\\\/#\\\/schema\\\/person\\\/c09c41364ed1103a75086a2c00052975\"},\"headline\":\"Up to \u20ac2,500 for student initiatives that contribute to inclusion and diversity, sustainability, or wellbeing\",\"datePublished\":\"2026-01-19T14:10:52+00:00\",\"dateModified\":\"2026-01-19T14:10:53+00:00\",\"mainEntityOfPage\":{\"@id\":\"https:\\\/\\\/cac-cl.pt\\\/up-to-e2500-for-student-initiatives-that-contribute-to-inclusion-and-diversity-sustainability-or-wellbeing\\\/\"},\"wordCount\":248,\"commentCount\":0,\"publisher\":{\"@id\":\"https:\\\/\\\/cac-cl.pt\\\/#organization\"},\"image\":{\"@id\":\"https:\\\/\\\/cac-cl.pt\\\/up-to-e2500-for-student-initiatives-that-contribute-to-inclusion-and-diversity-sustainability-or-wellbeing\\\/#primaryimage\"},\"thumbnailUrl\":\"https:\\\/\\\/cac-cl.pt\\\/wp-content\\\/uploads\\\/2026\\\/01\\\/DSC_5188.jpg\",\"articleSection\":[\"News\"],\"inLanguage\":\"pt-PT\",\"potentialAction\":[{\"@type\":\"CommentAction\",\"name\":\"Comment\",\"target\":[\"https:\\\/\\\/cac-cl.pt\\\/up-to-e2500-for-student-initiatives-that-contribute-to-inclusion-and-diversity-sustainability-or-wellbeing\\\/#respond\"]}]},{\"@type\":\"WebPage\",\"@id\":\"https:\\\/\\\/cac-cl.pt\\\/up-to-e2500-for-student-initiatives-that-contribute-to-inclusion-and-diversity-sustainability-or-wellbeing\\\/\",\"url\":\"https:\\\/\\\/cac-cl.pt\\\/up-to-e2500-for-student-initiatives-that-contribute-to-inclusion-and-diversity-sustainability-or-wellbeing\\\/\",\"name\":\"Up to \u20ac2,500 for student initiatives that contribute to inclusion and diversity, sustainability, or wellbeing | Centro Acad\u00e9mico Cl\u00ednico Cat\u00f3lica Luz (CAC-CL)\",\"isPartOf\":{\"@id\":\"https:\\\/\\\/cac-cl.pt\\\/#website\"},\"primaryImageOfPage\":{\"@id\":\"https:\\\/\\\/cac-cl.pt\\\/up-to-e2500-for-student-initiatives-that-contribute-to-inclusion-and-diversity-sustainability-or-wellbeing\\\/#primaryimage\"},\"image\":{\"@id\":\"https:\\\/\\\/cac-cl.pt\\\/up-to-e2500-for-student-initiatives-that-contribute-to-inclusion-and-diversity-sustainability-or-wellbeing\\\/#primaryimage\"},\"thumbnailUrl\":\"https:\\\/\\\/cac-cl.pt\\\/wp-content\\\/uploads\\\/2026\\\/01\\\/DSC_5188.jpg\",\"datePublished\":\"2026-01-19T14:10:52+00:00\",\"dateModified\":\"2026-01-19T14:10:53+00:00\",\"breadcrumb\":{\"@id\":\"https:\\\/\\\/cac-cl.pt\\\/up-to-e2500-for-student-initiatives-that-contribute-to-inclusion-and-diversity-sustainability-or-wellbeing\\\/#breadcrumb\"},\"inLanguage\":\"pt-PT\",\"potentialAction\":[{\"@type\":\"ReadAction\",\"target\":[\"https:\\\/\\\/cac-cl.pt\\\/up-to-e2500-for-student-initiatives-that-contribute-to-inclusion-and-diversity-sustainability-or-wellbeing\\\/\"]}]},{\"@type\":\"ImageObject\",\"inLanguage\":\"pt-PT\",\"@id\":\"https:\\\/\\\/cac-cl.pt\\\/up-to-e2500-for-student-initiatives-that-contribute-to-inclusion-and-diversity-sustainability-or-wellbeing\\\/#primaryimage\",\"url\":\"https:\\\/\\\/cac-cl.pt\\\/wp-content\\\/uploads\\\/2026\\\/01\\\/DSC_5188.jpg\",\"contentUrl\":\"https:\\\/\\\/cac-cl.pt\\\/wp-content\\\/uploads\\\/2026\\\/01\\\/DSC_5188.jpg\",\"width\":575,\"height\":370},{\"@type\":\"BreadcrumbList\",\"@id\":\"https:\\\/\\\/cac-cl.pt\\\/up-to-e2500-for-student-initiatives-that-contribute-to-inclusion-and-diversity-sustainability-or-wellbeing\\\/#breadcrumb\",\"itemListElement\":[{\"@type\":\"ListItem\",\"position\":1,\"name\":\"In\u00edcio\",\"item\":\"https:\\\/\\\/cac-cl.pt\\\/\"},{\"@type\":\"ListItem\",\"position\":2,\"name\":\"Up to \u20ac2,500 for student initiatives that contribute to inclusion and diversity, sustainability, or wellbeing\"}]},{\"@type\":\"WebSite\",\"@id\":\"https:\\\/\\\/cac-cl.pt\\\/#website\",\"url\":\"https:\\\/\\\/cac-cl.pt\\\/\",\"name\":\"Centro Acad\u00e9mico Cl\u00ednico Cat\u00f3lica Luz (CAC-CL)\",\"description\":\"Centro Acad\u00e9mico Cl\u00ednico Cat\u00f3lica Luz\",\"publisher\":{\"@id\":\"https:\\\/\\\/cac-cl.pt\\\/#organization\"},\"alternateName\":\"CAC-CL\",\"potentialAction\":[{\"@type\":\"SearchAction\",\"target\":{\"@type\":\"EntryPoint\",\"urlTemplate\":\"https:\\\/\\\/cac-cl.pt\\\/?s={search_term_string}\"},\"query-input\":{\"@type\":\"PropertyValueSpecification\",\"valueRequired\":true,\"valueName\":\"search_term_string\"}}],\"inLanguage\":\"pt-PT\"},{\"@type\":\"Organization\",\"@id\":\"https:\\\/\\\/cac-cl.pt\\\/#organization\",\"name\":\"Centro Acad\u00e9mico Cl\u00ednico Cat\u00f3lica Luz (CAC-CL)\",\"alternateName\":\"CAC-CL\",\"url\":\"https:\\\/\\\/cac-cl.pt\\\/\",\"logo\":{\"@type\":\"ImageObject\",\"inLanguage\":\"pt-PT\",\"@id\":\"https:\\\/\\\/cac-cl.pt\\\/#\\\/schema\\\/logo\\\/image\\\/\",\"url\":\"https:\\\/\\\/cac-cl.pt\\\/wp-content\\\/uploads\\\/2024\\\/04\\\/cropped-CAC_Logotipo_Principal_Positivo-e1712844263631.png\",\"contentUrl\":\"https:\\\/\\\/cac-cl.pt\\\/wp-content\\\/uploads\\\/2024\\\/04\\\/cropped-CAC_Logotipo_Principal_Positivo-e1712844263631.png\",\"width\":2249,\"height\":1409,\"caption\":\"Centro Acad\u00e9mico Cl\u00ednico Cat\u00f3lica Luz (CAC-CL)\"},\"image\":{\"@id\":\"https:\\\/\\\/cac-cl.pt\\\/#\\\/schema\\\/logo\\\/image\\\/\"},\"sameAs\":[\"https:\\\/\\\/www.linkedin.com\\\/company\\\/caolica-luz-cac\\\/\",\"https:\\\/\\\/www.instagram.com\\\/caccl.pt\\\/\",\"https:\\\/\\\/pt.pinterest.com\\\/catolicaluz\\\/\"]},{\"@type\":\"Person\",\"@id\":\"https:\\\/\\\/cac-cl.pt\\\/#\\\/schema\\\/person\\\/c09c41364ed1103a75086a2c00052975\",\"name\":\"cacclpt\",\"image\":{\"@type\":\"ImageObject\",\"inLanguage\":\"pt-PT\",\"@id\":\"https:\\\/\\\/secure.gravatar.com\\\/avatar\\\/e62818874125131105711e60ec6e0aabbb8b357c5c5100eca07aa1e9a256d55d?s=96&d=mm&r=g\",\"url\":\"https:\\\/\\\/secure.gravatar.com\\\/avatar\\\/e62818874125131105711e60ec6e0aabbb8b357c5c5100eca07aa1e9a256d55d?s=96&d=mm&r=g\",\"contentUrl\":\"https:\\\/\\\/secure.gravatar.com\\\/avatar\\\/e62818874125131105711e60ec6e0aabbb8b357c5c5100eca07aa1e9a256d55d?s=96&d=mm&r=g\",\"caption\":\"cacclpt\"},\"sameAs\":[\"https:\\\/\\\/cac-cl.pt\"],\"url\":\"https:\\\/\\\/cac-cl.pt\\\/pt\\\/author\\\/cacclpt1\\\/\"}]}<\/script>\n<!-- \/ Yoast SEO plugin. -->","yoast_head_json":{"title":"Up to \u20ac2,500 for student initiatives that contribute to inclusion and diversity, sustainability, or wellbeing | Centro Acad\u00e9mico Cl\u00ednico Cat\u00f3lica Luz (CAC-CL)","robots":{"index":"index","follow":"follow","max-snippet":"max-snippet:-1","max-image-preview":"max-image-preview:large","max-video-preview":"max-video-preview:-1"},"canonical":"https:\/\/cac-cl.pt\/pt\/up-to-e2500-for-student-initiatives-that-contribute-to-inclusion-and-diversity-sustainability-or-wellbeing\/","og_locale":"pt_PT","og_type":"article","og_title":"Up to \u20ac2,500 for student initiatives that contribute to inclusion and diversity, sustainability, or wellbeing | Centro Acad\u00e9mico Cl\u00ednico Cat\u00f3lica Luz (CAC-CL)","og_description":"As part of the&nbsp;Transform4Europe&nbsp;(T4EU) Alliance, the third call for Student Initiatives is now open, offering student clubs or individual teams of students at Cat\u00f3lica the opportunity to receive funding to bring their ideas to life and contribute to the improvement of their campi and the European university community. This initiative aims to encourage the creation [&hellip;]","og_url":"https:\/\/cac-cl.pt\/pt\/up-to-e2500-for-student-initiatives-that-contribute-to-inclusion-and-diversity-sustainability-or-wellbeing\/","og_site_name":"Centro Acad\u00e9mico Cl\u00ednico Cat\u00f3lica Luz (CAC-CL)","article_published_time":"2026-01-19T14:10:52+00:00","article_modified_time":"2026-01-19T14:10:53+00:00","og_image":[{"width":575,"height":370,"url":"https:\/\/cac-cl.pt\/wp-content\/uploads\/2026\/01\/DSC_5188.jpg","type":"image\/jpeg"}],"author":"cacclpt","twitter_card":"summary_large_image","twitter_misc":{"Escrito por":"cacclpt","Tempo estimado de leitura":"2 minutos"},"schema":{"@context":"https:\/\/schema.org","@graph":[{"@type":"Article","@id":"https:\/\/cac-cl.pt\/up-to-e2500-for-student-initiatives-that-contribute-to-inclusion-and-diversity-sustainability-or-wellbeing\/#article","isPartOf":{"@id":"https:\/\/cac-cl.pt\/up-to-e2500-for-student-initiatives-that-contribute-to-inclusion-and-diversity-sustainability-or-wellbeing\/"},"author":{"name":"cacclpt","@id":"https:\/\/cac-cl.pt\/#\/schema\/person\/c09c41364ed1103a75086a2c00052975"},"headline":"Up to \u20ac2,500 for student initiatives that contribute to inclusion and diversity, sustainability, or wellbeing","datePublished":"2026-01-19T14:10:52+00:00","dateModified":"2026-01-19T14:10:53+00:00","mainEntityOfPage":{"@id":"https:\/\/cac-cl.pt\/up-to-e2500-for-student-initiatives-that-contribute-to-inclusion-and-diversity-sustainability-or-wellbeing\/"},"wordCount":248,"commentCount":0,"publisher":{"@id":"https:\/\/cac-cl.pt\/#organization"},"image":{"@id":"https:\/\/cac-cl.pt\/up-to-e2500-for-student-initiatives-that-contribute-to-inclusion-and-diversity-sustainability-or-wellbeing\/#primaryimage"},"thumbnailUrl":"https:\/\/cac-cl.pt\/wp-content\/uploads\/2026\/01\/DSC_5188.jpg","articleSection":["News"],"inLanguage":"pt-PT","potentialAction":[{"@type":"CommentAction","name":"Comment","target":["https:\/\/cac-cl.pt\/up-to-e2500-for-student-initiatives-that-contribute-to-inclusion-and-diversity-sustainability-or-wellbeing\/#respond"]}]},{"@type":"WebPage","@id":"https:\/\/cac-cl.pt\/up-to-e2500-for-student-initiatives-that-contribute-to-inclusion-and-diversity-sustainability-or-wellbeing\/","url":"https:\/\/cac-cl.pt\/up-to-e2500-for-student-initiatives-that-contribute-to-inclusion-and-diversity-sustainability-or-wellbeing\/","name":"Up to \u20ac2,500 for student initiatives that contribute to inclusion and diversity, sustainability, or wellbeing | Centro Acad\u00e9mico Cl\u00ednico Cat\u00f3lica Luz (CAC-CL)","isPartOf":{"@id":"https:\/\/cac-cl.pt\/#website"},"primaryImageOfPage":{"@id":"https:\/\/cac-cl.pt\/up-to-e2500-for-student-initiatives-that-contribute-to-inclusion-and-diversity-sustainability-or-wellbeing\/#primaryimage"},"image":{"@id":"https:\/\/cac-cl.pt\/up-to-e2500-for-student-initiatives-that-contribute-to-inclusion-and-diversity-sustainability-or-wellbeing\/#primaryimage"},"thumbnailUrl":"https:\/\/cac-cl.pt\/wp-content\/uploads\/2026\/01\/DSC_5188.jpg","datePublished":"2026-01-19T14:10:52+00:00","dateModified":"2026-01-19T14:10:53+00:00","breadcrumb":{"@id":"https:\/\/cac-cl.pt\/up-to-e2500-for-student-initiatives-that-contribute-to-inclusion-and-diversity-sustainability-or-wellbeing\/#breadcrumb"},"inLanguage":"pt-PT","potentialAction":[{"@type":"ReadAction","target":["https:\/\/cac-cl.pt\/up-to-e2500-for-student-initiatives-that-contribute-to-inclusion-and-diversity-sustainability-or-wellbeing\/"]}]},{"@type":"ImageObject","inLanguage":"pt-PT","@id":"https:\/\/cac-cl.pt\/up-to-e2500-for-student-initiatives-that-contribute-to-inclusion-and-diversity-sustainability-or-wellbeing\/#primaryimage","url":"https:\/\/cac-cl.pt\/wp-content\/uploads\/2026\/01\/DSC_5188.jpg","contentUrl":"https:\/\/cac-cl.pt\/wp-content\/uploads\/2026\/01\/DSC_5188.jpg","width":575,"height":370},{"@type":"BreadcrumbList","@id":"https:\/\/cac-cl.pt\/up-to-e2500-for-student-initiatives-that-contribute-to-inclusion-and-diversity-sustainability-or-wellbeing\/#breadcrumb","itemListElement":[{"@type":"ListItem","position":1,"name":"In\u00edcio","item":"https:\/\/cac-cl.pt\/"},{"@type":"ListItem","position":2,"name":"Up to \u20ac2,500 for student initiatives that contribute to inclusion and diversity, sustainability, or wellbeing"}]},{"@type":"WebSite","@id":"https:\/\/cac-cl.pt\/#website","url":"https:\/\/cac-cl.pt\/","name":"Centro Acad\u00e9mico Cl\u00ednico Cat\u00f3lica Luz (CAC-CL)","description":"Centro Acad\u00e9mico Cl\u00ednico Cat\u00f3lica Luz","publisher":{"@id":"https:\/\/cac-cl.pt\/#organization"},"alternateName":"CAC-CL","potentialAction":[{"@type":"SearchAction","target":{"@type":"EntryPoint","urlTemplate":"https:\/\/cac-cl.pt\/?s={search_term_string}"},"query-input":{"@type":"PropertyValueSpecification","valueRequired":true,"valueName":"search_term_string"}}],"inLanguage":"pt-PT"},{"@type":"Organization","@id":"https:\/\/cac-cl.pt\/#organization","name":"Centro Acad\u00e9mico Cl\u00ednico Cat\u00f3lica Luz (CAC-CL)","alternateName":"CAC-CL","url":"https:\/\/cac-cl.pt\/","logo":{"@type":"ImageObject","inLanguage":"pt-PT","@id":"https:\/\/cac-cl.pt\/#\/schema\/logo\/image\/","url":"https:\/\/cac-cl.pt\/wp-content\/uploads\/2024\/04\/cropped-CAC_Logotipo_Principal_Positivo-e1712844263631.png","contentUrl":"https:\/\/cac-cl.pt\/wp-content\/uploads\/2024\/04\/cropped-CAC_Logotipo_Principal_Positivo-e1712844263631.png","width":2249,"height":1409,"caption":"Centro Acad\u00e9mico Cl\u00ednico Cat\u00f3lica Luz (CAC-CL)"},"image":{"@id":"https:\/\/cac-cl.pt\/#\/schema\/logo\/image\/"},"sameAs":["https:\/\/www.linkedin.com\/company\/caolica-luz-cac\/","https:\/\/www.instagram.com\/caccl.pt\/","https:\/\/pt.pinterest.com\/catolicaluz\/"]},{"@type":"Person","@id":"https:\/\/cac-cl.pt\/#\/schema\/person\/c09c41364ed1103a75086a2c00052975","name":"cacclpt","image":{"@type":"ImageObject","inLanguage":"pt-PT","@id":"https:\/\/secure.gravatar.com\/avatar\/e62818874125131105711e60ec6e0aabbb8b357c5c5100eca07aa1e9a256d55d?s=96&d=mm&r=g","url":"https:\/\/secure.gravatar.com\/avatar\/e62818874125131105711e60ec6e0aabbb8b357c5c5100eca07aa1e9a256d55d?s=96&d=mm&r=g","contentUrl":"https:\/\/secure.gravatar.com\/avatar\/e62818874125131105711e60ec6e0aabbb8b357c5c5100eca07aa1e9a256d55d?s=96&d=mm&r=g","caption":"cacclpt"},"sameAs":["https:\/\/cac-cl.pt"],"url":"https:\/\/cac-cl.pt\/pt\/author\/cacclpt1\/"}]}},"_links":{"self":[{"href":"https:\/\/cac-cl.pt\/pt\/wp-json\/wp\/v2\/posts\/14438","targetHints":{"allow":["GET"]}}],"collection":[{"href":"https:\/\/cac-cl.pt\/pt\/wp-json\/wp\/v2\/posts"}],"about":[{"href":"https:\/\/cac-cl.pt\/pt\/wp-json\/wp\/v2\/types\/post"}],"author":[{"embeddable":true,"href":"https:\/\/cac-cl.pt\/pt\/wp-json\/wp\/v2\/users\/1"}],"replies":[{"embeddable":true,"href":"https:\/\/cac-cl.pt\/pt\/wp-json\/wp\/v2\/comments?post=14438"}],"version-history":[{"count":1,"href":"https:\/\/cac-cl.pt\/pt\/wp-json\/wp\/v2\/posts\/14438\/revisions"}],"predecessor-version":[{"id":14440,"href":"https:\/\/cac-cl.pt\/pt\/wp-json\/wp\/v2\/posts\/14438\/revisions\/14440"}],"wp:featuredmedia":[{"embeddable":true,"href":"https:\/\/cac-cl.pt\/pt\/wp-json\/wp\/v2\/media\/14439"}],"wp:attachment":[{"href":"https:\/\/cac-cl.pt\/pt\/wp-json\/wp\/v2\/media?parent=14438"}],"wp:term":[{"taxonomy":"category","embeddable":true,"href":"https:\/\/cac-cl.pt\/pt\/wp-json\/wp\/v2\/categories?post=14438"},{"taxonomy":"post_tag","embeddable":true,"href":"https:\/\/cac-cl.pt\/pt\/wp-json\/wp\/v2\/tags?post=14438"}],"curies":[{"name":"wp","href":"https:\/\/api.w.org\/{rel}","templated":true}]}}