{"id":14537,"date":"2026-02-19T15:37:05","date_gmt":"2026-02-19T15:37:05","guid":{"rendered":"https:\/\/cac-cl.pt\/?p=14537"},"modified":"2026-02-19T15:37:06","modified_gmt":"2026-02-19T15:37:06","slug":"opinion-article-when-butterflies-turn-into-a-knot-dating-violence-in-adolescence","status":"publish","type":"post","link":"https:\/\/cac-cl.pt\/pt\/opinion-article-when-butterflies-turn-into-a-knot-dating-violence-in-adolescence\/","title":{"rendered":"Opinion Article &#8220;When Butterflies Turn Into a Knot: Dating Violence in Adolescence&#8221;"},"content":{"rendered":"<p>Our Executive Director, Pediatrician and Faculty Member at the\u00a0<a href=\"https:\/\/fm.ucp.pt\/catolica-medical-school\"><strong>Faculdade de Medicina da Universidade Cat\u00f3lica<\/strong><\/a>, <strong><a href=\"https:\/\/fm.ucp.pt\/pt-pt\/pessoa\/ana-rita-constante\" type=\"link\" id=\"https:\/\/fm.ucp.pt\/pt-pt\/pessoa\/ana-rita-constante\">Ana Rita Constante<\/a> <\/strong>wrote an article for <em><a href=\"https:\/\/www.publico.pt\/\"><strong>P\u00fablico <\/strong><\/a><\/em>about dating violence.<\/p>\n\n\n\n<p><em>\u201cDating violence rarely begins with a shove. It begins with control, with humiliation and emotional blackmail, and with the violence that lives in our pockets and on social media. And its prevention begins in childhood, when our first idea of love is shaped\u201d.<\/em><\/p>\n\n\n\n<p><strong>\ud83d\udc49 <strong>Read the full article:<\/strong><\/strong> https:\/\/www.publico.pt\/2026\/02\/14\/impar\/opiniao\/borboletas-transformam-violencia-namoro-adolescencia-2163505<\/p>","protected":false},"excerpt":{"rendered":"<p>Our Executive Director, Pediatrician and Faculty Member at the\u00a0Cat\u00f3lica Medical School, Ana Rita Constante wrote an article for P\u00fablico about dating violence. \u201cDating violence rarely begins with a shove. It begins with control, with humiliation and emotional blackmail, and with the violence that lives in our pockets and on social media. And its prevention begins [&hellip;]<\/p>\n","protected":false},"author":1,"featured_media":14538,"comment_status":"open","ping_status":"open","sticky":false,"template":"","format":"standard","meta":{"_acf_changed":false,"inline_featured_image":false,"footnotes":""},"categories":[63],"tags":[],"class_list":["post-14537","post","type-post","status-publish","format-standard","has-post-thumbnail","hentry","category-article"],"acf":[],"yoast_head":"<!-- This site is optimized with the Yoast SEO plugin v27.5 - https:\/\/yoast.com\/product\/yoast-seo-wordpress\/ -->\n<title>Opinion Article &quot;When Butterflies Turn Into a Knot: Dating Violence in Adolescence&quot; | Centro Acad\u00e9mico Cl\u00ednico Cat\u00f3lica Luz (CAC-CL)<\/title>\n<meta name=\"robots\" content=\"index, follow, max-snippet:-1, max-image-preview:large, max-video-preview:-1\" \/>\n<link rel=\"canonical\" href=\"https:\/\/cac-cl.pt\/pt\/opinion-article-when-butterflies-turn-into-a-knot-dating-violence-in-adolescence\/\" \/>\n<meta property=\"og:locale\" content=\"pt_PT\" \/>\n<meta property=\"og:type\" content=\"article\" \/>\n<meta property=\"og:title\" content=\"Opinion Article &quot;When Butterflies Turn Into a Knot: Dating Violence in Adolescence&quot; | Centro Acad\u00e9mico Cl\u00ednico Cat\u00f3lica Luz (CAC-CL)\" \/>\n<meta property=\"og:description\" content=\"Our Executive Director, Pediatrician and Faculty Member at the\u00a0Cat\u00f3lica Medical School, Ana Rita Constante wrote an article for P\u00fablico about dating violence. \u201cDating violence rarely begins with a shove. It begins with control, with humiliation and emotional blackmail, and with the violence that lives in our pockets and on social media. And its prevention begins [&hellip;]\" \/>\n<meta property=\"og:url\" content=\"https:\/\/cac-cl.pt\/pt\/opinion-article-when-butterflies-turn-into-a-knot-dating-violence-in-adolescence\/\" \/>\n<meta property=\"og:site_name\" content=\"Centro Acad\u00e9mico Cl\u00ednico Cat\u00f3lica Luz (CAC-CL)\" \/>\n<meta property=\"article:published_time\" content=\"2026-02-19T15:37:05+00:00\" \/>\n<meta property=\"article:modified_time\" content=\"2026-02-19T15:37:06+00:00\" \/>\n<meta property=\"og:image\" content=\"https:\/\/cac-cl.pt\/wp-content\/uploads\/2026\/02\/Publicacoes-Redes-Sociais-CAC-CL.png\" \/>\n\t<meta property=\"og:image:width\" content=\"1080\" \/>\n\t<meta property=\"og:image:height\" content=\"1350\" \/>\n\t<meta property=\"og:image:type\" content=\"image\/png\" \/>\n<meta name=\"author\" content=\"cacclpt\" \/>\n<meta name=\"twitter:card\" content=\"summary_large_image\" \/>\n<meta name=\"twitter:label1\" content=\"Escrito por\" \/>\n\t<meta name=\"twitter:data1\" content=\"cacclpt\" \/>\n\t<meta name=\"twitter:label2\" content=\"Tempo estimado de leitura\" \/>\n\t<meta name=\"twitter:data2\" content=\"1 minuto\" \/>\n<script type=\"application\/ld+json\" class=\"yoast-schema-graph\">{\"@context\":\"https:\\\/\\\/schema.org\",\"@graph\":[{\"@type\":\"Article\",\"@id\":\"https:\\\/\\\/cac-cl.pt\\\/opinion-article-when-butterflies-turn-into-a-knot-dating-violence-in-adolescence\\\/#article\",\"isPartOf\":{\"@id\":\"https:\\\/\\\/cac-cl.pt\\\/opinion-article-when-butterflies-turn-into-a-knot-dating-violence-in-adolescence\\\/\"},\"author\":{\"name\":\"cacclpt\",\"@id\":\"https:\\\/\\\/cac-cl.pt\\\/#\\\/schema\\\/person\\\/c09c41364ed1103a75086a2c00052975\"},\"headline\":\"Opinion Article &#8220;When Butterflies Turn Into a Knot: Dating Violence in Adolescence&#8221;\",\"datePublished\":\"2026-02-19T15:37:05+00:00\",\"dateModified\":\"2026-02-19T15:37:06+00:00\",\"mainEntityOfPage\":{\"@id\":\"https:\\\/\\\/cac-cl.pt\\\/opinion-article-when-butterflies-turn-into-a-knot-dating-violence-in-adolescence\\\/\"},\"wordCount\":91,\"commentCount\":0,\"publisher\":{\"@id\":\"https:\\\/\\\/cac-cl.pt\\\/#organization\"},\"image\":{\"@id\":\"https:\\\/\\\/cac-cl.pt\\\/opinion-article-when-butterflies-turn-into-a-knot-dating-violence-in-adolescence\\\/#primaryimage\"},\"thumbnailUrl\":\"https:\\\/\\\/cac-cl.pt\\\/wp-content\\\/uploads\\\/2026\\\/02\\\/Publicacoes-Redes-Sociais-CAC-CL.png\",\"articleSection\":[\"Article\"],\"inLanguage\":\"pt-PT\",\"potentialAction\":[{\"@type\":\"CommentAction\",\"name\":\"Comment\",\"target\":[\"https:\\\/\\\/cac-cl.pt\\\/opinion-article-when-butterflies-turn-into-a-knot-dating-violence-in-adolescence\\\/#respond\"]}]},{\"@type\":\"WebPage\",\"@id\":\"https:\\\/\\\/cac-cl.pt\\\/opinion-article-when-butterflies-turn-into-a-knot-dating-violence-in-adolescence\\\/\",\"url\":\"https:\\\/\\\/cac-cl.pt\\\/opinion-article-when-butterflies-turn-into-a-knot-dating-violence-in-adolescence\\\/\",\"name\":\"Opinion Article \\\"When Butterflies Turn Into a Knot: Dating Violence in Adolescence\\\" | Centro Acad\u00e9mico Cl\u00ednico Cat\u00f3lica Luz (CAC-CL)\",\"isPartOf\":{\"@id\":\"https:\\\/\\\/cac-cl.pt\\\/#website\"},\"primaryImageOfPage\":{\"@id\":\"https:\\\/\\\/cac-cl.pt\\\/opinion-article-when-butterflies-turn-into-a-knot-dating-violence-in-adolescence\\\/#primaryimage\"},\"image\":{\"@id\":\"https:\\\/\\\/cac-cl.pt\\\/opinion-article-when-butterflies-turn-into-a-knot-dating-violence-in-adolescence\\\/#primaryimage\"},\"thumbnailUrl\":\"https:\\\/\\\/cac-cl.pt\\\/wp-content\\\/uploads\\\/2026\\\/02\\\/Publicacoes-Redes-Sociais-CAC-CL.png\",\"datePublished\":\"2026-02-19T15:37:05+00:00\",\"dateModified\":\"2026-02-19T15:37:06+00:00\",\"breadcrumb\":{\"@id\":\"https:\\\/\\\/cac-cl.pt\\\/opinion-article-when-butterflies-turn-into-a-knot-dating-violence-in-adolescence\\\/#breadcrumb\"},\"inLanguage\":\"pt-PT\",\"potentialAction\":[{\"@type\":\"ReadAction\",\"target\":[\"https:\\\/\\\/cac-cl.pt\\\/opinion-article-when-butterflies-turn-into-a-knot-dating-violence-in-adolescence\\\/\"]}]},{\"@type\":\"ImageObject\",\"inLanguage\":\"pt-PT\",\"@id\":\"https:\\\/\\\/cac-cl.pt\\\/opinion-article-when-butterflies-turn-into-a-knot-dating-violence-in-adolescence\\\/#primaryimage\",\"url\":\"https:\\\/\\\/cac-cl.pt\\\/wp-content\\\/uploads\\\/2026\\\/02\\\/Publicacoes-Redes-Sociais-CAC-CL.png\",\"contentUrl\":\"https:\\\/\\\/cac-cl.pt\\\/wp-content\\\/uploads\\\/2026\\\/02\\\/Publicacoes-Redes-Sociais-CAC-CL.png\",\"width\":1080,\"height\":1350},{\"@type\":\"BreadcrumbList\",\"@id\":\"https:\\\/\\\/cac-cl.pt\\\/opinion-article-when-butterflies-turn-into-a-knot-dating-violence-in-adolescence\\\/#breadcrumb\",\"itemListElement\":[{\"@type\":\"ListItem\",\"position\":1,\"name\":\"In\u00edcio\",\"item\":\"https:\\\/\\\/cac-cl.pt\\\/\"},{\"@type\":\"ListItem\",\"position\":2,\"name\":\"Opinion Article &#8220;When Butterflies Turn Into a Knot: Dating Violence in Adolescence&#8221;\"}]},{\"@type\":\"WebSite\",\"@id\":\"https:\\\/\\\/cac-cl.pt\\\/#website\",\"url\":\"https:\\\/\\\/cac-cl.pt\\\/\",\"name\":\"Centro Acad\u00e9mico Cl\u00ednico Cat\u00f3lica Luz (CAC-CL)\",\"description\":\"Centro Acad\u00e9mico Cl\u00ednico Cat\u00f3lica Luz\",\"publisher\":{\"@id\":\"https:\\\/\\\/cac-cl.pt\\\/#organization\"},\"alternateName\":\"CAC-CL\",\"potentialAction\":[{\"@type\":\"SearchAction\",\"target\":{\"@type\":\"EntryPoint\",\"urlTemplate\":\"https:\\\/\\\/cac-cl.pt\\\/?s={search_term_string}\"},\"query-input\":{\"@type\":\"PropertyValueSpecification\",\"valueRequired\":true,\"valueName\":\"search_term_string\"}}],\"inLanguage\":\"pt-PT\"},{\"@type\":\"Organization\",\"@id\":\"https:\\\/\\\/cac-cl.pt\\\/#organization\",\"name\":\"Centro Acad\u00e9mico Cl\u00ednico Cat\u00f3lica Luz (CAC-CL)\",\"alternateName\":\"CAC-CL\",\"url\":\"https:\\\/\\\/cac-cl.pt\\\/\",\"logo\":{\"@type\":\"ImageObject\",\"inLanguage\":\"pt-PT\",\"@id\":\"https:\\\/\\\/cac-cl.pt\\\/#\\\/schema\\\/logo\\\/image\\\/\",\"url\":\"https:\\\/\\\/cac-cl.pt\\\/wp-content\\\/uploads\\\/2024\\\/04\\\/cropped-CAC_Logotipo_Principal_Positivo-e1712844263631.png\",\"contentUrl\":\"https:\\\/\\\/cac-cl.pt\\\/wp-content\\\/uploads\\\/2024\\\/04\\\/cropped-CAC_Logotipo_Principal_Positivo-e1712844263631.png\",\"width\":2249,\"height\":1409,\"caption\":\"Centro Acad\u00e9mico Cl\u00ednico Cat\u00f3lica Luz (CAC-CL)\"},\"image\":{\"@id\":\"https:\\\/\\\/cac-cl.pt\\\/#\\\/schema\\\/logo\\\/image\\\/\"},\"sameAs\":[\"https:\\\/\\\/www.linkedin.com\\\/company\\\/caolica-luz-cac\\\/\",\"https:\\\/\\\/www.instagram.com\\\/caccl.pt\\\/\",\"https:\\\/\\\/pt.pinterest.com\\\/catolicaluz\\\/\"]},{\"@type\":\"Person\",\"@id\":\"https:\\\/\\\/cac-cl.pt\\\/#\\\/schema\\\/person\\\/c09c41364ed1103a75086a2c00052975\",\"name\":\"cacclpt\",\"image\":{\"@type\":\"ImageObject\",\"inLanguage\":\"pt-PT\",\"@id\":\"https:\\\/\\\/secure.gravatar.com\\\/avatar\\\/e62818874125131105711e60ec6e0aabbb8b357c5c5100eca07aa1e9a256d55d?s=96&d=mm&r=g\",\"url\":\"https:\\\/\\\/secure.gravatar.com\\\/avatar\\\/e62818874125131105711e60ec6e0aabbb8b357c5c5100eca07aa1e9a256d55d?s=96&d=mm&r=g\",\"contentUrl\":\"https:\\\/\\\/secure.gravatar.com\\\/avatar\\\/e62818874125131105711e60ec6e0aabbb8b357c5c5100eca07aa1e9a256d55d?s=96&d=mm&r=g\",\"caption\":\"cacclpt\"},\"sameAs\":[\"https:\\\/\\\/cac-cl.pt\"],\"url\":\"https:\\\/\\\/cac-cl.pt\\\/pt\\\/author\\\/cacclpt1\\\/\"}]}<\/script>\n<!-- \/ Yoast SEO plugin. -->","yoast_head_json":{"title":"Opinion Article \"When Butterflies Turn Into a Knot: Dating Violence in Adolescence\" | Centro Acad\u00e9mico Cl\u00ednico Cat\u00f3lica Luz (CAC-CL)","robots":{"index":"index","follow":"follow","max-snippet":"max-snippet:-1","max-image-preview":"max-image-preview:large","max-video-preview":"max-video-preview:-1"},"canonical":"https:\/\/cac-cl.pt\/pt\/opinion-article-when-butterflies-turn-into-a-knot-dating-violence-in-adolescence\/","og_locale":"pt_PT","og_type":"article","og_title":"Opinion Article \"When Butterflies Turn Into a Knot: Dating Violence in Adolescence\" | Centro Acad\u00e9mico Cl\u00ednico Cat\u00f3lica Luz (CAC-CL)","og_description":"Our Executive Director, Pediatrician and Faculty Member at the\u00a0Cat\u00f3lica Medical School, Ana Rita Constante wrote an article for P\u00fablico about dating violence. \u201cDating violence rarely begins with a shove. It begins with control, with humiliation and emotional blackmail, and with the violence that lives in our pockets and on social media. And its prevention begins [&hellip;]","og_url":"https:\/\/cac-cl.pt\/pt\/opinion-article-when-butterflies-turn-into-a-knot-dating-violence-in-adolescence\/","og_site_name":"Centro Acad\u00e9mico Cl\u00ednico Cat\u00f3lica Luz (CAC-CL)","article_published_time":"2026-02-19T15:37:05+00:00","article_modified_time":"2026-02-19T15:37:06+00:00","og_image":[{"width":1080,"height":1350,"url":"https:\/\/cac-cl.pt\/wp-content\/uploads\/2026\/02\/Publicacoes-Redes-Sociais-CAC-CL.png","type":"image\/png"}],"author":"cacclpt","twitter_card":"summary_large_image","twitter_misc":{"Escrito por":"cacclpt","Tempo estimado de leitura":"1 minuto"},"schema":{"@context":"https:\/\/schema.org","@graph":[{"@type":"Article","@id":"https:\/\/cac-cl.pt\/opinion-article-when-butterflies-turn-into-a-knot-dating-violence-in-adolescence\/#article","isPartOf":{"@id":"https:\/\/cac-cl.pt\/opinion-article-when-butterflies-turn-into-a-knot-dating-violence-in-adolescence\/"},"author":{"name":"cacclpt","@id":"https:\/\/cac-cl.pt\/#\/schema\/person\/c09c41364ed1103a75086a2c00052975"},"headline":"Opinion Article &#8220;When Butterflies Turn Into a Knot: Dating Violence in Adolescence&#8221;","datePublished":"2026-02-19T15:37:05+00:00","dateModified":"2026-02-19T15:37:06+00:00","mainEntityOfPage":{"@id":"https:\/\/cac-cl.pt\/opinion-article-when-butterflies-turn-into-a-knot-dating-violence-in-adolescence\/"},"wordCount":91,"commentCount":0,"publisher":{"@id":"https:\/\/cac-cl.pt\/#organization"},"image":{"@id":"https:\/\/cac-cl.pt\/opinion-article-when-butterflies-turn-into-a-knot-dating-violence-in-adolescence\/#primaryimage"},"thumbnailUrl":"https:\/\/cac-cl.pt\/wp-content\/uploads\/2026\/02\/Publicacoes-Redes-Sociais-CAC-CL.png","articleSection":["Article"],"inLanguage":"pt-PT","potentialAction":[{"@type":"CommentAction","name":"Comment","target":["https:\/\/cac-cl.pt\/opinion-article-when-butterflies-turn-into-a-knot-dating-violence-in-adolescence\/#respond"]}]},{"@type":"WebPage","@id":"https:\/\/cac-cl.pt\/opinion-article-when-butterflies-turn-into-a-knot-dating-violence-in-adolescence\/","url":"https:\/\/cac-cl.pt\/opinion-article-when-butterflies-turn-into-a-knot-dating-violence-in-adolescence\/","name":"Opinion Article \"When Butterflies Turn Into a Knot: Dating Violence in Adolescence\" | Centro Acad\u00e9mico Cl\u00ednico Cat\u00f3lica Luz (CAC-CL)","isPartOf":{"@id":"https:\/\/cac-cl.pt\/#website"},"primaryImageOfPage":{"@id":"https:\/\/cac-cl.pt\/opinion-article-when-butterflies-turn-into-a-knot-dating-violence-in-adolescence\/#primaryimage"},"image":{"@id":"https:\/\/cac-cl.pt\/opinion-article-when-butterflies-turn-into-a-knot-dating-violence-in-adolescence\/#primaryimage"},"thumbnailUrl":"https:\/\/cac-cl.pt\/wp-content\/uploads\/2026\/02\/Publicacoes-Redes-Sociais-CAC-CL.png","datePublished":"2026-02-19T15:37:05+00:00","dateModified":"2026-02-19T15:37:06+00:00","breadcrumb":{"@id":"https:\/\/cac-cl.pt\/opinion-article-when-butterflies-turn-into-a-knot-dating-violence-in-adolescence\/#breadcrumb"},"inLanguage":"pt-PT","potentialAction":[{"@type":"ReadAction","target":["https:\/\/cac-cl.pt\/opinion-article-when-butterflies-turn-into-a-knot-dating-violence-in-adolescence\/"]}]},{"@type":"ImageObject","inLanguage":"pt-PT","@id":"https:\/\/cac-cl.pt\/opinion-article-when-butterflies-turn-into-a-knot-dating-violence-in-adolescence\/#primaryimage","url":"https:\/\/cac-cl.pt\/wp-content\/uploads\/2026\/02\/Publicacoes-Redes-Sociais-CAC-CL.png","contentUrl":"https:\/\/cac-cl.pt\/wp-content\/uploads\/2026\/02\/Publicacoes-Redes-Sociais-CAC-CL.png","width":1080,"height":1350},{"@type":"BreadcrumbList","@id":"https:\/\/cac-cl.pt\/opinion-article-when-butterflies-turn-into-a-knot-dating-violence-in-adolescence\/#breadcrumb","itemListElement":[{"@type":"ListItem","position":1,"name":"In\u00edcio","item":"https:\/\/cac-cl.pt\/"},{"@type":"ListItem","position":2,"name":"Opinion Article &#8220;When Butterflies Turn Into a Knot: Dating Violence in Adolescence&#8221;"}]},{"@type":"WebSite","@id":"https:\/\/cac-cl.pt\/#website","url":"https:\/\/cac-cl.pt\/","name":"Centro Acad\u00e9mico Cl\u00ednico Cat\u00f3lica Luz (CAC-CL)","description":"Centro Acad\u00e9mico Cl\u00ednico Cat\u00f3lica Luz","publisher":{"@id":"https:\/\/cac-cl.pt\/#organization"},"alternateName":"CAC-CL","potentialAction":[{"@type":"SearchAction","target":{"@type":"EntryPoint","urlTemplate":"https:\/\/cac-cl.pt\/?s={search_term_string}"},"query-input":{"@type":"PropertyValueSpecification","valueRequired":true,"valueName":"search_term_string"}}],"inLanguage":"pt-PT"},{"@type":"Organization","@id":"https:\/\/cac-cl.pt\/#organization","name":"Centro Acad\u00e9mico Cl\u00ednico Cat\u00f3lica Luz (CAC-CL)","alternateName":"CAC-CL","url":"https:\/\/cac-cl.pt\/","logo":{"@type":"ImageObject","inLanguage":"pt-PT","@id":"https:\/\/cac-cl.pt\/#\/schema\/logo\/image\/","url":"https:\/\/cac-cl.pt\/wp-content\/uploads\/2024\/04\/cropped-CAC_Logotipo_Principal_Positivo-e1712844263631.png","contentUrl":"https:\/\/cac-cl.pt\/wp-content\/uploads\/2024\/04\/cropped-CAC_Logotipo_Principal_Positivo-e1712844263631.png","width":2249,"height":1409,"caption":"Centro Acad\u00e9mico Cl\u00ednico Cat\u00f3lica Luz (CAC-CL)"},"image":{"@id":"https:\/\/cac-cl.pt\/#\/schema\/logo\/image\/"},"sameAs":["https:\/\/www.linkedin.com\/company\/caolica-luz-cac\/","https:\/\/www.instagram.com\/caccl.pt\/","https:\/\/pt.pinterest.com\/catolicaluz\/"]},{"@type":"Person","@id":"https:\/\/cac-cl.pt\/#\/schema\/person\/c09c41364ed1103a75086a2c00052975","name":"cacclpt","image":{"@type":"ImageObject","inLanguage":"pt-PT","@id":"https:\/\/secure.gravatar.com\/avatar\/e62818874125131105711e60ec6e0aabbb8b357c5c5100eca07aa1e9a256d55d?s=96&d=mm&r=g","url":"https:\/\/secure.gravatar.com\/avatar\/e62818874125131105711e60ec6e0aabbb8b357c5c5100eca07aa1e9a256d55d?s=96&d=mm&r=g","contentUrl":"https:\/\/secure.gravatar.com\/avatar\/e62818874125131105711e60ec6e0aabbb8b357c5c5100eca07aa1e9a256d55d?s=96&d=mm&r=g","caption":"cacclpt"},"sameAs":["https:\/\/cac-cl.pt"],"url":"https:\/\/cac-cl.pt\/pt\/author\/cacclpt1\/"}]}},"_links":{"self":[{"href":"https:\/\/cac-cl.pt\/pt\/wp-json\/wp\/v2\/posts\/14537","targetHints":{"allow":["GET"]}}],"collection":[{"href":"https:\/\/cac-cl.pt\/pt\/wp-json\/wp\/v2\/posts"}],"about":[{"href":"https:\/\/cac-cl.pt\/pt\/wp-json\/wp\/v2\/types\/post"}],"author":[{"embeddable":true,"href":"https:\/\/cac-cl.pt\/pt\/wp-json\/wp\/v2\/users\/1"}],"replies":[{"embeddable":true,"href":"https:\/\/cac-cl.pt\/pt\/wp-json\/wp\/v2\/comments?post=14537"}],"version-history":[{"count":1,"href":"https:\/\/cac-cl.pt\/pt\/wp-json\/wp\/v2\/posts\/14537\/revisions"}],"predecessor-version":[{"id":14539,"href":"https:\/\/cac-cl.pt\/pt\/wp-json\/wp\/v2\/posts\/14537\/revisions\/14539"}],"wp:featuredmedia":[{"embeddable":true,"href":"https:\/\/cac-cl.pt\/pt\/wp-json\/wp\/v2\/media\/14538"}],"wp:attachment":[{"href":"https:\/\/cac-cl.pt\/pt\/wp-json\/wp\/v2\/media?parent=14537"}],"wp:term":[{"taxonomy":"category","embeddable":true,"href":"https:\/\/cac-cl.pt\/pt\/wp-json\/wp\/v2\/categories?post=14537"},{"taxonomy":"post_tag","embeddable":true,"href":"https:\/\/cac-cl.pt\/pt\/wp-json\/wp\/v2\/tags?post=14537"}],"curies":[{"name":"wp","href":"https:\/\/api.w.org\/{rel}","templated":true}]}}