{"id":354,"date":"2022-03-25T09:32:27","date_gmt":"2022-03-25T09:32:27","guid":{"rendered":"https:\/\/labtox.themeht.com\/?p=354"},"modified":"2025-07-28T10:36:09","modified_gmt":"2025-07-28T10:36:09","slug":"cac-catolica-luz-the-first-non-governmental-clinical-academic-centre-in-portugal-is-created","status":"publish","type":"post","link":"https:\/\/cac-cl.pt\/pt\/cac-catolica-luz-the-first-non-governmental-clinical-academic-centre-in-portugal-is-created\/","title":{"rendered":"CAC Cat\u00f3lica Luz. Est\u00e1 criado o primeiro Centro Acad\u00e9mico Cl\u00ednico n\u00e3o estatal em Portugal"},"content":{"rendered":"<blockquote><p>&#8220;The Cat\u00f3lica-Luz Clinical Academic Centre contains all the necessary elements to fulfil the mission of combining the efforts of teaching, research and medical care to improve the services provided to the population&#8221;<\/p>\n<p>Isabel Capeloa Gil, Reitora da Universidade Cat\u00f3lica Portuguesa<\/p><\/blockquote>\n<p>The newly created Cat\u00f3lica Luz Clinical Academic Centre, which has now been created, aims to promote the quality of healthcare provided to the population by stimulating synergies between teaching, research and medical care.<\/p>\n<p class=\" translation-block\">A portaria que confere o estatuto de Centro Acad\u00e9mico Cl\u00ednico \u00e0 associa\u00e7\u00e3o <strong>CAC Cat\u00f3lica Luz<\/strong>, foi hoje publicada em Di\u00e1rio da Rep\u00fablica.<\/p>\n<p><strong>CAC Cat\u00f3lica Luz &#8211; Centro Acad\u00e9mico Cl\u00ednico Cat\u00f3lica Luz <\/strong>is a private non-profit association whose aim is to boost the synergies that already exist between the <strong>Universidade Cat\u00f3lica Portuguesa, Grupo Luz Sa\u00fade, S.A., Hospital da Luz, S.A., GLSMED Learning Health, S.A and the Uni\u00e3o das Miseric\u00f3rdias Portuguesas<\/strong>, entities that integrate the teaching, research and medical care components and that already collaborate with each other to develop strategies that strengthen the links between these components.<\/p>\n<p>Uma colabora\u00e7\u00e3o que visa a cria\u00e7\u00e3o de uma cultura institucional comum, focada na qualidade cient\u00edfica e cl\u00ednica num contexto internacional, facilitando e fomentando a comunica\u00e7\u00e3o e colabora\u00e7\u00e3o, otimizando a utiliza\u00e7\u00e3o de recursos humanos e infraestruturais e gerando projetos transversais comuns que contribuam para a melhoria cont\u00ednua dos cuidados de sa\u00fade.<\/p>\n<p>Segundo a Reitora da Universidade Cat\u00f3lica Portuguesa, Isabel Capeloa Gil, \u201co Centro Acad\u00e9mico Cl\u00ednico Cat\u00f3lica-Luz cont\u00e9m todos os elementos necess\u00e1rios para cumprir a miss\u00e3o de concertar os esfor\u00e7os do ensino, investiga\u00e7\u00e3o e cuidados m\u00e9dicos para a melhoria dos servi\u00e7os prestados \u00e0 popula\u00e7\u00e3o\u201d.<\/p>\n<p>\u201cO CAC - Cat\u00f3lica Luz ser\u00e1 o centro catalisador que aproximar\u00e1 a investiga\u00e7\u00e3o fundamental e translacional da pr\u00e1tica cl\u00ednica. No \u00e2mbito do CAC, a investiga\u00e7\u00e3o desempenhar\u00e1 tamb\u00e9m um papel fundamental no ensino, providenciando um polo para o desenvolvimento de projetos de investiga\u00e7\u00e3o que ter\u00e3o grande relev\u00e2ncia na pr\u00e1tica cl\u00ednica\u201d, acrescenta a Reitora da UCP.<\/p>\n<p>Isabel Capeloa Gil refere ainda que \u201ca cria\u00e7\u00e3o deste CAC trar\u00e1 um contributo importante para a medicina em Portugal, permitindo o seu desenvolvimento e progresso atrav\u00e9s da cria\u00e7\u00e3o de la\u00e7os estreitos entre todos os protagonistas na \u00e1rea da sa\u00fade\u201d.<\/p>\n<p>Com o primeiro Centro Acad\u00e9mico Cl\u00ednico envolvendo exclusivamente institui\u00e7\u00f5es privadas e do sector social, confirma-se o reconhecimento do nosso papel no desenvolvimento da investiga\u00e7\u00e3o cl\u00ednica e da inova\u00e7\u00e3o aliadas a uma pr\u00e1tica cl\u00ednica de excel\u00eancia, com o objetivo da obten\u00e7\u00e3o dos melhores resultados em sa\u00fade.<\/p>\n<p>J\u00e1 Isabel Vaz, CEO da Luz Sa\u00fade sublinha que \u201cem parceria com a UCP, o Hospital da Luz, enquanto hospital universit\u00e1rio, e o Hospital da Luz Learning Health, nas suas vertentes de forma\u00e7\u00e3o, investiga\u00e7\u00e3o e inova\u00e7\u00e3o, s\u00e3o hoje protagonistas de primeira linha na constru\u00e7\u00e3o dos profissionais de sa\u00fade do futuro\u201d.<\/p>\n<p>\u201c\u00c9 com elevado sentido de responsabilidade que a Rede de hospitais e cl\u00ednicas Hospital da Luz assume o compromisso de, atrav\u00e9s deste novo Centro Acad\u00e9mico Cl\u00ednico, continuar a promover uma s\u00f3lida investiga\u00e7\u00e3o cl\u00ednica e biom\u00e9dica que contribua de forma distintiva para o sistema de sa\u00fade, atrav\u00e9s da introdu\u00e7\u00e3o de novos standards assistenciais e de novas tecnologias de apoio \u00e0 presta\u00e7\u00e3o de cuidados\u201d, acrescenta Isabel Vaz.<\/p>\n<p>Sobre o CAC- Cat\u00f3lica Luz, Manuel Caldas de Almeida, vice-presidente da Uni\u00e3o das Miseric\u00f3rdias Portuguesas, refere que \u201ca UMP representa perto de 400 miseric\u00f3rdias com extensa \u00e1rea cl\u00ednica e assistencial, e a continuidade desta parceria, agora expressa no centro acad\u00e9mico cl\u00ednico, exprime a op\u00e7\u00e3o clara de ligar essa pr\u00e1tica ao ensino e investiga\u00e7\u00e3o, estrat\u00e9gia de promo\u00e7\u00e3o de recursos humanos especializados integrados numa cultura de excel\u00eancia\u201d.<\/p>\n<p>\u201cCom a matriz clara da nossa responsabilidade social o futuro ser\u00e1 obrigatoriamente constru\u00eddo com estas parcerias. Numa sociedade sempre com novos desafios n\u00e3o basta fazer o bem, temos de o fazer com qualidade e efici\u00eancia organizacional\u201d, conclui.<\/p>","protected":false},"excerpt":{"rendered":"<p>&#8220;The Cat\u00f3lica-Luz Clinical Academic Centre contains all the necessary elements to fulfil the mission of combining the efforts of teaching, research and medical care to improve the services provided to the population&#8221; Isabel Capeloa Gil, Rector of Universidade Cat\u00f3lica Portuguesa The newly created Cat\u00f3lica Luz Clinical Academic Centre, which has now been created, aims to [&hellip;]<\/p>\n","protected":false},"author":1,"featured_media":10998,"comment_status":"closed","ping_status":"closed","sticky":false,"template":"","format":"standard","meta":{"_acf_changed":false,"inline_featured_image":false,"footnotes":""},"categories":[63],"tags":[],"class_list":["post-354","post","type-post","status-publish","format-standard","has-post-thumbnail","hentry","category-article"],"acf":[],"yoast_head":"<!-- This site is optimized with the Yoast SEO plugin v27.5 - https:\/\/yoast.com\/product\/yoast-seo-wordpress\/ -->\n<title>CAC Cat\u00f3lica Luz<\/title>\n<meta name=\"description\" content=\"CAC Cat\u00f3lica Luz is the first non-governmental Clinical Academic Centre in Portugal, promoting innovation, research, and healthcare education in partnership with key institutions.\" \/>\n<meta name=\"robots\" content=\"index, follow, max-snippet:-1, max-image-preview:large, max-video-preview:-1\" \/>\n<link rel=\"canonical\" href=\"https:\/\/cac-cl.pt\/pt\/cac-catolica-luz-the-first-non-governmental-clinical-academic-centre-in-portugal-is-created\/\" \/>\n<meta property=\"og:locale\" content=\"pt_PT\" \/>\n<meta property=\"og:type\" content=\"article\" \/>\n<meta property=\"og:title\" content=\"CAC Cat\u00f3lica Luz\" \/>\n<meta property=\"og:description\" content=\"CAC Cat\u00f3lica Luz is the first non-governmental Clinical Academic Centre in Portugal, promoting innovation, research, and healthcare education in partnership with key institutions.\" \/>\n<meta property=\"og:url\" content=\"https:\/\/cac-cl.pt\/pt\/cac-catolica-luz-the-first-non-governmental-clinical-academic-centre-in-portugal-is-created\/\" \/>\n<meta property=\"og:site_name\" content=\"Centro Acad\u00e9mico Cl\u00ednico Cat\u00f3lica Luz (CAC-CL)\" \/>\n<meta property=\"article:published_time\" content=\"2022-03-25T09:32:27+00:00\" \/>\n<meta property=\"article:modified_time\" content=\"2025-07-28T10:36:09+00:00\" \/>\n<meta property=\"og:image\" content=\"https:\/\/cac-cl.pt\/wp-content\/uploads\/2024\/04\/453A0155-scaled.jpg\" \/>\n\t<meta property=\"og:image:width\" content=\"2560\" \/>\n\t<meta property=\"og:image:height\" content=\"1707\" \/>\n\t<meta property=\"og:image:type\" content=\"image\/jpeg\" \/>\n<meta name=\"author\" content=\"cacclpt\" \/>\n<meta name=\"twitter:card\" content=\"summary_large_image\" \/>\n<meta name=\"twitter:label1\" content=\"Escrito por\" \/>\n\t<meta name=\"twitter:data1\" content=\"cacclpt\" \/>\n\t<meta name=\"twitter:label2\" content=\"Tempo estimado de leitura\" \/>\n\t<meta name=\"twitter:data2\" content=\"4 minutos\" \/>\n<script type=\"application\/ld+json\" class=\"yoast-schema-graph\">{\"@context\":\"https:\\\/\\\/schema.org\",\"@graph\":[{\"@type\":\"Article\",\"@id\":\"https:\\\/\\\/cac-cl.pt\\\/cac-catolica-luz-the-first-non-governmental-clinical-academic-centre-in-portugal-is-created\\\/#article\",\"isPartOf\":{\"@id\":\"https:\\\/\\\/cac-cl.pt\\\/cac-catolica-luz-the-first-non-governmental-clinical-academic-centre-in-portugal-is-created\\\/\"},\"author\":{\"name\":\"cacclpt\",\"@id\":\"https:\\\/\\\/cac-cl.pt\\\/#\\\/schema\\\/person\\\/c09c41364ed1103a75086a2c00052975\"},\"headline\":\"CAC Cat\u00f3lica Luz. The first non-governmental Clinical Academic Centre in Portugal is created\",\"datePublished\":\"2022-03-25T09:32:27+00:00\",\"dateModified\":\"2025-07-28T10:36:09+00:00\",\"mainEntityOfPage\":{\"@id\":\"https:\\\/\\\/cac-cl.pt\\\/cac-catolica-luz-the-first-non-governmental-clinical-academic-centre-in-portugal-is-created\\\/\"},\"wordCount\":659,\"publisher\":{\"@id\":\"https:\\\/\\\/cac-cl.pt\\\/#organization\"},\"image\":{\"@id\":\"https:\\\/\\\/cac-cl.pt\\\/cac-catolica-luz-the-first-non-governmental-clinical-academic-centre-in-portugal-is-created\\\/#primaryimage\"},\"thumbnailUrl\":\"https:\\\/\\\/cac-cl.pt\\\/wp-content\\\/uploads\\\/2024\\\/04\\\/453A0155-scaled.jpg\",\"articleSection\":[\"Article\"],\"inLanguage\":\"pt-PT\"},{\"@type\":\"WebPage\",\"@id\":\"https:\\\/\\\/cac-cl.pt\\\/cac-catolica-luz-the-first-non-governmental-clinical-academic-centre-in-portugal-is-created\\\/\",\"url\":\"https:\\\/\\\/cac-cl.pt\\\/cac-catolica-luz-the-first-non-governmental-clinical-academic-centre-in-portugal-is-created\\\/\",\"name\":\"CAC Cat\u00f3lica Luz\",\"isPartOf\":{\"@id\":\"https:\\\/\\\/cac-cl.pt\\\/#website\"},\"primaryImageOfPage\":{\"@id\":\"https:\\\/\\\/cac-cl.pt\\\/cac-catolica-luz-the-first-non-governmental-clinical-academic-centre-in-portugal-is-created\\\/#primaryimage\"},\"image\":{\"@id\":\"https:\\\/\\\/cac-cl.pt\\\/cac-catolica-luz-the-first-non-governmental-clinical-academic-centre-in-portugal-is-created\\\/#primaryimage\"},\"thumbnailUrl\":\"https:\\\/\\\/cac-cl.pt\\\/wp-content\\\/uploads\\\/2024\\\/04\\\/453A0155-scaled.jpg\",\"datePublished\":\"2022-03-25T09:32:27+00:00\",\"dateModified\":\"2025-07-28T10:36:09+00:00\",\"description\":\"CAC Cat\u00f3lica Luz is the first non-governmental Clinical Academic Centre in Portugal, promoting innovation, research, and healthcare education in partnership with key institutions.\",\"breadcrumb\":{\"@id\":\"https:\\\/\\\/cac-cl.pt\\\/cac-catolica-luz-the-first-non-governmental-clinical-academic-centre-in-portugal-is-created\\\/#breadcrumb\"},\"inLanguage\":\"pt-PT\",\"potentialAction\":[{\"@type\":\"ReadAction\",\"target\":[\"https:\\\/\\\/cac-cl.pt\\\/cac-catolica-luz-the-first-non-governmental-clinical-academic-centre-in-portugal-is-created\\\/\"]}]},{\"@type\":\"ImageObject\",\"inLanguage\":\"pt-PT\",\"@id\":\"https:\\\/\\\/cac-cl.pt\\\/cac-catolica-luz-the-first-non-governmental-clinical-academic-centre-in-portugal-is-created\\\/#primaryimage\",\"url\":\"https:\\\/\\\/cac-cl.pt\\\/wp-content\\\/uploads\\\/2024\\\/04\\\/453A0155-scaled.jpg\",\"contentUrl\":\"https:\\\/\\\/cac-cl.pt\\\/wp-content\\\/uploads\\\/2024\\\/04\\\/453A0155-scaled.jpg\",\"width\":2560,\"height\":1707,\"caption\":\"CAC Cat\u00f3lica Luz. The first non-governmental Clinical Academic Centre in Portugal is created\"},{\"@type\":\"BreadcrumbList\",\"@id\":\"https:\\\/\\\/cac-cl.pt\\\/cac-catolica-luz-the-first-non-governmental-clinical-academic-centre-in-portugal-is-created\\\/#breadcrumb\",\"itemListElement\":[{\"@type\":\"ListItem\",\"position\":1,\"name\":\"In\u00edcio\",\"item\":\"https:\\\/\\\/cac-cl.pt\\\/\"},{\"@type\":\"ListItem\",\"position\":2,\"name\":\"CAC Cat\u00f3lica Luz. The first non-governmental Clinical Academic Centre in Portugal is created\"}]},{\"@type\":\"WebSite\",\"@id\":\"https:\\\/\\\/cac-cl.pt\\\/#website\",\"url\":\"https:\\\/\\\/cac-cl.pt\\\/\",\"name\":\"Centro Acad\u00e9mico Cl\u00ednico Cat\u00f3lica Luz (CAC-CL)\",\"description\":\"Centro Acad\u00e9mico Cl\u00ednico Cat\u00f3lica Luz\",\"publisher\":{\"@id\":\"https:\\\/\\\/cac-cl.pt\\\/#organization\"},\"alternateName\":\"CAC-CL\",\"potentialAction\":[{\"@type\":\"SearchAction\",\"target\":{\"@type\":\"EntryPoint\",\"urlTemplate\":\"https:\\\/\\\/cac-cl.pt\\\/?s={search_term_string}\"},\"query-input\":{\"@type\":\"PropertyValueSpecification\",\"valueRequired\":true,\"valueName\":\"search_term_string\"}}],\"inLanguage\":\"pt-PT\"},{\"@type\":\"Organization\",\"@id\":\"https:\\\/\\\/cac-cl.pt\\\/#organization\",\"name\":\"Centro Acad\u00e9mico Cl\u00ednico Cat\u00f3lica Luz (CAC-CL)\",\"alternateName\":\"CAC-CL\",\"url\":\"https:\\\/\\\/cac-cl.pt\\\/\",\"logo\":{\"@type\":\"ImageObject\",\"inLanguage\":\"pt-PT\",\"@id\":\"https:\\\/\\\/cac-cl.pt\\\/#\\\/schema\\\/logo\\\/image\\\/\",\"url\":\"https:\\\/\\\/cac-cl.pt\\\/wp-content\\\/uploads\\\/2024\\\/04\\\/cropped-CAC_Logotipo_Principal_Positivo-e1712844263631.png\",\"contentUrl\":\"https:\\\/\\\/cac-cl.pt\\\/wp-content\\\/uploads\\\/2024\\\/04\\\/cropped-CAC_Logotipo_Principal_Positivo-e1712844263631.png\",\"width\":2249,\"height\":1409,\"caption\":\"Centro Acad\u00e9mico Cl\u00ednico Cat\u00f3lica Luz (CAC-CL)\"},\"image\":{\"@id\":\"https:\\\/\\\/cac-cl.pt\\\/#\\\/schema\\\/logo\\\/image\\\/\"},\"sameAs\":[\"https:\\\/\\\/www.linkedin.com\\\/company\\\/caolica-luz-cac\\\/\",\"https:\\\/\\\/www.instagram.com\\\/caccl.pt\\\/\",\"https:\\\/\\\/pt.pinterest.com\\\/catolicaluz\\\/\"]},{\"@type\":\"Person\",\"@id\":\"https:\\\/\\\/cac-cl.pt\\\/#\\\/schema\\\/person\\\/c09c41364ed1103a75086a2c00052975\",\"name\":\"cacclpt\",\"image\":{\"@type\":\"ImageObject\",\"inLanguage\":\"pt-PT\",\"@id\":\"https:\\\/\\\/secure.gravatar.com\\\/avatar\\\/e62818874125131105711e60ec6e0aabbb8b357c5c5100eca07aa1e9a256d55d?s=96&d=mm&r=g\",\"url\":\"https:\\\/\\\/secure.gravatar.com\\\/avatar\\\/e62818874125131105711e60ec6e0aabbb8b357c5c5100eca07aa1e9a256d55d?s=96&d=mm&r=g\",\"contentUrl\":\"https:\\\/\\\/secure.gravatar.com\\\/avatar\\\/e62818874125131105711e60ec6e0aabbb8b357c5c5100eca07aa1e9a256d55d?s=96&d=mm&r=g\",\"caption\":\"cacclpt\"},\"sameAs\":[\"https:\\\/\\\/cac-cl.pt\"],\"url\":\"https:\\\/\\\/cac-cl.pt\\\/pt\\\/author\\\/cacclpt1\\\/\"}]}<\/script>\n<!-- \/ Yoast SEO plugin. -->","yoast_head_json":{"title":"CAC Cat\u00f3lica Luz","description":"CAC Cat\u00f3lica Luz is the first non-governmental Clinical Academic Centre in Portugal, promoting innovation, research, and healthcare education in partnership with key institutions.","robots":{"index":"index","follow":"follow","max-snippet":"max-snippet:-1","max-image-preview":"max-image-preview:large","max-video-preview":"max-video-preview:-1"},"canonical":"https:\/\/cac-cl.pt\/pt\/cac-catolica-luz-the-first-non-governmental-clinical-academic-centre-in-portugal-is-created\/","og_locale":"pt_PT","og_type":"article","og_title":"CAC Cat\u00f3lica Luz","og_description":"CAC Cat\u00f3lica Luz is the first non-governmental Clinical Academic Centre in Portugal, promoting innovation, research, and healthcare education in partnership with key institutions.","og_url":"https:\/\/cac-cl.pt\/pt\/cac-catolica-luz-the-first-non-governmental-clinical-academic-centre-in-portugal-is-created\/","og_site_name":"Centro Acad\u00e9mico Cl\u00ednico Cat\u00f3lica Luz (CAC-CL)","article_published_time":"2022-03-25T09:32:27+00:00","article_modified_time":"2025-07-28T10:36:09+00:00","og_image":[{"width":2560,"height":1707,"url":"https:\/\/cac-cl.pt\/wp-content\/uploads\/2024\/04\/453A0155-scaled.jpg","type":"image\/jpeg"}],"author":"cacclpt","twitter_card":"summary_large_image","twitter_misc":{"Escrito por":"cacclpt","Tempo estimado de leitura":"4 minutos"},"schema":{"@context":"https:\/\/schema.org","@graph":[{"@type":"Article","@id":"https:\/\/cac-cl.pt\/cac-catolica-luz-the-first-non-governmental-clinical-academic-centre-in-portugal-is-created\/#article","isPartOf":{"@id":"https:\/\/cac-cl.pt\/cac-catolica-luz-the-first-non-governmental-clinical-academic-centre-in-portugal-is-created\/"},"author":{"name":"cacclpt","@id":"https:\/\/cac-cl.pt\/#\/schema\/person\/c09c41364ed1103a75086a2c00052975"},"headline":"CAC Cat\u00f3lica Luz. The first non-governmental Clinical Academic Centre in Portugal is created","datePublished":"2022-03-25T09:32:27+00:00","dateModified":"2025-07-28T10:36:09+00:00","mainEntityOfPage":{"@id":"https:\/\/cac-cl.pt\/cac-catolica-luz-the-first-non-governmental-clinical-academic-centre-in-portugal-is-created\/"},"wordCount":659,"publisher":{"@id":"https:\/\/cac-cl.pt\/#organization"},"image":{"@id":"https:\/\/cac-cl.pt\/cac-catolica-luz-the-first-non-governmental-clinical-academic-centre-in-portugal-is-created\/#primaryimage"},"thumbnailUrl":"https:\/\/cac-cl.pt\/wp-content\/uploads\/2024\/04\/453A0155-scaled.jpg","articleSection":["Article"],"inLanguage":"pt-PT"},{"@type":"WebPage","@id":"https:\/\/cac-cl.pt\/cac-catolica-luz-the-first-non-governmental-clinical-academic-centre-in-portugal-is-created\/","url":"https:\/\/cac-cl.pt\/cac-catolica-luz-the-first-non-governmental-clinical-academic-centre-in-portugal-is-created\/","name":"CAC Cat\u00f3lica Luz","isPartOf":{"@id":"https:\/\/cac-cl.pt\/#website"},"primaryImageOfPage":{"@id":"https:\/\/cac-cl.pt\/cac-catolica-luz-the-first-non-governmental-clinical-academic-centre-in-portugal-is-created\/#primaryimage"},"image":{"@id":"https:\/\/cac-cl.pt\/cac-catolica-luz-the-first-non-governmental-clinical-academic-centre-in-portugal-is-created\/#primaryimage"},"thumbnailUrl":"https:\/\/cac-cl.pt\/wp-content\/uploads\/2024\/04\/453A0155-scaled.jpg","datePublished":"2022-03-25T09:32:27+00:00","dateModified":"2025-07-28T10:36:09+00:00","description":"CAC Cat\u00f3lica Luz is the first non-governmental Clinical Academic Centre in Portugal, promoting innovation, research, and healthcare education in partnership with key institutions.","breadcrumb":{"@id":"https:\/\/cac-cl.pt\/cac-catolica-luz-the-first-non-governmental-clinical-academic-centre-in-portugal-is-created\/#breadcrumb"},"inLanguage":"pt-PT","potentialAction":[{"@type":"ReadAction","target":["https:\/\/cac-cl.pt\/cac-catolica-luz-the-first-non-governmental-clinical-academic-centre-in-portugal-is-created\/"]}]},{"@type":"ImageObject","inLanguage":"pt-PT","@id":"https:\/\/cac-cl.pt\/cac-catolica-luz-the-first-non-governmental-clinical-academic-centre-in-portugal-is-created\/#primaryimage","url":"https:\/\/cac-cl.pt\/wp-content\/uploads\/2024\/04\/453A0155-scaled.jpg","contentUrl":"https:\/\/cac-cl.pt\/wp-content\/uploads\/2024\/04\/453A0155-scaled.jpg","width":2560,"height":1707,"caption":"CAC Cat\u00f3lica Luz. The first non-governmental Clinical Academic Centre in Portugal is created"},{"@type":"BreadcrumbList","@id":"https:\/\/cac-cl.pt\/cac-catolica-luz-the-first-non-governmental-clinical-academic-centre-in-portugal-is-created\/#breadcrumb","itemListElement":[{"@type":"ListItem","position":1,"name":"In\u00edcio","item":"https:\/\/cac-cl.pt\/"},{"@type":"ListItem","position":2,"name":"CAC Cat\u00f3lica Luz. The first non-governmental Clinical Academic Centre in Portugal is created"}]},{"@type":"WebSite","@id":"https:\/\/cac-cl.pt\/#website","url":"https:\/\/cac-cl.pt\/","name":"Centro Acad\u00e9mico Cl\u00ednico Cat\u00f3lica Luz (CAC-CL)","description":"Centro Acad\u00e9mico Cl\u00ednico Cat\u00f3lica Luz","publisher":{"@id":"https:\/\/cac-cl.pt\/#organization"},"alternateName":"CAC-CL","potentialAction":[{"@type":"SearchAction","target":{"@type":"EntryPoint","urlTemplate":"https:\/\/cac-cl.pt\/?s={search_term_string}"},"query-input":{"@type":"PropertyValueSpecification","valueRequired":true,"valueName":"search_term_string"}}],"inLanguage":"pt-PT"},{"@type":"Organization","@id":"https:\/\/cac-cl.pt\/#organization","name":"Centro Acad\u00e9mico Cl\u00ednico Cat\u00f3lica Luz (CAC-CL)","alternateName":"CAC-CL","url":"https:\/\/cac-cl.pt\/","logo":{"@type":"ImageObject","inLanguage":"pt-PT","@id":"https:\/\/cac-cl.pt\/#\/schema\/logo\/image\/","url":"https:\/\/cac-cl.pt\/wp-content\/uploads\/2024\/04\/cropped-CAC_Logotipo_Principal_Positivo-e1712844263631.png","contentUrl":"https:\/\/cac-cl.pt\/wp-content\/uploads\/2024\/04\/cropped-CAC_Logotipo_Principal_Positivo-e1712844263631.png","width":2249,"height":1409,"caption":"Centro Acad\u00e9mico Cl\u00ednico Cat\u00f3lica Luz (CAC-CL)"},"image":{"@id":"https:\/\/cac-cl.pt\/#\/schema\/logo\/image\/"},"sameAs":["https:\/\/www.linkedin.com\/company\/caolica-luz-cac\/","https:\/\/www.instagram.com\/caccl.pt\/","https:\/\/pt.pinterest.com\/catolicaluz\/"]},{"@type":"Person","@id":"https:\/\/cac-cl.pt\/#\/schema\/person\/c09c41364ed1103a75086a2c00052975","name":"cacclpt","image":{"@type":"ImageObject","inLanguage":"pt-PT","@id":"https:\/\/secure.gravatar.com\/avatar\/e62818874125131105711e60ec6e0aabbb8b357c5c5100eca07aa1e9a256d55d?s=96&d=mm&r=g","url":"https:\/\/secure.gravatar.com\/avatar\/e62818874125131105711e60ec6e0aabbb8b357c5c5100eca07aa1e9a256d55d?s=96&d=mm&r=g","contentUrl":"https:\/\/secure.gravatar.com\/avatar\/e62818874125131105711e60ec6e0aabbb8b357c5c5100eca07aa1e9a256d55d?s=96&d=mm&r=g","caption":"cacclpt"},"sameAs":["https:\/\/cac-cl.pt"],"url":"https:\/\/cac-cl.pt\/pt\/author\/cacclpt1\/"}]}},"_links":{"self":[{"href":"https:\/\/cac-cl.pt\/pt\/wp-json\/wp\/v2\/posts\/354","targetHints":{"allow":["GET"]}}],"collection":[{"href":"https:\/\/cac-cl.pt\/pt\/wp-json\/wp\/v2\/posts"}],"about":[{"href":"https:\/\/cac-cl.pt\/pt\/wp-json\/wp\/v2\/types\/post"}],"author":[{"embeddable":true,"href":"https:\/\/cac-cl.pt\/pt\/wp-json\/wp\/v2\/users\/1"}],"replies":[{"embeddable":true,"href":"https:\/\/cac-cl.pt\/pt\/wp-json\/wp\/v2\/comments?post=354"}],"version-history":[{"count":11,"href":"https:\/\/cac-cl.pt\/pt\/wp-json\/wp\/v2\/posts\/354\/revisions"}],"predecessor-version":[{"id":13519,"href":"https:\/\/cac-cl.pt\/pt\/wp-json\/wp\/v2\/posts\/354\/revisions\/13519"}],"wp:featuredmedia":[{"embeddable":true,"href":"https:\/\/cac-cl.pt\/pt\/wp-json\/wp\/v2\/media\/10998"}],"wp:attachment":[{"href":"https:\/\/cac-cl.pt\/pt\/wp-json\/wp\/v2\/media?parent=354"}],"wp:term":[{"taxonomy":"category","embeddable":true,"href":"https:\/\/cac-cl.pt\/pt\/wp-json\/wp\/v2\/categories?post=354"},{"taxonomy":"post_tag","embeddable":true,"href":"https:\/\/cac-cl.pt\/pt\/wp-json\/wp\/v2\/tags?post=354"}],"curies":[{"name":"wp","href":"https:\/\/api.w.org\/{rel}","templated":true}]}}